{"id":1023,"date":"2020-12-12T19:07:42","date_gmt":"2020-12-12T18:07:42","guid":{"rendered":"https:\/\/beuel-mirecourt.eu\/WP\/?p=1023"},"modified":"2021-01-14T07:40:41","modified_gmt":"2021-01-14T06:40:41","slug":"salades-des-lentilles-et-de-la-mangue","status":"publish","type":"post","link":"https:\/\/beuel-mirecourt.eu\/WP\/fr\/salades-des-lentilles-et-de-la-mangue\/","title":{"rendered":"Salades des lentilles et de la mangue"},"content":{"rendered":"\t\t<div data-elementor-type=\"wp-post\" data-elementor-id=\"1023\" class=\"elementor elementor-1023\" data-elementor-post-type=\"post\">\n\t\t\t\t\t\t<section class=\"elementor-section elementor-top-section elementor-element elementor-element-988e710 elementor-section-boxed elementor-section-height-default elementor-section-height-default\" data-id=\"988e710\" data-element_type=\"section\">\n\t\t\t\t\t\t<div class=\"elementor-container elementor-column-gap-default\">\n\t\t\t\t\t<div class=\"elementor-column elementor-col-100 elementor-top-column elementor-element elementor-element-27b0b20\" data-id=\"27b0b20\" data-element_type=\"column\">\n\t\t\t<div class=\"elementor-widget-wrap elementor-element-populated\">\n\t\t\t\t\t\t<div class=\"elementor-element elementor-element-af80542 elementor-widget elementor-widget-text-editor\" data-id=\"af80542\" data-element_type=\"widget\" data-widget_type=\"text-editor.default\">\n\t\t\t\t<div class=\"elementor-widget-container\">\n\t\t\t\t\t\t\t\t\t<p>4 personnes<\/p><p><strong>Temps de pr\u00e9paration<\/strong><\/p><p>15 min<\/p><h1>Salade<\/h1><p>2 bo\u00eetes de lentilles avec de l&#8217;herbe potag\u00e8re, 180 g Feta (du fromage grec), 4 echalottes<\/p><p>4 c\u00e9llerie-branches, 100 g de la mangue fra\u00eeche<\/p><p>Peut-\u00eatre 2 tomates fra\u00eeches<\/p><h1>Dip de la menthe\u00a0<\/h1><p>250 g yaourt<\/p><p>sel et poivre au go\u00fbt<\/p><p>de la menthe hach\u00e9e<\/p><p>jus de citron<\/p><h1>Vinaigrette<\/h1><p>vinaigre balsamique, 2 c \u00e0 soupe huile d&#8217;olive, 1 c \u00e0 th\u00e9 du moutarde<\/p><p>sel et poivre au go\u00fbt<\/p><p>miel<\/p><p>jus de citron<\/p><p>\u00a0<\/p><p>Melli vous souhaite bon ap\u00e9tit<\/p>\t\t\t\t\t\t\t\t<\/div>\n\t\t\t\t<\/div>\n\t\t\t\t<div class=\"elementor-element elementor-element-d90d26a elementor-widget elementor-widget-image\" data-id=\"d90d26a\" data-element_type=\"widget\" data-widget_type=\"image.default\">\n\t\t\t\t<div class=\"elementor-widget-container\">\n\t\t\t\t\t\t\t\t\t\t\t\t\t\t\t<img fetchpriority=\"high\" decoding=\"async\" width=\"300\" height=\"169\" src=\"https:\/\/beuel-mirecourt.eu\/WP\/wp-content\/uploads\/2020\/12\/Linsensalat-300x169.jpg\" class=\"attachment-medium size-medium wp-image-1020\" alt=\"\" srcset=\"https:\/\/beuel-mirecourt.eu\/WP\/wp-content\/uploads\/2020\/12\/Linsensalat-300x169.jpg 300w, https:\/\/beuel-mirecourt.eu\/WP\/wp-content\/uploads\/2020\/12\/Linsensalat-1024x576.jpg 1024w, https:\/\/beuel-mirecourt.eu\/WP\/wp-content\/uploads\/2020\/12\/Linsensalat-768x432.jpg 768w, https:\/\/beuel-mirecourt.eu\/WP\/wp-content\/uploads\/2020\/12\/Linsensalat.jpg 1200w\" sizes=\"(max-width: 300px) 100vw, 300px\" \/>\t\t\t\t\t\t\t\t\t\t\t\t\t\t\t<\/div>\n\t\t\t\t<\/div>\n\t\t\t\t\t<\/div>\n\t\t<\/div>\n\t\t\t\t\t<\/div>\n\t\t<\/section>\n\t\t\t\t<\/div>\n\t\t","protected":false},"excerpt":{"rendered":"<p>4 personnes Temps de pr\u00e9paration 15 min Salade 2 bo\u00eetes de lentilles avec de l&#8217;herbe potag\u00e8re, 180 g Feta (du fromage grec), 4 echalottes 4 c\u00e9llerie-branches, 100 g de la mangue fra\u00eeche Peut-\u00eatre 2 tomates fra\u00eeches Dip de la menthe\u00a0 250 g yaourt sel et poivre au go\u00fbt de la menthe hach\u00e9e jus de citron [&hellip;]<\/p>\n","protected":false},"author":2,"featured_media":0,"comment_status":"closed","ping_status":"open","sticky":false,"template":"","format":"standard","meta":{"footnotes":""},"categories":[54],"tags":[],"class_list":["post-1023","post","type-post","status-publish","format-standard","hentry","category-recettes"],"_links":{"self":[{"href":"https:\/\/beuel-mirecourt.eu\/WP\/wp-json\/wp\/v2\/posts\/1023","targetHints":{"allow":["GET"]}}],"collection":[{"href":"https:\/\/beuel-mirecourt.eu\/WP\/wp-json\/wp\/v2\/posts"}],"about":[{"href":"https:\/\/beuel-mirecourt.eu\/WP\/wp-json\/wp\/v2\/types\/post"}],"author":[{"embeddable":true,"href":"https:\/\/beuel-mirecourt.eu\/WP\/wp-json\/wp\/v2\/users\/2"}],"replies":[{"embeddable":true,"href":"https:\/\/beuel-mirecourt.eu\/WP\/wp-json\/wp\/v2\/comments?post=1023"}],"version-history":[{"count":7,"href":"https:\/\/beuel-mirecourt.eu\/WP\/wp-json\/wp\/v2\/posts\/1023\/revisions"}],"predecessor-version":[{"id":1734,"href":"https:\/\/beuel-mirecourt.eu\/WP\/wp-json\/wp\/v2\/posts\/1023\/revisions\/1734"}],"wp:attachment":[{"href":"https:\/\/beuel-mirecourt.eu\/WP\/wp-json\/wp\/v2\/media?parent=1023"}],"wp:term":[{"taxonomy":"category","embeddable":true,"href":"https:\/\/beuel-mirecourt.eu\/WP\/wp-json\/wp\/v2\/categories?post=1023"},{"taxonomy":"post_tag","embeddable":true,"href":"https:\/\/beuel-mirecourt.eu\/WP\/wp-json\/wp\/v2\/tags?post=1023"}],"curies":[{"name":"wp","href":"https:\/\/api.w.org\/{rel}","templated":true}]}}