{"id":1027,"date":"2020-12-12T20:21:29","date_gmt":"2020-12-12T19:21:29","guid":{"rendered":"https:\/\/beuel-mirecourt.eu\/WP\/?p=1027"},"modified":"2021-01-14T07:40:37","modified_gmt":"2021-01-14T06:40:37","slug":"biscuits-des-cereales","status":"publish","type":"post","link":"https:\/\/beuel-mirecourt.eu\/WP\/fr\/biscuits-des-cereales\/","title":{"rendered":"Biscuits des c\u00e9r\u00e9ales"},"content":{"rendered":"\t\t<div data-elementor-type=\"wp-post\" data-elementor-id=\"1027\" class=\"elementor elementor-1027\" data-elementor-post-type=\"post\">\n\t\t\t\t\t\t<section class=\"elementor-section elementor-top-section elementor-element elementor-element-c357541 elementor-section-boxed elementor-section-height-default elementor-section-height-default\" data-id=\"c357541\" data-element_type=\"section\">\n\t\t\t\t\t\t<div class=\"elementor-container elementor-column-gap-default\">\n\t\t\t\t\t<div class=\"elementor-column elementor-col-100 elementor-top-column elementor-element elementor-element-b784f02\" data-id=\"b784f02\" data-element_type=\"column\">\n\t\t\t<div class=\"elementor-widget-wrap elementor-element-populated\">\n\t\t\t\t\t\t<div class=\"elementor-element elementor-element-e7fde12 elementor-widget elementor-widget-text-editor\" data-id=\"e7fde12\" data-element_type=\"widget\" data-widget_type=\"text-editor.default\">\n\t\t\t\t<div class=\"elementor-widget-container\">\n\t\t\t\t\t\t\t\t\t<p>Helmut Dierks, notre president de randonn\u00e9es, adore des biscuits avec des c\u00e9r\u00e9ales fins ou croquants et du chocolat. C\u2019est un r\u00e9gale et les biscuits ont en plus des ingredients qui sont bon pour la sant\u00e9.<\/p><p>Alors ils faut les apporter pour les randonn\u00e9es comme les \u201cB\u00fctzchen\u201d de la r\u00e9gion du Rheinland ou les bises en fran\u00e7ais!<\/p><p><strong>\u00a0<\/strong>Ingr\u00e9dients :<\/p><table style=\"height: 666px;\" width=\"301\"><tbody><tr><td width=\"159\"><ul><li>Beurre<\/li><\/ul><\/td><td width=\"159\"><p>100 g<\/p><\/td><\/tr><tr><td width=\"159\"><ul><li>du sucre brun<\/li><\/ul><\/td><td width=\"159\"><p>120 g<\/p><\/td><\/tr><tr><td width=\"159\"><ul><li>Sel<\/li><\/ul><\/td><td width=\"159\"><p>1 prise<\/p><\/td><\/tr><tr><td width=\"159\"><ul><li>de l\u2019eau chaude<\/li><\/ul><\/td><td width=\"159\"><p>1 c \u00e0 soupe<\/p><\/td><\/tr><tr><td width=\"159\"><ul><li>\u0153uf<\/li><\/ul><\/td><td width=\"159\"><p>1<\/p><\/td><\/tr><tr><td width=\"159\"><ul><li>Farine int\u00e9grale<\/li><\/ul><\/td><td width=\"159\"><p>100 g<\/p><\/td><\/tr><tr><td width=\"159\"><ul><li>Levure en poudre<\/li><\/ul><\/td><td width=\"159\"><p>1 c \u00e0 th\u00e9<\/p><\/td><\/tr><tr><td width=\"159\"><ul><li>C\u00e9r\u00e9ales<\/li><\/ul><\/td><td width=\"159\"><p>120 g<\/p><\/td><\/tr><tr><td width=\"159\"><ul><li>Amande hach\u00e9es<\/li><\/ul><\/td><td width=\"159\"><p>100 g<\/p><\/td><\/tr><tr><td width=\"159\"><ul><li>Chocolat couverture noir<\/li><\/ul><\/td><td width=\"159\"><p>200 g<\/p><\/td><\/tr><\/tbody><\/table><ul><li>Pr\u00e9paration:<\/li><\/ul><ol><li>M\u00e9langer du beurre, du sucre, de l\u2019eau et du sel<\/li><li>Ajouter de la farine et levure en poudre, les amandes et les c\u00e9r\u00e9ales<\/li><li>Pr\u00e9chauffage \u00e0 175 degr\u00e9s.<\/li><li>Hacher gros le chocolat et ajouter dans la p\u00e2te<\/li><li>Prenez avec une cuilli\u00e8re \u00e0 the des petites portions et mettez la p\u00e2te sur une plaque de four couverte avec un papier de cuisson .<\/li><li>15 min au four<\/li><\/ol><ul><li>Bon app\u00e9tit!<\/li><\/ul>\t\t\t\t\t\t\t\t<\/div>\n\t\t\t\t<\/div>\n\t\t\t\t\t<\/div>\n\t\t<\/div>\n\t\t\t\t\t<\/div>\n\t\t<\/section>\n\t\t\t\t<section class=\"elementor-section elementor-top-section elementor-element elementor-element-43feefb elementor-section-boxed elementor-section-height-default elementor-section-height-default\" data-id=\"43feefb\" data-element_type=\"section\">\n\t\t\t\t\t\t<div class=\"elementor-container elementor-column-gap-default\">\n\t\t\t\t\t<div class=\"elementor-column elementor-col-100 elementor-top-column elementor-element elementor-element-cd82208\" data-id=\"cd82208\" data-element_type=\"column\">\n\t\t\t<div class=\"elementor-widget-wrap elementor-element-populated\">\n\t\t\t\t\t\t<div class=\"elementor-element elementor-element-fa3082e elementor-widget elementor-widget-image\" data-id=\"fa3082e\" data-element_type=\"widget\" data-widget_type=\"image.default\">\n\t\t\t\t<div class=\"elementor-widget-container\">\n\t\t\t\t\t\t\t\t\t\t\t\t\t\t\t<img fetchpriority=\"high\" decoding=\"async\" width=\"768\" height=\"895\" src=\"https:\/\/beuel-mirecourt.eu\/WP\/wp-content\/uploads\/2020\/12\/haferplaetzchen-768x895.jpg\" class=\"attachment-medium_large size-medium_large wp-image-1029\" alt=\"\" srcset=\"https:\/\/beuel-mirecourt.eu\/WP\/wp-content\/uploads\/2020\/12\/haferplaetzchen-768x895.jpg 768w, https:\/\/beuel-mirecourt.eu\/WP\/wp-content\/uploads\/2020\/12\/haferplaetzchen-258x300.jpg 258w, https:\/\/beuel-mirecourt.eu\/WP\/wp-content\/uploads\/2020\/12\/haferplaetzchen-879x1024.jpg 879w, https:\/\/beuel-mirecourt.eu\/WP\/wp-content\/uploads\/2020\/12\/haferplaetzchen.jpg 1030w\" sizes=\"(max-width: 768px) 100vw, 768px\" \/>\t\t\t\t\t\t\t\t\t\t\t\t\t\t\t<\/div>\n\t\t\t\t<\/div>\n\t\t\t\t\t<\/div>\n\t\t<\/div>\n\t\t\t\t\t<\/div>\n\t\t<\/section>\n\t\t\t\t<\/div>\n\t\t","protected":false},"excerpt":{"rendered":"<p>Helmut Dierks, notre president de randonn\u00e9es, adore des biscuits avec des c\u00e9r\u00e9ales fins ou croquants et du chocolat. C\u2019est un r\u00e9gale et les biscuits ont en plus des ingredients qui sont bon pour la sant\u00e9. Alors ils faut les apporter pour les randonn\u00e9es comme les \u201cB\u00fctzchen\u201d de la r\u00e9gion du Rheinland ou les bises en [&hellip;]<\/p>\n","protected":false},"author":2,"featured_media":0,"comment_status":"closed","ping_status":"open","sticky":false,"template":"","format":"standard","meta":{"footnotes":""},"categories":[54],"tags":[],"class_list":["post-1027","post","type-post","status-publish","format-standard","hentry","category-recettes"],"_links":{"self":[{"href":"https:\/\/beuel-mirecourt.eu\/WP\/wp-json\/wp\/v2\/posts\/1027","targetHints":{"allow":["GET"]}}],"collection":[{"href":"https:\/\/beuel-mirecourt.eu\/WP\/wp-json\/wp\/v2\/posts"}],"about":[{"href":"https:\/\/beuel-mirecourt.eu\/WP\/wp-json\/wp\/v2\/types\/post"}],"author":[{"embeddable":true,"href":"https:\/\/beuel-mirecourt.eu\/WP\/wp-json\/wp\/v2\/users\/2"}],"replies":[{"embeddable":true,"href":"https:\/\/beuel-mirecourt.eu\/WP\/wp-json\/wp\/v2\/comments?post=1027"}],"version-history":[{"count":8,"href":"https:\/\/beuel-mirecourt.eu\/WP\/wp-json\/wp\/v2\/posts\/1027\/revisions"}],"predecessor-version":[{"id":1731,"href":"https:\/\/beuel-mirecourt.eu\/WP\/wp-json\/wp\/v2\/posts\/1027\/revisions\/1731"}],"wp:attachment":[{"href":"https:\/\/beuel-mirecourt.eu\/WP\/wp-json\/wp\/v2\/media?parent=1027"}],"wp:term":[{"taxonomy":"category","embeddable":true,"href":"https:\/\/beuel-mirecourt.eu\/WP\/wp-json\/wp\/v2\/categories?post=1027"},{"taxonomy":"post_tag","embeddable":true,"href":"https:\/\/beuel-mirecourt.eu\/WP\/wp-json\/wp\/v2\/tags?post=1027"}],"curies":[{"name":"wp","href":"https:\/\/api.w.org\/{rel}","templated":true}]}}