{"id":1039,"date":"2020-12-09T21:03:32","date_gmt":"2020-12-09T20:03:32","guid":{"rendered":"https:\/\/beuel-mirecourt.eu\/WP\/?p=1039"},"modified":"2021-01-24T17:46:04","modified_gmt":"2021-01-24T16:46:04","slug":"masque-pour-les-amis-a-beuel","status":"publish","type":"post","link":"https:\/\/beuel-mirecourt.eu\/WP\/fr\/masque-pour-les-amis-a-beuel\/","title":{"rendered":"Masque pour les amis \u00e0 Beuel"},"content":{"rendered":"\t\t<div data-elementor-type=\"wp-post\" data-elementor-id=\"1039\" class=\"elementor elementor-1039\" data-elementor-post-type=\"post\">\n\t\t\t\t\t\t<section class=\"elementor-section elementor-top-section elementor-element elementor-element-741f698 elementor-section-boxed elementor-section-height-default elementor-section-height-default\" data-id=\"741f698\" data-element_type=\"section\">\n\t\t\t\t\t\t<div class=\"elementor-container elementor-column-gap-default\">\n\t\t\t\t\t<div class=\"elementor-column elementor-col-100 elementor-top-column elementor-element elementor-element-7934cfa\" data-id=\"7934cfa\" data-element_type=\"column\">\n\t\t\t<div class=\"elementor-widget-wrap elementor-element-populated\">\n\t\t\t\t\t\t\t<\/div>\n\t\t<\/div>\n\t\t\t\t\t<\/div>\n\t\t<\/section>\n\t\t\t\t<section class=\"elementor-section elementor-top-section elementor-element elementor-element-a52742d elementor-section-boxed elementor-section-height-default elementor-section-height-default\" data-id=\"a52742d\" data-element_type=\"section\">\n\t\t\t\t\t\t<div class=\"elementor-container elementor-column-gap-default\">\n\t\t\t\t\t<div class=\"elementor-column elementor-col-100 elementor-top-column elementor-element elementor-element-c60565a\" data-id=\"c60565a\" data-element_type=\"column\">\n\t\t\t<div class=\"elementor-widget-wrap elementor-element-populated\">\n\t\t\t\t\t\t<div class=\"elementor-element elementor-element-a56fcae elementor-widget elementor-widget-text-editor\" data-id=\"a56fcae\" data-element_type=\"widget\" data-widget_type=\"text-editor.default\">\n\t\t\t\t<div class=\"elementor-widget-container\">\n\t\t\t\t\t\t\t\t\t<p>Nous pensons \u00e0 vous et sommes impatients de vous revoir!<\/p><p>En p\u00e9riode de pand\u00e9mie, comment montrer aux membres du comit\u00e9 de Beuel qu&#8217;ils nous manquent ? L&#8217;id\u00e9e est n\u00e9e au sein du bureau de notre comit\u00e9 et il a \u00e9t\u00e9 d\u00e9cid\u00e9 de faire don d&#8217;un masque de protection avec l\u2019embl\u00e8me du comit\u00e9 \u00e0 tous les membres de Beuel. D\u00e8s r\u00e9ception du colis fin novembre, les masques ont pu \u00eatre distribu\u00e9s. Certains ont \u00e9t\u00e9 envoy\u00e9s par courrier aux personnes un peu plus \u00e9loign\u00e9es. Mais la grande majorit\u00e9 a \u00e9t\u00e9 distribu\u00e9e personnellement par des membres du bureau. La r\u00e9action de nos membres a \u00e9t\u00e9 impressionnante ! Que ce soit lors d&#8217;une conversation personnelle devant la porte d&#8217;entr\u00e9e (en respectant les gestes barri\u00e8res), par mail ou par t\u00e9l\u00e9phone, tous ont \u00e9t\u00e9 enchant\u00e9s et heureux de ne pas \u00eatre oubli\u00e9s ! Ce petit geste est all\u00e9 droit au c\u0153ur des amis et acteurs de notre jumelage !<\/p>\t\t\t\t\t\t\t\t<\/div>\n\t\t\t\t<\/div>\n\t\t\t\t\t<\/div>\n\t\t<\/div>\n\t\t\t\t\t<\/div>\n\t\t<\/section>\n\t\t\t\t<section class=\"elementor-section elementor-top-section elementor-element elementor-element-fc60616 elementor-section-boxed elementor-section-height-default elementor-section-height-default\" data-id=\"fc60616\" data-element_type=\"section\">\n\t\t\t\t\t\t<div class=\"elementor-container elementor-column-gap-default\">\n\t\t\t\t\t<div class=\"elementor-column elementor-col-100 elementor-top-column elementor-element elementor-element-43f5b86\" data-id=\"43f5b86\" data-element_type=\"column\">\n\t\t\t<div class=\"elementor-widget-wrap elementor-element-populated\">\n\t\t\t\t\t\t<div class=\"elementor-element elementor-element-187dc54 elementor-widget elementor-widget-image\" data-id=\"187dc54\" data-element_type=\"widget\" data-widget_type=\"image.default\">\n\t\t\t\t<div class=\"elementor-widget-container\">\n\t\t\t\t\t\t\t\t\t\t\t\t\t\t\t<img fetchpriority=\"high\" decoding=\"async\" width=\"300\" height=\"225\" src=\"https:\/\/beuel-mirecourt.eu\/WP\/wp-content\/uploads\/2020\/12\/20201102_112808-300x225.jpg\" class=\"attachment-medium size-medium wp-image-966\" alt=\"\" srcset=\"https:\/\/beuel-mirecourt.eu\/WP\/wp-content\/uploads\/2020\/12\/20201102_112808-300x225.jpg 300w, https:\/\/beuel-mirecourt.eu\/WP\/wp-content\/uploads\/2020\/12\/20201102_112808-1024x768.jpg 1024w, https:\/\/beuel-mirecourt.eu\/WP\/wp-content\/uploads\/2020\/12\/20201102_112808-768x576.jpg 768w, https:\/\/beuel-mirecourt.eu\/WP\/wp-content\/uploads\/2020\/12\/20201102_112808-1536x1152.jpg 1536w, https:\/\/beuel-mirecourt.eu\/WP\/wp-content\/uploads\/2020\/12\/20201102_112808-2048x1536.jpg 2048w\" sizes=\"(max-width: 300px) 100vw, 300px\" \/>\t\t\t\t\t\t\t\t\t\t\t\t\t\t\t<\/div>\n\t\t\t\t<\/div>\n\t\t\t\t\t<\/div>\n\t\t<\/div>\n\t\t\t\t\t<\/div>\n\t\t<\/section>\n\t\t\t\t<\/div>\n\t\t","protected":false},"excerpt":{"rendered":"<p>Nous pensons \u00e0 vous et sommes impatients de vous revoir! En p\u00e9riode de pand\u00e9mie, comment montrer aux membres du comit\u00e9 de Beuel qu&#8217;ils nous manquent ? L&#8217;id\u00e9e est n\u00e9e au sein du bureau de notre comit\u00e9 et il a \u00e9t\u00e9 d\u00e9cid\u00e9 de faire don d&#8217;un masque de protection avec l\u2019embl\u00e8me du comit\u00e9 \u00e0 tous les [&hellip;]<\/p>\n","protected":false},"author":2,"featured_media":0,"comment_status":"closed","ping_status":"open","sticky":false,"template":"","format":"standard","meta":{"footnotes":""},"categories":[101,9],"tags":[],"class_list":["post-1039","post","type-post","status-publish","format-standard","hentry","category-2020-fr","category-general"],"_links":{"self":[{"href":"https:\/\/beuel-mirecourt.eu\/WP\/wp-json\/wp\/v2\/posts\/1039","targetHints":{"allow":["GET"]}}],"collection":[{"href":"https:\/\/beuel-mirecourt.eu\/WP\/wp-json\/wp\/v2\/posts"}],"about":[{"href":"https:\/\/beuel-mirecourt.eu\/WP\/wp-json\/wp\/v2\/types\/post"}],"author":[{"embeddable":true,"href":"https:\/\/beuel-mirecourt.eu\/WP\/wp-json\/wp\/v2\/users\/2"}],"replies":[{"embeddable":true,"href":"https:\/\/beuel-mirecourt.eu\/WP\/wp-json\/wp\/v2\/comments?post=1039"}],"version-history":[{"count":5,"href":"https:\/\/beuel-mirecourt.eu\/WP\/wp-json\/wp\/v2\/posts\/1039\/revisions"}],"predecessor-version":[{"id":1996,"href":"https:\/\/beuel-mirecourt.eu\/WP\/wp-json\/wp\/v2\/posts\/1039\/revisions\/1996"}],"wp:attachment":[{"href":"https:\/\/beuel-mirecourt.eu\/WP\/wp-json\/wp\/v2\/media?parent=1039"}],"wp:term":[{"taxonomy":"category","embeddable":true,"href":"https:\/\/beuel-mirecourt.eu\/WP\/wp-json\/wp\/v2\/categories?post=1039"},{"taxonomy":"post_tag","embeddable":true,"href":"https:\/\/beuel-mirecourt.eu\/WP\/wp-json\/wp\/v2\/tags?post=1039"}],"curies":[{"name":"wp","href":"https:\/\/api.w.org\/{rel}","templated":true}]}}