{"id":1072,"date":"2020-12-19T21:11:05","date_gmt":"2020-12-19T20:11:05","guid":{"rendered":"https:\/\/beuel-mirecourt.eu\/WP\/?p=1072"},"modified":"2021-01-14T07:42:59","modified_gmt":"2021-01-14T06:42:59","slug":"tarte-aux-myrtilles","status":"publish","type":"post","link":"https:\/\/beuel-mirecourt.eu\/WP\/fr\/tarte-aux-myrtilles\/","title":{"rendered":"Tarte aux myrtilles (dans les Vosges on dit: brimbelles)"},"content":{"rendered":"\t\t<div data-elementor-type=\"wp-post\" data-elementor-id=\"1072\" class=\"elementor elementor-1072\" data-elementor-post-type=\"post\">\n\t\t\t\t\t\t<section class=\"elementor-section elementor-top-section elementor-element elementor-element-988e710 elementor-section-boxed elementor-section-height-default elementor-section-height-default\" data-id=\"988e710\" data-element_type=\"section\">\n\t\t\t\t\t\t<div class=\"elementor-container elementor-column-gap-default\">\n\t\t\t\t\t<div class=\"elementor-column elementor-col-100 elementor-top-column elementor-element elementor-element-27b0b20\" data-id=\"27b0b20\" data-element_type=\"column\">\n\t\t\t<div class=\"elementor-widget-wrap elementor-element-populated\">\n\t\t\t\t\t\t<div class=\"elementor-element elementor-element-af80542 elementor-widget elementor-widget-text-editor\" data-id=\"af80542\" data-element_type=\"widget\" data-widget_type=\"text-editor.default\">\n\t\t\t\t<div class=\"elementor-widget-container\">\n\t\t\t\t\t\t\t\t\t<p>Recette d\u2019Andr\u00e9e Bastien<\/p><p>\u00a0<\/p><p>Ramasser les brimbelles dans les Vosges au mois de juillet et on peut faire une bonne tarte.<\/p><p>Mettre la p\u00e2te dans un plateau \u00e0 tarte et foncer l\u00e9g\u00e8remet au four<\/p><p>Garnir abondamment avec les fruits et remettre au four chaud<\/p><p>180 degr\u00e9s, 20 min<\/p><p>Apr\u00e8s surpoudre de sucre<\/p><p>Manger directement et apr\u00e8s on aura la langue bien noire!<\/p><p>\u00a0<\/p><p>Bon ap\u00e9tit!<\/p><p>\u00a0<\/p>\t\t\t\t\t\t\t\t<\/div>\n\t\t\t\t<\/div>\n\t\t\t\t<div class=\"elementor-element elementor-element-179d5e3 elementor-widget elementor-widget-image\" data-id=\"179d5e3\" data-element_type=\"widget\" data-widget_type=\"image.default\">\n\t\t\t\t<div class=\"elementor-widget-container\">\n\t\t\t\t\t\t\t\t\t\t\t\t\t\t\t<img fetchpriority=\"high\" decoding=\"async\" width=\"683\" height=\"1024\" src=\"https:\/\/beuel-mirecourt.eu\/WP\/wp-content\/uploads\/2020\/12\/DSC06767-2-683x1024.jpg\" class=\"attachment-large size-large wp-image-1059\" alt=\"\" srcset=\"https:\/\/beuel-mirecourt.eu\/WP\/wp-content\/uploads\/2020\/12\/DSC06767-2-683x1024.jpg 683w, https:\/\/beuel-mirecourt.eu\/WP\/wp-content\/uploads\/2020\/12\/DSC06767-2-200x300.jpg 200w, https:\/\/beuel-mirecourt.eu\/WP\/wp-content\/uploads\/2020\/12\/DSC06767-2-768x1152.jpg 768w, https:\/\/beuel-mirecourt.eu\/WP\/wp-content\/uploads\/2020\/12\/DSC06767-2.jpg 800w\" sizes=\"(max-width: 683px) 100vw, 683px\" \/>\t\t\t\t\t\t\t\t\t\t\t\t\t\t\t<\/div>\n\t\t\t\t<\/div>\n\t\t\t\t\t<\/div>\n\t\t<\/div>\n\t\t\t\t\t<\/div>\n\t\t<\/section>\n\t\t\t\t<\/div>\n\t\t","protected":false},"excerpt":{"rendered":"<p>Recette d\u2019Andr\u00e9e Bastien \u00a0 Ramasser les brimbelles dans les Vosges au mois de juillet et on peut faire une bonne tarte. Mettre la p\u00e2te dans un plateau \u00e0 tarte et foncer l\u00e9g\u00e8remet au four Garnir abondamment avec les fruits et remettre au four chaud 180 degr\u00e9s, 20 min Apr\u00e8s surpoudre de sucre Manger directement et [&hellip;]<\/p>\n","protected":false},"author":2,"featured_media":0,"comment_status":"closed","ping_status":"open","sticky":false,"template":"","format":"standard","meta":{"footnotes":""},"categories":[54],"tags":[],"class_list":["post-1072","post","type-post","status-publish","format-standard","hentry","category-recettes"],"_links":{"self":[{"href":"https:\/\/beuel-mirecourt.eu\/WP\/wp-json\/wp\/v2\/posts\/1072","targetHints":{"allow":["GET"]}}],"collection":[{"href":"https:\/\/beuel-mirecourt.eu\/WP\/wp-json\/wp\/v2\/posts"}],"about":[{"href":"https:\/\/beuel-mirecourt.eu\/WP\/wp-json\/wp\/v2\/types\/post"}],"author":[{"embeddable":true,"href":"https:\/\/beuel-mirecourt.eu\/WP\/wp-json\/wp\/v2\/users\/2"}],"replies":[{"embeddable":true,"href":"https:\/\/beuel-mirecourt.eu\/WP\/wp-json\/wp\/v2\/comments?post=1072"}],"version-history":[{"count":9,"href":"https:\/\/beuel-mirecourt.eu\/WP\/wp-json\/wp\/v2\/posts\/1072\/revisions"}],"predecessor-version":[{"id":1750,"href":"https:\/\/beuel-mirecourt.eu\/WP\/wp-json\/wp\/v2\/posts\/1072\/revisions\/1750"}],"wp:attachment":[{"href":"https:\/\/beuel-mirecourt.eu\/WP\/wp-json\/wp\/v2\/media?parent=1072"}],"wp:term":[{"taxonomy":"category","embeddable":true,"href":"https:\/\/beuel-mirecourt.eu\/WP\/wp-json\/wp\/v2\/categories?post=1072"},{"taxonomy":"post_tag","embeddable":true,"href":"https:\/\/beuel-mirecourt.eu\/WP\/wp-json\/wp\/v2\/tags?post=1072"}],"curies":[{"name":"wp","href":"https:\/\/api.w.org\/{rel}","templated":true}]}}