{"id":1282,"date":"2021-01-10T16:07:48","date_gmt":"2021-01-10T15:07:48","guid":{"rendered":"https:\/\/beuel-mirecourt.eu\/WP\/?p=1282"},"modified":"2021-01-24T17:55:16","modified_gmt":"2021-01-24T16:55:16","slug":"lucky-luke-2","status":"publish","type":"post","link":"https:\/\/beuel-mirecourt.eu\/WP\/lucky-luke-2\/","title":{"rendered":"Lucky Luke reist zwischen Beuel und Mirecourt hin und her\u200b"},"content":{"rendered":"\t\t<div data-elementor-type=\"wp-post\" data-elementor-id=\"1282\" class=\"elementor elementor-1282\" data-elementor-post-type=\"post\">\n\t\t\t\t\t\t<section class=\"elementor-section elementor-top-section elementor-element elementor-element-b9a4f37 elementor-section-boxed elementor-section-height-default elementor-section-height-default\" data-id=\"b9a4f37\" data-element_type=\"section\">\n\t\t\t\t\t\t<div class=\"elementor-container elementor-column-gap-default\">\n\t\t\t\t\t<div class=\"elementor-column elementor-col-100 elementor-top-column elementor-element elementor-element-3ee66a6\" data-id=\"3ee66a6\" data-element_type=\"column\">\n\t\t\t<div class=\"elementor-widget-wrap elementor-element-populated\">\n\t\t\t\t\t\t<div class=\"elementor-element elementor-element-d856f2b elementor-widget elementor-widget-text-editor\" data-id=\"d856f2b\" data-element_type=\"widget\" data-widget_type=\"text-editor.default\">\n\t\t\t\t<div class=\"elementor-widget-container\">\n\t\t\t\t\t\t\t\t\t<p>Kleine Projekte statt gro\u00dfer Veranstaltungen pr\u00e4gten das Jahr 2020. So gingen kurz vor Weihnachten drei franz\u00f6sische Ausgaben von Lucky Luke von Mirecourt auf Reise nach Beuel und umgekehrt, um in der jeweiligen st\u00e4dtischen Bibliothek den Nutzern zu Verf\u00fcgung zu stehen.<\/p><p>\u201eZun\u00e4chst haben wir gesehen, dass der aktuelle Lucky Luke (\u201eFackeln im Baumwollfeld\u201c) das Thema des Rassismus, was leider weit verbreitet ist, aufgreift\u201c, erkl\u00e4rte Regina Haunhorst, Vorsitzende des Partnerschaftskomitees Beuel-Mirecourt. Diese Comicserie ist laut Bernard Schmitt, dem Vorsitzenden des Komitees aus Mirecourt, in Frankreich sehr beliebt. Neben dem aktuellen Comic reisen nun auch die beiden Vorg\u00e4ngerhefte mit, einer davon spielt in Paris. Die deutschen Ausgaben werden vom Beueler Komitee bezahlt und stehen in Mirecourt Lesern zu Verf\u00fcgung, die sich in der \u201edeutschen Ecke\u201c in der Mirecourter Bibliothek umsehen. Die Bezirksb\u00fcrgermeisterin aus Beuel, Lara Mohn, hat alle B\u00e4nde mit einer pers\u00f6nlichen Widmung versehen, ebenso wie ihr Amtskollege Yves S\u00e9journ\u00e9 aus Mirecourt die franz\u00f6sisch sprachigen Ausgaben. Diese Ausgaben werden von dem dortigen Komitee finanziert und k\u00f6nnen dann in der Bonner Bibliothek gelesen werden. \u201eEs ist eine sch\u00f6ne Idee, weil jeder etwas gibt und gleichzeitig bekommt,\u201c beurteilte Lara Mohn diese Aktion. \u201eEs ist das Prinzip, auf dem diese deutsch-franz\u00f6sische Freundschaft basiert und was die beiden Komitees mit Leben ausf\u00fcllen.\u201c<\/p><p>Inzwischen sind die jeweiligen B\u00e4nde an ihrem Bestimmungsort angekommen und durch die aktuelle Pandemiesituation gehen die kleinen und leisen Schritte in 2021 weiter. Die Comicb\u00e4nde stehen den Nutzern zur Verf\u00fcgung, wenn die Bibliotheken wieder ge\u00f6ffnet werden k\u00f6nnen.<\/p>\t\t\t\t\t\t\t\t<\/div>\n\t\t\t\t<\/div>\n\t\t\t\t\t<\/div>\n\t\t<\/div>\n\t\t\t\t\t<\/div>\n\t\t<\/section>\n\t\t\t\t<section class=\"elementor-section elementor-top-section elementor-element elementor-element-54082f6 elementor-section-boxed elementor-section-height-default elementor-section-height-default\" data-id=\"54082f6\" data-element_type=\"section\">\n\t\t\t\t\t\t<div class=\"elementor-container elementor-column-gap-default\">\n\t\t\t\t\t<div class=\"elementor-column elementor-col-100 elementor-top-column elementor-element elementor-element-c7bf4a9\" data-id=\"c7bf4a9\" data-element_type=\"column\">\n\t\t\t<div class=\"elementor-widget-wrap elementor-element-populated\">\n\t\t\t\t\t\t<div class=\"elementor-element elementor-element-fc0d56d elementor-widget elementor-widget-gallery\" data-id=\"fc0d56d\" data-element_type=\"widget\" data-settings=\"{&quot;lazyload&quot;:&quot;yes&quot;,&quot;gallery_layout&quot;:&quot;grid&quot;,&quot;columns&quot;:4,&quot;columns_tablet&quot;:2,&quot;columns_mobile&quot;:1,&quot;gap&quot;:{&quot;unit&quot;:&quot;px&quot;,&quot;size&quot;:10,&quot;sizes&quot;:[]},&quot;gap_tablet&quot;:{&quot;unit&quot;:&quot;px&quot;,&quot;size&quot;:10,&quot;sizes&quot;:[]},&quot;gap_mobile&quot;:{&quot;unit&quot;:&quot;px&quot;,&quot;size&quot;:10,&quot;sizes&quot;:[]},&quot;link_to&quot;:&quot;file&quot;,&quot;aspect_ratio&quot;:&quot;3:2&quot;,&quot;overlay_background&quot;:&quot;yes&quot;,&quot;content_hover_animation&quot;:&quot;fade-in&quot;}\" data-widget_type=\"gallery.default\">\n\t\t\t\t<div class=\"elementor-widget-container\">\n\t\t\t\t\t\t\t<div class=\"elementor-gallery__container\">\n\t\t\t\t\t\t\t<a class=\"e-gallery-item elementor-gallery-item elementor-animated-content\" href=\"https:\/\/beuel-mirecourt.eu\/WP\/wp-content\/uploads\/2021\/01\/Lucky_luke_fr.jpg\" data-elementor-open-lightbox=\"yes\" data-elementor-lightbox-slideshow=\"fc0d56d\" data-elementor-lightbox-title=\"B\u00fcrgermeister Yves S\u00e9journ\u00e9 und Bernard Schmitt\" data-e-action-hash=\"#elementor-action%3Aaction%3Dlightbox%26settings%3DeyJpZCI6MTI3MywidXJsIjoiaHR0cHM6XC9cL2JldWVsLW1pcmVjb3VydC5ldVwvV1BcL3dwLWNvbnRlbnRcL3VwbG9hZHNcLzIwMjFcLzAxXC9MdWNreV9sdWtlX2ZyLmpwZyIsInNsaWRlc2hvdyI6ImZjMGQ1NmQifQ%3D%3D\">\n\t\t\t\t\t<div class=\"e-gallery-image elementor-gallery-item__image\" data-thumbnail=\"https:\/\/beuel-mirecourt.eu\/WP\/wp-content\/uploads\/2021\/01\/Lucky_luke_fr-270x300.jpg\" data-width=\"270\" data-height=\"300\" aria-label=\"\" role=\"img\" ><\/div>\n\t\t\t\t\t\t\t\t\t\t\t<div class=\"elementor-gallery-item__overlay\"><\/div>\n\t\t\t\t\t\t\t\t\t\t\t\t\t\t<\/a>\n\t\t\t\t\t\t\t<a class=\"e-gallery-item elementor-gallery-item elementor-animated-content\" href=\"https:\/\/beuel-mirecourt.eu\/WP\/wp-content\/uploads\/2021\/01\/DSC06752_1-2.jpg\" data-elementor-open-lightbox=\"yes\" data-elementor-lightbox-slideshow=\"fc0d56d\" data-elementor-lightbox-title=\"Thomas Fricke, Lara Mohn und Regina Haunhorst zeigen die 3 B\u00e4nde\" data-e-action-hash=\"#elementor-action%3Aaction%3Dlightbox%26settings%3DeyJpZCI6MTI3NCwidXJsIjoiaHR0cHM6XC9cL2JldWVsLW1pcmVjb3VydC5ldVwvV1BcL3dwLWNvbnRlbnRcL3VwbG9hZHNcLzIwMjFcLzAxXC9EU0MwNjc1Ml8xLTIuanBnIiwic2xpZGVzaG93IjoiZmMwZDU2ZCJ9\">\n\t\t\t\t\t<div class=\"e-gallery-image elementor-gallery-item__image\" data-thumbnail=\"https:\/\/beuel-mirecourt.eu\/WP\/wp-content\/uploads\/2021\/01\/DSC06752_1-2-300x212.jpg\" data-width=\"300\" data-height=\"212\" aria-label=\"\" role=\"img\" ><\/div>\n\t\t\t\t\t\t\t\t\t\t\t<div class=\"elementor-gallery-item__overlay\"><\/div>\n\t\t\t\t\t\t\t\t\t\t\t\t\t\t<\/a>\n\t\t\t\t\t\t\t<a class=\"e-gallery-item elementor-gallery-item elementor-animated-content\" href=\"https:\/\/beuel-mirecourt.eu\/WP\/wp-content\/uploads\/2021\/01\/DSC06761.jpg\" data-elementor-open-lightbox=\"yes\" data-elementor-lightbox-slideshow=\"fc0d56d\" data-elementor-lightbox-title=\"Bezirksb\u00fcrgermeisterin Lara Mohn signiert die Comics\" data-e-action-hash=\"#elementor-action%3Aaction%3Dlightbox%26settings%3DeyJpZCI6MTI3NSwidXJsIjoiaHR0cHM6XC9cL2JldWVsLW1pcmVjb3VydC5ldVwvV1BcL3dwLWNvbnRlbnRcL3VwbG9hZHNcLzIwMjFcLzAxXC9EU0MwNjc2MS5qcGciLCJzbGlkZXNob3ciOiJmYzBkNTZkIn0%3D\">\n\t\t\t\t\t<div class=\"e-gallery-image elementor-gallery-item__image\" data-thumbnail=\"https:\/\/beuel-mirecourt.eu\/WP\/wp-content\/uploads\/2021\/01\/DSC06761-200x300.jpg\" data-width=\"200\" data-height=\"300\" aria-label=\"\" role=\"img\" ><\/div>\n\t\t\t\t\t\t\t\t\t\t\t<div class=\"elementor-gallery-item__overlay\"><\/div>\n\t\t\t\t\t\t\t\t\t\t\t\t\t\t<\/a>\n\t\t\t\t\t<\/div>\n\t\t\t\t\t<\/div>\n\t\t\t\t<\/div>\n\t\t\t\t\t<\/div>\n\t\t<\/div>\n\t\t\t\t\t<\/div>\n\t\t<\/section>\n\t\t\t\t<\/div>\n\t\t","protected":false},"excerpt":{"rendered":"<p>Kleine Projekte statt gro\u00dfer Veranstaltungen pr\u00e4gten das Jahr 2020. So gingen kurz vor Weihnachten drei franz\u00f6sische Ausgaben von Lucky Luke von Mirecourt auf Reise nach Beuel und umgekehrt, um in der jeweiligen st\u00e4dtischen Bibliothek den Nutzern zu Verf\u00fcgung zu stehen. \u201eZun\u00e4chst haben wir gesehen, dass der aktuelle Lucky Luke (\u201eFackeln im Baumwollfeld\u201c) das Thema des [&hellip;]<\/p>\n","protected":false},"author":2,"featured_media":0,"comment_status":"closed","ping_status":"open","sticky":false,"template":"","format":"standard","meta":{"footnotes":""},"categories":[97,1],"tags":[],"class_list":["post-1282","post","type-post","status-publish","format-standard","hentry","category-97","category-allgemein"],"_links":{"self":[{"href":"https:\/\/beuel-mirecourt.eu\/WP\/wp-json\/wp\/v2\/posts\/1282","targetHints":{"allow":["GET"]}}],"collection":[{"href":"https:\/\/beuel-mirecourt.eu\/WP\/wp-json\/wp\/v2\/posts"}],"about":[{"href":"https:\/\/beuel-mirecourt.eu\/WP\/wp-json\/wp\/v2\/types\/post"}],"author":[{"embeddable":true,"href":"https:\/\/beuel-mirecourt.eu\/WP\/wp-json\/wp\/v2\/users\/2"}],"replies":[{"embeddable":true,"href":"https:\/\/beuel-mirecourt.eu\/WP\/wp-json\/wp\/v2\/comments?post=1282"}],"version-history":[{"count":14,"href":"https:\/\/beuel-mirecourt.eu\/WP\/wp-json\/wp\/v2\/posts\/1282\/revisions"}],"predecessor-version":[{"id":1571,"href":"https:\/\/beuel-mirecourt.eu\/WP\/wp-json\/wp\/v2\/posts\/1282\/revisions\/1571"}],"wp:attachment":[{"href":"https:\/\/beuel-mirecourt.eu\/WP\/wp-json\/wp\/v2\/media?parent=1282"}],"wp:term":[{"taxonomy":"category","embeddable":true,"href":"https:\/\/beuel-mirecourt.eu\/WP\/wp-json\/wp\/v2\/categories?post=1282"},{"taxonomy":"post_tag","embeddable":true,"href":"https:\/\/beuel-mirecourt.eu\/WP\/wp-json\/wp\/v2\/tags?post=1282"}],"curies":[{"name":"wp","href":"https:\/\/api.w.org\/{rel}","templated":true}]}}