{"id":1951,"date":"2021-01-20T14:05:46","date_gmt":"2021-01-20T13:05:46","guid":{"rendered":"https:\/\/beuel-mirecourt.eu\/WP\/?p=1951"},"modified":"2021-01-20T14:49:10","modified_gmt":"2021-01-20T13:49:10","slug":"das-partnerschaftskomitee-trauert-um-sein-langjaehriges-mitglied-will-breuers","status":"publish","type":"post","link":"https:\/\/beuel-mirecourt.eu\/WP\/das-partnerschaftskomitee-trauert-um-sein-langjaehriges-mitglied-will-breuers\/","title":{"rendered":"Das Partnerschaftskomitee trauert um sein langj\u00e4hriges Mitglied Will Breuers"},"content":{"rendered":"\t\t<div data-elementor-type=\"wp-post\" data-elementor-id=\"1951\" class=\"elementor elementor-1951\" data-elementor-post-type=\"post\">\n\t\t\t\t\t\t<section class=\"elementor-section elementor-top-section elementor-element elementor-element-69ddb70 elementor-section-boxed elementor-section-height-default elementor-section-height-default\" data-id=\"69ddb70\" data-element_type=\"section\">\n\t\t\t\t\t\t<div class=\"elementor-container elementor-column-gap-default\">\n\t\t\t\t\t<div class=\"elementor-column elementor-col-100 elementor-top-column elementor-element elementor-element-8648780\" data-id=\"8648780\" data-element_type=\"column\">\n\t\t\t<div class=\"elementor-widget-wrap elementor-element-populated\">\n\t\t\t\t\t\t<div class=\"elementor-element elementor-element-5631497 elementor-widget elementor-widget-text-editor\" data-id=\"5631497\" data-element_type=\"widget\" data-widget_type=\"text-editor.default\">\n\t\t\t\t<div class=\"elementor-widget-container\">\n\t\t\t\t\t\t\t\t\t<p>Am Montag, den 18.01.2021, verstarb nach langer Krankheit unser Mitglied Will Breuers.<\/p><p>\u201eAm Sonntag, den 17.01.2021, habe ich mit noch ihm telefoniert,\u201c sagt Regina Haunhorst. \u201cIch wusste, dass es schon l\u00e4nger starke gesundheitliche Probleme hatte, aber nicht, dass es offenbar sehr schlimm um ihn stand.\u201c \u00a0Er erz\u00e4hlte bei dem Gespr\u00e4ch noch einmal, dass er von Anfang an mit dabei sei und dass f\u00fcr ihn die deutsch-franz\u00f6sische Auss\u00f6hnung und Freundschaft eine Herzensangelegenheit sei.<\/p><p>Wir sind sehr dankbar f\u00fcr sein langes Engagement und werden ihn in guter Erinnerung behalten.<\/p><p>Unsere Gedanken sind bei seiner Familie und seinen Freunden.<\/p><p>https:\/\/ga.de\/bonn\/beuel\/beueler-trauern-um-will-breuers_aid-55759329<\/p>\t\t\t\t\t\t\t\t<\/div>\n\t\t\t\t<\/div>\n\t\t\t\t<div class=\"elementor-element elementor-element-d5bfc25 elementor-widget elementor-widget-image\" data-id=\"d5bfc25\" data-element_type=\"widget\" data-widget_type=\"image.default\">\n\t\t\t\t<div class=\"elementor-widget-container\">\n\t\t\t\t\t\t\t\t\t\t\t\t<figure class=\"wp-caption\">\n\t\t\t\t\t\t\t\t\t\t<img fetchpriority=\"high\" decoding=\"async\" width=\"800\" height=\"481\" src=\"https:\/\/beuel-mirecourt.eu\/WP\/wp-content\/uploads\/2021\/01\/iakkfkgdpghpgech_small-1024x616.jpg\" class=\"attachment-large size-large wp-image-1954\" alt=\"\" srcset=\"https:\/\/beuel-mirecourt.eu\/WP\/wp-content\/uploads\/2021\/01\/iakkfkgdpghpgech_small-1024x616.jpg 1024w, https:\/\/beuel-mirecourt.eu\/WP\/wp-content\/uploads\/2021\/01\/iakkfkgdpghpgech_small-300x181.jpg 300w, https:\/\/beuel-mirecourt.eu\/WP\/wp-content\/uploads\/2021\/01\/iakkfkgdpghpgech_small-768x462.jpg 768w, https:\/\/beuel-mirecourt.eu\/WP\/wp-content\/uploads\/2021\/01\/iakkfkgdpghpgech_small.jpg 1200w\" sizes=\"(max-width: 800px) 100vw, 800px\" \/>\t\t\t\t\t\t\t\t\t\t\t<figcaption class=\"widget-image-caption wp-caption-text\"><\/figcaption>\n\t\t\t\t\t\t\t\t\t\t<\/figure>\n\t\t\t\t\t\t\t\t\t<\/div>\n\t\t\t\t<\/div>\n\t\t\t\t\t<\/div>\n\t\t<\/div>\n\t\t\t\t\t<\/div>\n\t\t<\/section>\n\t\t\t\t<\/div>\n\t\t","protected":false},"excerpt":{"rendered":"<p>Am Montag, den 18.01.2021, verstarb nach langer Krankheit unser Mitglied Will Breuers. \u201eAm Sonntag, den 17.01.2021, habe ich mit noch ihm telefoniert,\u201c sagt Regina Haunhorst. \u201cIch wusste, dass es schon l\u00e4nger starke gesundheitliche Probleme hatte, aber nicht, dass es offenbar sehr schlimm um ihn stand.\u201c \u00a0Er erz\u00e4hlte bei dem Gespr\u00e4ch noch einmal, dass er von [&hellip;]<\/p>\n","protected":false},"author":2,"featured_media":0,"comment_status":"closed","ping_status":"open","sticky":false,"template":"","format":"standard","meta":{"footnotes":""},"categories":[97,1],"tags":[],"class_list":["post-1951","post","type-post","status-publish","format-standard","hentry","category-97","category-allgemein"],"_links":{"self":[{"href":"https:\/\/beuel-mirecourt.eu\/WP\/wp-json\/wp\/v2\/posts\/1951","targetHints":{"allow":["GET"]}}],"collection":[{"href":"https:\/\/beuel-mirecourt.eu\/WP\/wp-json\/wp\/v2\/posts"}],"about":[{"href":"https:\/\/beuel-mirecourt.eu\/WP\/wp-json\/wp\/v2\/types\/post"}],"author":[{"embeddable":true,"href":"https:\/\/beuel-mirecourt.eu\/WP\/wp-json\/wp\/v2\/users\/2"}],"replies":[{"embeddable":true,"href":"https:\/\/beuel-mirecourt.eu\/WP\/wp-json\/wp\/v2\/comments?post=1951"}],"version-history":[{"count":7,"href":"https:\/\/beuel-mirecourt.eu\/WP\/wp-json\/wp\/v2\/posts\/1951\/revisions"}],"predecessor-version":[{"id":1966,"href":"https:\/\/beuel-mirecourt.eu\/WP\/wp-json\/wp\/v2\/posts\/1951\/revisions\/1966"}],"wp:attachment":[{"href":"https:\/\/beuel-mirecourt.eu\/WP\/wp-json\/wp\/v2\/media?parent=1951"}],"wp:term":[{"taxonomy":"category","embeddable":true,"href":"https:\/\/beuel-mirecourt.eu\/WP\/wp-json\/wp\/v2\/categories?post=1951"},{"taxonomy":"post_tag","embeddable":true,"href":"https:\/\/beuel-mirecourt.eu\/WP\/wp-json\/wp\/v2\/tags?post=1951"}],"curies":[{"name":"wp","href":"https:\/\/api.w.org\/{rel}","templated":true}]}}