{"id":1958,"date":"2021-01-20T14:44:50","date_gmt":"2021-01-20T13:44:50","guid":{"rendered":"https:\/\/beuel-mirecourt.eu\/WP\/?p=1958"},"modified":"2021-01-20T14:47:57","modified_gmt":"2021-01-20T13:47:57","slug":"le-comite-de-jumelage-de-beuel-est-en-deuil-de-son-membre-will-breuers","status":"publish","type":"post","link":"https:\/\/beuel-mirecourt.eu\/WP\/fr\/le-comite-de-jumelage-de-beuel-est-en-deuil-de-son-membre-will-breuers\/","title":{"rendered":"Le comit\u00e9 de jumelage de Beuel est en deuil de son membre Will Breuers"},"content":{"rendered":"\t\t<div data-elementor-type=\"wp-post\" data-elementor-id=\"1958\" class=\"elementor elementor-1958\" data-elementor-post-type=\"post\">\n\t\t\t\t\t\t<section class=\"elementor-section elementor-top-section elementor-element elementor-element-69ddb70 elementor-section-boxed elementor-section-height-default elementor-section-height-default\" data-id=\"69ddb70\" data-element_type=\"section\">\n\t\t\t\t\t\t<div class=\"elementor-container elementor-column-gap-default\">\n\t\t\t\t\t<div class=\"elementor-column elementor-col-100 elementor-top-column elementor-element elementor-element-8648780\" data-id=\"8648780\" data-element_type=\"column\">\n\t\t\t<div class=\"elementor-widget-wrap elementor-element-populated\">\n\t\t\t\t\t\t<div class=\"elementor-element elementor-element-5631497 elementor-widget elementor-widget-text-editor\" data-id=\"5631497\" data-element_type=\"widget\" data-widget_type=\"text-editor.default\">\n\t\t\t\t<div class=\"elementor-widget-container\">\n\t\t\t\t\t\t\t\t\t<p><span style=\"color: #000000;\">Will Breuers est d\u00e9c\u00e9d\u00e9 lundi, le 18 janvier 2021.<\/span><\/p><p><span style=\"color: #000000;\">Regina Haunhorst raconte: \u201eDimanche, le 17 janvier 2021, j&#8217;ai encore t\u00e9l\u00e9phon\u00e9 avec lui. Je savait qu&#8217;il avait depuis longtemps des graves probl\u00e8mes avec sa sant\u00e9 mais son d\u00e9c\u00e9s est un choc pour nous.&#8220;\u00a0 Pendant le coup de t\u00e9l\u00e9phone il racontait du d\u00e9but du comit\u00e9 en 2000 dont il participait directement. La reconciliation et l&#8217;amiti\u00e9 franco-allemande \u00e9taient pour lui une <a style=\"color: #000000;\" href=\"https:\/\/dict.leo.org\/allemand-fran%C3%A7ais\/affaire\">affaire<\/a>\u00a0<a style=\"color: #000000;\" href=\"https:\/\/dict.leo.org\/allemand-fran%C3%A7ais\/de\">de<\/a>\u00a0<a style=\"color: #000000;\" href=\"https:\/\/dict.leo.org\/allemand-fran%C3%A7ais\/c%C5%93ur\">c\u0153ur<\/a>.\u00a0 \u00a0<\/span><\/p><p><span style=\"color: #000000;\">Merci pour son engagement prolong\u00e9. Nous allons garder un bon souvenir de lui.<\/span><\/p><p><span style=\"color: #000000;\">Nos pens\u00e9es son chez sa famille et ses amis.<\/span><\/p><p>https:\/\/ga.de\/bonn\/beuel\/beueler-trauern-um-will-breuers_aid-55759329<\/p>\t\t\t\t\t\t\t\t<\/div>\n\t\t\t\t<\/div>\n\t\t\t\t<div class=\"elementor-element elementor-element-d5bfc25 elementor-widget elementor-widget-image\" data-id=\"d5bfc25\" data-element_type=\"widget\" data-widget_type=\"image.default\">\n\t\t\t\t<div class=\"elementor-widget-container\">\n\t\t\t\t\t\t\t\t\t\t\t\t<figure class=\"wp-caption\">\n\t\t\t\t\t\t\t\t\t\t<img fetchpriority=\"high\" decoding=\"async\" width=\"800\" height=\"481\" src=\"https:\/\/beuel-mirecourt.eu\/WP\/wp-content\/uploads\/2021\/01\/iakkfkgdpghpgech_small-1024x616.jpg\" class=\"attachment-large size-large wp-image-1954\" alt=\"\" srcset=\"https:\/\/beuel-mirecourt.eu\/WP\/wp-content\/uploads\/2021\/01\/iakkfkgdpghpgech_small-1024x616.jpg 1024w, https:\/\/beuel-mirecourt.eu\/WP\/wp-content\/uploads\/2021\/01\/iakkfkgdpghpgech_small-300x181.jpg 300w, https:\/\/beuel-mirecourt.eu\/WP\/wp-content\/uploads\/2021\/01\/iakkfkgdpghpgech_small-768x462.jpg 768w, https:\/\/beuel-mirecourt.eu\/WP\/wp-content\/uploads\/2021\/01\/iakkfkgdpghpgech_small.jpg 1200w\" sizes=\"(max-width: 800px) 100vw, 800px\" \/>\t\t\t\t\t\t\t\t\t\t\t<figcaption class=\"widget-image-caption wp-caption-text\"><\/figcaption>\n\t\t\t\t\t\t\t\t\t\t<\/figure>\n\t\t\t\t\t\t\t\t\t<\/div>\n\t\t\t\t<\/div>\n\t\t\t\t\t<\/div>\n\t\t<\/div>\n\t\t\t\t\t<\/div>\n\t\t<\/section>\n\t\t\t\t<\/div>\n\t\t","protected":false},"excerpt":{"rendered":"<p>Will Breuers est d\u00e9c\u00e9d\u00e9 lundi, le 18 janvier 2021. Regina Haunhorst raconte: \u201eDimanche, le 17 janvier 2021, j&#8217;ai encore t\u00e9l\u00e9phon\u00e9 avec lui. Je savait qu&#8217;il avait depuis longtemps des graves probl\u00e8mes avec sa sant\u00e9 mais son d\u00e9c\u00e9s est un choc pour nous.&#8220;\u00a0 Pendant le coup de t\u00e9l\u00e9phone il racontait du d\u00e9but du comit\u00e9 en 2000 [&hellip;]<\/p>\n","protected":false},"author":2,"featured_media":0,"comment_status":"closed","ping_status":"open","sticky":false,"template":"","format":"standard","meta":{"footnotes":""},"categories":[103,9],"tags":[],"class_list":["post-1958","post","type-post","status-publish","format-standard","hentry","category-2021-fr","category-general"],"_links":{"self":[{"href":"https:\/\/beuel-mirecourt.eu\/WP\/wp-json\/wp\/v2\/posts\/1958","targetHints":{"allow":["GET"]}}],"collection":[{"href":"https:\/\/beuel-mirecourt.eu\/WP\/wp-json\/wp\/v2\/posts"}],"about":[{"href":"https:\/\/beuel-mirecourt.eu\/WP\/wp-json\/wp\/v2\/types\/post"}],"author":[{"embeddable":true,"href":"https:\/\/beuel-mirecourt.eu\/WP\/wp-json\/wp\/v2\/users\/2"}],"replies":[{"embeddable":true,"href":"https:\/\/beuel-mirecourt.eu\/WP\/wp-json\/wp\/v2\/comments?post=1958"}],"version-history":[{"count":4,"href":"https:\/\/beuel-mirecourt.eu\/WP\/wp-json\/wp\/v2\/posts\/1958\/revisions"}],"predecessor-version":[{"id":1963,"href":"https:\/\/beuel-mirecourt.eu\/WP\/wp-json\/wp\/v2\/posts\/1958\/revisions\/1963"}],"wp:attachment":[{"href":"https:\/\/beuel-mirecourt.eu\/WP\/wp-json\/wp\/v2\/media?parent=1958"}],"wp:term":[{"taxonomy":"category","embeddable":true,"href":"https:\/\/beuel-mirecourt.eu\/WP\/wp-json\/wp\/v2\/categories?post=1958"},{"taxonomy":"post_tag","embeddable":true,"href":"https:\/\/beuel-mirecourt.eu\/WP\/wp-json\/wp\/v2\/tags?post=1958"}],"curies":[{"name":"wp","href":"https:\/\/api.w.org\/{rel}","templated":true}]}}