{"id":1985,"date":"2021-01-23T19:45:59","date_gmt":"2021-01-23T18:45:59","guid":{"rendered":"https:\/\/beuel-mirecourt.eu\/WP\/?p=1985"},"modified":"2021-01-23T19:47:15","modified_gmt":"2021-01-23T18:47:15","slug":"a-la-memoire-de-jean-marie-bastien","status":"publish","type":"post","link":"https:\/\/beuel-mirecourt.eu\/WP\/fr\/a-la-memoire-de-jean-marie-bastien\/","title":{"rendered":"A la m\u00e9moire de Jean-Marie Bastien"},"content":{"rendered":"\t\t<div data-elementor-type=\"wp-post\" data-elementor-id=\"1985\" class=\"elementor elementor-1985\" data-elementor-post-type=\"post\">\n\t\t\t\t\t\t<section class=\"elementor-section elementor-top-section elementor-element elementor-element-1376602 elementor-section-boxed elementor-section-height-default elementor-section-height-default\" data-id=\"1376602\" data-element_type=\"section\">\n\t\t\t\t\t\t<div class=\"elementor-container elementor-column-gap-default\">\n\t\t\t\t\t<div class=\"elementor-column elementor-col-100 elementor-top-column elementor-element elementor-element-1226b94\" data-id=\"1226b94\" data-element_type=\"column\">\n\t\t\t<div class=\"elementor-widget-wrap elementor-element-populated\">\n\t\t\t\t\t\t<div class=\"elementor-element elementor-element-c091758 elementor-widget elementor-widget-text-editor\" data-id=\"c091758\" data-element_type=\"widget\" data-widget_type=\"text-editor.default\">\n\t\t\t\t<div class=\"elementor-widget-container\">\n\t\t\t\t\t\t\t\t\t<p>Il y a un an (24.01.2020) que l\u2019ancien pr\u00e9sident du comit\u00e9 de jumelage de Mirecourt Jean-Marie Bastien est d\u00e9c\u00e9d\u00e9.<\/p><p>Il s\u2019engageait inlassable pour la r\u00e9conciliation et l\u2019amiti\u00e9 franco-allemande.<\/p><p>Une amiti\u00e9 profonde existait entre lui et son \u00e9pouse Andr\u00e9e et le couple Hans et Margret Lennarz. L\u2019amiti\u00e9 existait plus de 50 ans.<\/p><p>On connaissait Bastien dans tous les clubs et les associations de Beuel o\u00f9 il \u00e9tait bien vu.<\/p><p>Il \u00e9tait toujours dispos\u00e9 \u00e0 faire une petite clownerie et en m\u00eame temps il avait un petit mot sympathique pour tout le monde. Il a marqu\u00e9 des empreintes graves et importantes dans l\u2019histoire du jumelage de Beuel et Mirecourt et par cons\u00e9quent pour la paix en Europe.<\/p><p>Aujourd\u2019hui nous pensons sp\u00e9cialement \u00e0 sa famille et nous sommes tr\u00e8s reconnaissants de son engagement und son amiti\u00e9.<\/p>\t\t\t\t\t\t\t\t<\/div>\n\t\t\t\t<\/div>\n\t\t\t\t\t<\/div>\n\t\t<\/div>\n\t\t\t\t\t<\/div>\n\t\t<\/section>\n\t\t\t\t<section class=\"elementor-section elementor-top-section elementor-element elementor-element-e203352 elementor-section-boxed elementor-section-height-default elementor-section-height-default\" data-id=\"e203352\" data-element_type=\"section\">\n\t\t\t\t\t\t<div class=\"elementor-container elementor-column-gap-default\">\n\t\t\t\t\t<div class=\"elementor-column elementor-col-100 elementor-top-column elementor-element elementor-element-e8aabe2\" data-id=\"e8aabe2\" data-element_type=\"column\">\n\t\t\t<div class=\"elementor-widget-wrap elementor-element-populated\">\n\t\t\t\t\t\t<div class=\"elementor-element elementor-element-fb154fe elementor-widget elementor-widget-gallery\" data-id=\"fb154fe\" data-element_type=\"widget\" data-settings=\"{&quot;lazyload&quot;:&quot;yes&quot;,&quot;gallery_layout&quot;:&quot;grid&quot;,&quot;columns&quot;:4,&quot;columns_tablet&quot;:2,&quot;columns_mobile&quot;:1,&quot;gap&quot;:{&quot;unit&quot;:&quot;px&quot;,&quot;size&quot;:10,&quot;sizes&quot;:[]},&quot;gap_tablet&quot;:{&quot;unit&quot;:&quot;px&quot;,&quot;size&quot;:10,&quot;sizes&quot;:[]},&quot;gap_mobile&quot;:{&quot;unit&quot;:&quot;px&quot;,&quot;size&quot;:10,&quot;sizes&quot;:[]},&quot;link_to&quot;:&quot;file&quot;,&quot;aspect_ratio&quot;:&quot;3:2&quot;,&quot;overlay_background&quot;:&quot;yes&quot;,&quot;content_hover_animation&quot;:&quot;fade-in&quot;}\" data-widget_type=\"gallery.default\">\n\t\t\t\t<div class=\"elementor-widget-container\">\n\t\t\t\t\t\t\t<div class=\"elementor-gallery__container\">\n\t\t\t\t\t\t\t<a class=\"e-gallery-item elementor-gallery-item elementor-animated-content\" href=\"https:\/\/beuel-mirecourt.eu\/WP\/wp-content\/uploads\/2021\/01\/Mirecourt-2009-413-2_small.jpg\" data-elementor-open-lightbox=\"yes\" data-elementor-lightbox-slideshow=\"fb154fe\" data-elementor-lightbox-title=\"Beste Freunde: Jean-Marie und Hans Lennarz (2009)\" data-e-action-hash=\"#elementor-action%3Aaction%3Dlightbox%26settings%3DeyJpZCI6MTk4MSwidXJsIjoiaHR0cHM6XC9cL2JldWVsLW1pcmVjb3VydC5ldVwvV1BcL3dwLWNvbnRlbnRcL3VwbG9hZHNcLzIwMjFcLzAxXC9NaXJlY291cnQtMjAwOS00MTMtMl9zbWFsbC5qcGciLCJzbGlkZXNob3ciOiJmYjE1NGZlIn0%3D\">\n\t\t\t\t\t<div class=\"e-gallery-image elementor-gallery-item__image\" data-thumbnail=\"https:\/\/beuel-mirecourt.eu\/WP\/wp-content\/uploads\/2021\/01\/Mirecourt-2009-413-2_small-300x205.jpg\" data-width=\"300\" data-height=\"205\" aria-label=\"\" role=\"img\" ><\/div>\n\t\t\t\t\t\t\t\t\t\t\t<div class=\"elementor-gallery-item__overlay\"><\/div>\n\t\t\t\t\t\t\t\t\t\t\t\t\t\t<\/a>\n\t\t\t\t\t\t\t<a class=\"e-gallery-item elementor-gallery-item elementor-animated-content\" href=\"https:\/\/beuel-mirecourt.eu\/WP\/wp-content\/uploads\/2021\/01\/Glockenfest-159_1_small.jpg\" data-elementor-open-lightbox=\"yes\" data-elementor-lightbox-slideshow=\"fb154fe\" data-elementor-lightbox-title=\"B\u00fcrgermeister Yves S\u00e9journ\u00e9 (li) und Jean-Marie Bastien tanzen beim Glockenfest 2015 mit der Tanzgruppe &quot;Dilled\u00f6ppche&quot;\" data-e-action-hash=\"#elementor-action%3Aaction%3Dlightbox%26settings%3DeyJpZCI6MTk3OSwidXJsIjoiaHR0cHM6XC9cL2JldWVsLW1pcmVjb3VydC5ldVwvV1BcL3dwLWNvbnRlbnRcL3VwbG9hZHNcLzIwMjFcLzAxXC9HbG9ja2VuZmVzdC0xNTlfMV9zbWFsbC5qcGciLCJzbGlkZXNob3ciOiJmYjE1NGZlIn0%3D\">\n\t\t\t\t\t<div class=\"e-gallery-image elementor-gallery-item__image\" data-thumbnail=\"https:\/\/beuel-mirecourt.eu\/WP\/wp-content\/uploads\/2021\/01\/Glockenfest-159_1_small-300x246.jpg\" data-width=\"300\" data-height=\"246\" aria-label=\"\" role=\"img\" ><\/div>\n\t\t\t\t\t\t\t\t\t\t\t<div class=\"elementor-gallery-item__overlay\"><\/div>\n\t\t\t\t\t\t\t\t\t\t\t\t\t\t<\/a>\n\t\t\t\t\t\t\t<a class=\"e-gallery-item elementor-gallery-item elementor-animated-content\" href=\"https:\/\/beuel-mirecourt.eu\/WP\/wp-content\/uploads\/2021\/01\/Glockenfest-248_small.jpg\" data-elementor-open-lightbox=\"yes\" data-elementor-lightbox-slideshow=\"fb154fe\" data-elementor-lightbox-title=\"Immer zu einem Scherz bereit!\" data-e-action-hash=\"#elementor-action%3Aaction%3Dlightbox%26settings%3DeyJpZCI6MTk4MCwidXJsIjoiaHR0cHM6XC9cL2JldWVsLW1pcmVjb3VydC5ldVwvV1BcL3dwLWNvbnRlbnRcL3VwbG9hZHNcLzIwMjFcLzAxXC9HbG9ja2VuZmVzdC0yNDhfc21hbGwuanBnIiwic2xpZGVzaG93IjoiZmIxNTRmZSJ9\">\n\t\t\t\t\t<div class=\"e-gallery-image elementor-gallery-item__image\" data-thumbnail=\"https:\/\/beuel-mirecourt.eu\/WP\/wp-content\/uploads\/2021\/01\/Glockenfest-248_small-300x200.jpg\" data-width=\"300\" data-height=\"200\" aria-label=\"\" role=\"img\" ><\/div>\n\t\t\t\t\t\t\t\t\t\t\t<div class=\"elementor-gallery-item__overlay\"><\/div>\n\t\t\t\t\t\t\t\t\t\t\t\t\t\t<\/a>\n\t\t\t\t\t<\/div>\n\t\t\t\t\t<\/div>\n\t\t\t\t<\/div>\n\t\t\t\t\t<\/div>\n\t\t<\/div>\n\t\t\t\t\t<\/div>\n\t\t<\/section>\n\t\t\t\t<\/div>\n\t\t","protected":false},"excerpt":{"rendered":"<p>Il y a un an (24.01.2020) que l\u2019ancien pr\u00e9sident du comit\u00e9 de jumelage de Mirecourt Jean-Marie Bastien est d\u00e9c\u00e9d\u00e9. Il s\u2019engageait inlassable pour la r\u00e9conciliation et l\u2019amiti\u00e9 franco-allemande. Une amiti\u00e9 profonde existait entre lui et son \u00e9pouse Andr\u00e9e et le couple Hans et Margret Lennarz. L\u2019amiti\u00e9 existait plus de 50 ans. On connaissait Bastien dans [&hellip;]<\/p>\n","protected":false},"author":2,"featured_media":0,"comment_status":"closed","ping_status":"open","sticky":false,"template":"","format":"standard","meta":{"footnotes":""},"categories":[103,9],"tags":[],"class_list":["post-1985","post","type-post","status-publish","format-standard","hentry","category-2021-fr","category-general"],"_links":{"self":[{"href":"https:\/\/beuel-mirecourt.eu\/WP\/wp-json\/wp\/v2\/posts\/1985","targetHints":{"allow":["GET"]}}],"collection":[{"href":"https:\/\/beuel-mirecourt.eu\/WP\/wp-json\/wp\/v2\/posts"}],"about":[{"href":"https:\/\/beuel-mirecourt.eu\/WP\/wp-json\/wp\/v2\/types\/post"}],"author":[{"embeddable":true,"href":"https:\/\/beuel-mirecourt.eu\/WP\/wp-json\/wp\/v2\/users\/2"}],"replies":[{"embeddable":true,"href":"https:\/\/beuel-mirecourt.eu\/WP\/wp-json\/wp\/v2\/comments?post=1985"}],"version-history":[{"count":4,"href":"https:\/\/beuel-mirecourt.eu\/WP\/wp-json\/wp\/v2\/posts\/1985\/revisions"}],"predecessor-version":[{"id":1989,"href":"https:\/\/beuel-mirecourt.eu\/WP\/wp-json\/wp\/v2\/posts\/1985\/revisions\/1989"}],"wp:attachment":[{"href":"https:\/\/beuel-mirecourt.eu\/WP\/wp-json\/wp\/v2\/media?parent=1985"}],"wp:term":[{"taxonomy":"category","embeddable":true,"href":"https:\/\/beuel-mirecourt.eu\/WP\/wp-json\/wp\/v2\/categories?post=1985"},{"taxonomy":"post_tag","embeddable":true,"href":"https:\/\/beuel-mirecourt.eu\/WP\/wp-json\/wp\/v2\/tags?post=1985"}],"curies":[{"name":"wp","href":"https:\/\/api.w.org\/{rel}","templated":true}]}}