{"id":2032,"date":"2021-02-03T10:57:22","date_gmt":"2021-02-03T09:57:22","guid":{"rendered":"https:\/\/beuel-mirecourt.eu\/WP\/?p=2032"},"modified":"2021-02-10T09:49:49","modified_gmt":"2021-02-10T08:49:49","slug":"des-colis-avec-des-accessoires-comme-remplacement-pour-le-carnaval-de-beuel-pour-nos-amis-de-mirecourt","status":"publish","type":"post","link":"https:\/\/beuel-mirecourt.eu\/WP\/fr\/des-colis-avec-des-accessoires-comme-remplacement-pour-le-carnaval-de-beuel-pour-nos-amis-de-mirecourt\/","title":{"rendered":"Des colis avec des accessoires comme remplacement pour le carnaval de Beuel pour nos amis de Mirecourt"},"content":{"rendered":"\t\t<div data-elementor-type=\"wp-post\" data-elementor-id=\"2032\" class=\"elementor elementor-2032\" data-elementor-post-type=\"post\">\n\t\t\t\t\t\t<section class=\"elementor-section elementor-top-section elementor-element elementor-element-17872b7 elementor-section-boxed elementor-section-height-default elementor-section-height-default\" data-id=\"17872b7\" data-element_type=\"section\">\n\t\t\t\t\t\t<div class=\"elementor-container elementor-column-gap-default\">\n\t\t\t\t\t<div class=\"elementor-column elementor-col-100 elementor-top-column elementor-element elementor-element-e72f007\" data-id=\"e72f007\" data-element_type=\"column\">\n\t\t\t<div class=\"elementor-widget-wrap elementor-element-populated\">\n\t\t\t\t\t\t<div class=\"elementor-element elementor-element-5c67855 elementor-widget elementor-widget-text-editor\" data-id=\"5c67855\" data-element_type=\"widget\" data-widget_type=\"text-editor.default\">\n\t\t\t\t<div class=\"elementor-widget-container\">\n\t\t\t\t\t\t\t\t\t<p>Beuel est connu pour \u00eatre le berceau de la Weiberfastnacht (carnaval des femmes), qui a une longue tradition dans le carnaval rh\u00e9nan. C&#8217;est ici en 1824 que le premier comit\u00e9 de femmes de Beuel a \u00e9t\u00e9 cr\u00e9\u00e9. Ainsi depuis 1958, les femmes de Beuel d\u00e9signe chaque ann\u00e9e leur repr\u00e9sentante que l&#8217;on nomme la princesse lavandi\u00e8re. Tous les ans, la princesse lavandi\u00e8re \u00e0 l&#8217;honneur d\u00e9file dans Beuel \u00e0 l&#8217;occasion de la Weiberfastnacht. Et, sous de nombreux applaudis\u00adsements, elle prend d&#8217;assaut l&#8217;h\u00f4tel de ville. Depuis de nom\u00adbreuses ann\u00e9es, les habitants de Beuel c\u00e9l\u00e8brent cette tradition avec leurs amis de Mirecourt. Cette ann\u00e9e, tout est diff\u00e9rent, comme nous le savons. Toutes les manifestations du carnaval ont \u00e9t\u00e9 annul\u00e9es. Afin que la d\u00e9ception ne soit pas trop grande \u00e0 Mirecourt, le comit\u00e9 de jumelage Beuel-Mirecourt a envoy\u00e9 trois colis avec des \u00ab acces\u00adsoires de carnaval &#8211; des kamelles\u00bb \u00e0 Mirecourt et ceci \u00e0 la date pr\u00e9cise du 1<sup>er<\/sup> f\u00e9vrier. Selon la devise \u00ab Beuel et Mirecourt sont solidaires \u00bb, diver\u00adses personnes ont particip\u00e9 au remplissage des paquets. \u00ab Nous sommes tr\u00e8s heureux que la maire du district, Lara Mohn, Christian Siegberg (chef du bureau de l&#8217;administration du district) et Elke Kiesel aient apport\u00e9 de d\u00e9licieux &#8222;kamelles&#8220;, quatre \u00e9charpes avec l&#8217;embl\u00e8me de Beuel et un drapeau de la Weiberfastnacht \u00bb s&#8217;est r\u00e9jouie Regina Haunhorst, pr\u00e9sidente du comit\u00e9 de jumelage \u00e0 Beuel. La princesse lavandi\u00e8re d\u00e9sign\u00e9e Lena Obliers (elle ne sera proclam\u00e9e qu&#8217;en 2022) a fait don de quatre m\u00e9dailles, qu&#8217;elle aurait traditionnellement remises accompagn\u00e9es de deux bises (B\u00fctzchen) au maire de Mirecourt Yves S\u00e9journ\u00e9, \u00e0 son adjointe Nathalie Babouhot et au pr\u00e9sident du comit\u00e9 de Mirecourt Bernard Schmitt \u00e0 la veille de la Weiberfastnacht et ceci sous les nombreux applaudissements de nos amis franco-allemands.<\/p><p>Cette ann\u00e9e, c&#8217;est au tour de Bernard Schmitt de remettre sans bruit et sans contact les m\u00e9dailles \u00e0 Mirecourt. Angela I, princesse LiK\u00fcRa d\u00e9sign\u00e9e, a compl\u00e9t\u00e9 les colis avec de belles photos. Le comit\u00e9 de Beuel a quant \u00e0 lui rempli les cartons de banderoles, ballons, confettis et broches de la princesse lavandi\u00e8re, que Bernard Schmitt et Lucie Claude distribueront aux membres du comit\u00e9 \u00e0 Mirecourt et au groupe FAM (Foyer d&#8217;accueil m\u00e9dicalis\u00e9 Le Neuf Moulin). Lucie Claude de Mirecourt a \u00e9t\u00e9 la princesse lavandi\u00e8re Lucie I en 1994 \u00e0 Beuel et est depuis \u00ab notre princesse \u00bb. Elle est \u00e9galement tr\u00e8s investie dans le jumelage. Christel Mpouma et Bernhard Ortner du bureau du comit\u00e9 de Beuel ont pr\u00e9par\u00e9 avec plaisir 65 sachets contenant les articles mentionn\u00e9s ci-dessus pour ensuite les r\u00e9partir dans trois colis. Nous esp\u00e9rons que ceux-ci, arriveront \u00e0 temps pour la veille de la Weiberfastnacht. \u00ab Avec les confettis, les banderoles et les broches qu&#8217;ils pourront fixer \u00e0 un chemisier ou une chemise, nos amis de Mirecourt pourront se mettre un peu dans l&#8217;ambiance de carnaval en criant \u00e0 tue-t\u00eate &#8218;Alaaf&#8220; \u00bb s&#8217;est r\u00e9jouie Christel Mpouma.<\/p>\t\t\t\t\t\t\t\t<\/div>\n\t\t\t\t<\/div>\n\t\t\t\t\t<\/div>\n\t\t<\/div>\n\t\t\t\t\t<\/div>\n\t\t<\/section>\n\t\t\t\t<section class=\"elementor-section elementor-top-section elementor-element elementor-element-053c062 elementor-section-boxed elementor-section-height-default elementor-section-height-default\" data-id=\"053c062\" data-element_type=\"section\">\n\t\t\t\t\t\t<div class=\"elementor-container elementor-column-gap-default\">\n\t\t\t\t\t<div class=\"elementor-column elementor-col-100 elementor-top-column elementor-element elementor-element-9e09e91\" data-id=\"9e09e91\" data-element_type=\"column\">\n\t\t\t<div class=\"elementor-widget-wrap elementor-element-populated\">\n\t\t\t\t\t\t<div class=\"elementor-element elementor-element-835a2a3 elementor-widget elementor-widget-gallery\" data-id=\"835a2a3\" data-element_type=\"widget\" data-settings=\"{&quot;lazyload&quot;:&quot;yes&quot;,&quot;gallery_layout&quot;:&quot;grid&quot;,&quot;columns&quot;:4,&quot;columns_tablet&quot;:2,&quot;columns_mobile&quot;:1,&quot;gap&quot;:{&quot;unit&quot;:&quot;px&quot;,&quot;size&quot;:10,&quot;sizes&quot;:[]},&quot;gap_tablet&quot;:{&quot;unit&quot;:&quot;px&quot;,&quot;size&quot;:10,&quot;sizes&quot;:[]},&quot;gap_mobile&quot;:{&quot;unit&quot;:&quot;px&quot;,&quot;size&quot;:10,&quot;sizes&quot;:[]},&quot;link_to&quot;:&quot;file&quot;,&quot;aspect_ratio&quot;:&quot;3:2&quot;,&quot;overlay_background&quot;:&quot;yes&quot;,&quot;content_hover_animation&quot;:&quot;fade-in&quot;}\" data-widget_type=\"gallery.default\">\n\t\t\t\t<div class=\"elementor-widget-container\">\n\t\t\t\t\t\t\t<div class=\"elementor-gallery__container\">\n\t\t\t\t\t\t\t<a class=\"e-gallery-item elementor-gallery-item elementor-animated-content\" href=\"https:\/\/beuel-mirecourt.eu\/WP\/wp-content\/uploads\/2021\/02\/DSC07117_small-2.jpg\" data-elementor-open-lightbox=\"yes\" data-elementor-lightbox-slideshow=\"835a2a3\" data-elementor-lightbox-title=\"Beuel et Mirecourt-une affaire de c\u0153ur\" data-e-action-hash=\"#elementor-action%3Aaction%3Dlightbox%26settings%3DeyJpZCI6MjA0OCwidXJsIjoiaHR0cHM6XC9cL2JldWVsLW1pcmVjb3VydC5ldVwvV1BcL3dwLWNvbnRlbnRcL3VwbG9hZHNcLzIwMjFcLzAyXC9EU0MwNzExN19zbWFsbC0yLmpwZyIsInNsaWRlc2hvdyI6IjgzNWEyYTMifQ%3D%3D\">\n\t\t\t\t\t<div class=\"e-gallery-image elementor-gallery-item__image\" data-thumbnail=\"https:\/\/beuel-mirecourt.eu\/WP\/wp-content\/uploads\/2021\/02\/DSC07117_small-2-200x300.jpg\" data-width=\"200\" data-height=\"300\" aria-label=\"\" role=\"img\" ><\/div>\n\t\t\t\t\t\t\t\t\t\t\t<div class=\"elementor-gallery-item__overlay\"><\/div>\n\t\t\t\t\t\t\t\t\t\t\t\t\t\t<\/a>\n\t\t\t\t\t\t\t<a class=\"e-gallery-item elementor-gallery-item elementor-animated-content\" href=\"https:\/\/beuel-mirecourt.eu\/WP\/wp-content\/uploads\/2021\/02\/DSC07110_1_small-4.jpg\" data-elementor-open-lightbox=\"yes\" data-elementor-lightbox-slideshow=\"835a2a3\" data-elementor-lightbox-title=\"Beuel et Mirecourt sont solidaires\" data-e-action-hash=\"#elementor-action%3Aaction%3Dlightbox%26settings%3DeyJpZCI6MjA0OSwidXJsIjoiaHR0cHM6XC9cL2JldWVsLW1pcmVjb3VydC5ldVwvV1BcL3dwLWNvbnRlbnRcL3VwbG9hZHNcLzIwMjFcLzAyXC9EU0MwNzExMF8xX3NtYWxsLTQuanBnIiwic2xpZGVzaG93IjoiODM1YTJhMyJ9\">\n\t\t\t\t\t<div class=\"e-gallery-image elementor-gallery-item__image\" data-thumbnail=\"https:\/\/beuel-mirecourt.eu\/WP\/wp-content\/uploads\/2021\/02\/DSC07110_1_small-4-288x300.jpg\" data-width=\"288\" data-height=\"300\" aria-label=\"\" role=\"img\" ><\/div>\n\t\t\t\t\t\t\t\t\t\t\t<div class=\"elementor-gallery-item__overlay\"><\/div>\n\t\t\t\t\t\t\t\t\t\t\t\t\t\t<\/a>\n\t\t\t\t\t\t\t<a class=\"e-gallery-item elementor-gallery-item elementor-animated-content\" href=\"https:\/\/beuel-mirecourt.eu\/WP\/wp-content\/uploads\/2021\/02\/DSC07119_small.jpg\" data-elementor-open-lightbox=\"yes\" data-elementor-lightbox-slideshow=\"835a2a3\" data-elementor-lightbox-title=\"&quot;Kamelle&quot;\" data-e-action-hash=\"#elementor-action%3Aaction%3Dlightbox%26settings%3DeyJpZCI6MjA1MCwidXJsIjoiaHR0cHM6XC9cL2JldWVsLW1pcmVjb3VydC5ldVwvV1BcL3dwLWNvbnRlbnRcL3VwbG9hZHNcLzIwMjFcLzAyXC9EU0MwNzExOV9zbWFsbC5qcGciLCJzbGlkZXNob3ciOiI4MzVhMmEzIn0%3D\">\n\t\t\t\t\t<div class=\"e-gallery-image elementor-gallery-item__image\" data-thumbnail=\"https:\/\/beuel-mirecourt.eu\/WP\/wp-content\/uploads\/2021\/02\/DSC07119_small-300x200.jpg\" data-width=\"300\" data-height=\"200\" aria-label=\"\" role=\"img\" ><\/div>\n\t\t\t\t\t\t\t\t\t\t\t<div class=\"elementor-gallery-item__overlay\"><\/div>\n\t\t\t\t\t\t\t\t\t\t\t\t\t\t<\/a>\n\t\t\t\t\t\t\t<a class=\"e-gallery-item elementor-gallery-item elementor-animated-content\" href=\"https:\/\/beuel-mirecourt.eu\/WP\/wp-content\/uploads\/2021\/02\/DSC07125_small-1.jpg\" data-elementor-open-lightbox=\"yes\" data-elementor-lightbox-slideshow=\"835a2a3\" data-elementor-lightbox-title=\"65 sachets avec &quot;Kamelle&quot;\" data-e-action-hash=\"#elementor-action%3Aaction%3Dlightbox%26settings%3DeyJpZCI6MjA1NCwidXJsIjoiaHR0cHM6XC9cL2JldWVsLW1pcmVjb3VydC5ldVwvV1BcL3dwLWNvbnRlbnRcL3VwbG9hZHNcLzIwMjFcLzAyXC9EU0MwNzEyNV9zbWFsbC0xLmpwZyIsInNsaWRlc2hvdyI6IjgzNWEyYTMifQ%3D%3D\">\n\t\t\t\t\t<div class=\"e-gallery-image elementor-gallery-item__image\" data-thumbnail=\"https:\/\/beuel-mirecourt.eu\/WP\/wp-content\/uploads\/2021\/02\/DSC07125_small-1-300x200.jpg\" data-width=\"300\" data-height=\"200\" aria-label=\"\" role=\"img\" ><\/div>\n\t\t\t\t\t\t\t\t\t\t\t<div class=\"elementor-gallery-item__overlay\"><\/div>\n\t\t\t\t\t\t\t\t\t\t\t\t\t\t<\/a>\n\t\t\t\t\t\t\t<a class=\"e-gallery-item elementor-gallery-item elementor-animated-content\" href=\"https:\/\/beuel-mirecourt.eu\/WP\/wp-content\/uploads\/2021\/02\/DSC07126_1_small-1.jpg\" data-elementor-open-lightbox=\"yes\" data-elementor-lightbox-slideshow=\"835a2a3\" data-elementor-lightbox-title=\"Christel Mpouma a beaucoup de travail\" data-e-action-hash=\"#elementor-action%3Aaction%3Dlightbox%26settings%3DeyJpZCI6MjA1NSwidXJsIjoiaHR0cHM6XC9cL2JldWVsLW1pcmVjb3VydC5ldVwvV1BcL3dwLWNvbnRlbnRcL3VwbG9hZHNcLzIwMjFcLzAyXC9EU0MwNzEyNl8xX3NtYWxsLTEuanBnIiwic2xpZGVzaG93IjoiODM1YTJhMyJ9\">\n\t\t\t\t\t<div class=\"e-gallery-image elementor-gallery-item__image\" data-thumbnail=\"https:\/\/beuel-mirecourt.eu\/WP\/wp-content\/uploads\/2021\/02\/DSC07126_1_small-1-300x214.jpg\" data-width=\"300\" data-height=\"214\" aria-label=\"\" role=\"img\" ><\/div>\n\t\t\t\t\t\t\t\t\t\t\t<div class=\"elementor-gallery-item__overlay\"><\/div>\n\t\t\t\t\t\t\t\t\t\t\t\t\t\t<\/a>\n\t\t\t\t\t\t\t<a class=\"e-gallery-item elementor-gallery-item elementor-animated-content\" href=\"https:\/\/beuel-mirecourt.eu\/WP\/wp-content\/uploads\/2021\/02\/DSC07122_small-1.jpg\" data-elementor-open-lightbox=\"yes\" data-elementor-lightbox-slideshow=\"835a2a3\" data-elementor-lightbox-title=\"Les pins de la princesse\" data-e-action-hash=\"#elementor-action%3Aaction%3Dlightbox%26settings%3DeyJpZCI6MjA1MiwidXJsIjoiaHR0cHM6XC9cL2JldWVsLW1pcmVjb3VydC5ldVwvV1BcL3dwLWNvbnRlbnRcL3VwbG9hZHNcLzIwMjFcLzAyXC9EU0MwNzEyMl9zbWFsbC0xLmpwZyIsInNsaWRlc2hvdyI6IjgzNWEyYTMifQ%3D%3D\">\n\t\t\t\t\t<div class=\"e-gallery-image elementor-gallery-item__image\" data-thumbnail=\"https:\/\/beuel-mirecourt.eu\/WP\/wp-content\/uploads\/2021\/02\/DSC07122_small-1-300x200.jpg\" data-width=\"300\" data-height=\"200\" aria-label=\"\" role=\"img\" ><\/div>\n\t\t\t\t\t\t\t\t\t\t\t<div class=\"elementor-gallery-item__overlay\"><\/div>\n\t\t\t\t\t\t\t\t\t\t\t\t\t\t<\/a>\n\t\t\t\t\t\t\t<a class=\"e-gallery-item elementor-gallery-item elementor-animated-content\" href=\"https:\/\/beuel-mirecourt.eu\/WP\/wp-content\/uploads\/2021\/02\/DSC07124_1_small-1.jpg\" data-elementor-open-lightbox=\"yes\" data-elementor-lightbox-slideshow=\"835a2a3\" data-elementor-lightbox-title=\"La m\u00e9daille de Lena I.\" data-e-action-hash=\"#elementor-action%3Aaction%3Dlightbox%26settings%3DeyJpZCI6MjA1MywidXJsIjoiaHR0cHM6XC9cL2JldWVsLW1pcmVjb3VydC5ldVwvV1BcL3dwLWNvbnRlbnRcL3VwbG9hZHNcLzIwMjFcLzAyXC9EU0MwNzEyNF8xX3NtYWxsLTEuanBnIiwic2xpZGVzaG93IjoiODM1YTJhMyJ9\">\n\t\t\t\t\t<div class=\"e-gallery-image elementor-gallery-item__image\" data-thumbnail=\"https:\/\/beuel-mirecourt.eu\/WP\/wp-content\/uploads\/2021\/02\/DSC07124_1_small-1-300x223.jpg\" data-width=\"300\" data-height=\"223\" aria-label=\"\" role=\"img\" ><\/div>\n\t\t\t\t\t\t\t\t\t\t\t<div class=\"elementor-gallery-item__overlay\"><\/div>\n\t\t\t\t\t\t\t\t\t\t\t\t\t\t<\/a>\n\t\t\t\t\t\t\t<a class=\"e-gallery-item elementor-gallery-item elementor-animated-content\" href=\"https:\/\/beuel-mirecourt.eu\/WP\/wp-content\/uploads\/2021\/02\/DSC07133_1_small-1.jpg\" data-elementor-open-lightbox=\"yes\" data-elementor-lightbox-slideshow=\"835a2a3\" data-elementor-lightbox-title=\"Bernhard Ortner aide aussi\" data-e-action-hash=\"#elementor-action%3Aaction%3Dlightbox%26settings%3DeyJpZCI6MjA1NiwidXJsIjoiaHR0cHM6XC9cL2JldWVsLW1pcmVjb3VydC5ldVwvV1BcL3dwLWNvbnRlbnRcL3VwbG9hZHNcLzIwMjFcLzAyXC9EU0MwNzEzM18xX3NtYWxsLTEuanBnIiwic2xpZGVzaG93IjoiODM1YTJhMyJ9\">\n\t\t\t\t\t<div class=\"e-gallery-image elementor-gallery-item__image\" data-thumbnail=\"https:\/\/beuel-mirecourt.eu\/WP\/wp-content\/uploads\/2021\/02\/DSC07133_1_small-1-300x212.jpg\" data-width=\"300\" data-height=\"212\" aria-label=\"\" role=\"img\" ><\/div>\n\t\t\t\t\t\t\t\t\t\t\t<div class=\"elementor-gallery-item__overlay\"><\/div>\n\t\t\t\t\t\t\t\t\t\t\t\t\t\t<\/a>\n\t\t\t\t\t<\/div>\n\t\t\t\t\t<\/div>\n\t\t\t\t<\/div>\n\t\t\t\t\t<\/div>\n\t\t<\/div>\n\t\t\t\t\t<\/div>\n\t\t<\/section>\n\t\t\t\t<\/div>\n\t\t","protected":false},"excerpt":{"rendered":"<p>Beuel est connu pour \u00eatre le berceau de la Weiberfastnacht (carnaval des femmes), qui a une longue tradition dans le carnaval rh\u00e9nan. C&#8217;est ici en 1824 que le premier comit\u00e9 de femmes de Beuel a \u00e9t\u00e9 cr\u00e9\u00e9. Ainsi depuis 1958, les femmes de Beuel d\u00e9signe chaque ann\u00e9e leur repr\u00e9sentante que l&#8217;on nomme la princesse lavandi\u00e8re. [&hellip;]<\/p>\n","protected":false},"author":2,"featured_media":0,"comment_status":"closed","ping_status":"open","sticky":false,"template":"","format":"standard","meta":{"footnotes":""},"categories":[103,9],"tags":[],"class_list":["post-2032","post","type-post","status-publish","format-standard","hentry","category-2021-fr","category-general"],"_links":{"self":[{"href":"https:\/\/beuel-mirecourt.eu\/WP\/wp-json\/wp\/v2\/posts\/2032","targetHints":{"allow":["GET"]}}],"collection":[{"href":"https:\/\/beuel-mirecourt.eu\/WP\/wp-json\/wp\/v2\/posts"}],"about":[{"href":"https:\/\/beuel-mirecourt.eu\/WP\/wp-json\/wp\/v2\/types\/post"}],"author":[{"embeddable":true,"href":"https:\/\/beuel-mirecourt.eu\/WP\/wp-json\/wp\/v2\/users\/2"}],"replies":[{"embeddable":true,"href":"https:\/\/beuel-mirecourt.eu\/WP\/wp-json\/wp\/v2\/comments?post=2032"}],"version-history":[{"count":17,"href":"https:\/\/beuel-mirecourt.eu\/WP\/wp-json\/wp\/v2\/posts\/2032\/revisions"}],"predecessor-version":[{"id":2292,"href":"https:\/\/beuel-mirecourt.eu\/WP\/wp-json\/wp\/v2\/posts\/2032\/revisions\/2292"}],"wp:attachment":[{"href":"https:\/\/beuel-mirecourt.eu\/WP\/wp-json\/wp\/v2\/media?parent=2032"}],"wp:term":[{"taxonomy":"category","embeddable":true,"href":"https:\/\/beuel-mirecourt.eu\/WP\/wp-json\/wp\/v2\/categories?post=2032"},{"taxonomy":"post_tag","embeddable":true,"href":"https:\/\/beuel-mirecourt.eu\/WP\/wp-json\/wp\/v2\/tags?post=2032"}],"curies":[{"name":"wp","href":"https:\/\/api.w.org\/{rel}","templated":true}]}}