{"id":2066,"date":"2014-02-27T00:00:35","date_gmt":"2014-02-26T23:00:35","guid":{"rendered":"https:\/\/beuel-mirecourt.eu\/WP\/?p=2066"},"modified":"2021-02-04T09:50:27","modified_gmt":"2021-02-04T08:50:27","slug":"karneval-in-beuel","status":"publish","type":"post","link":"https:\/\/beuel-mirecourt.eu\/WP\/karneval-in-beuel\/","title":{"rendered":"Karneval in Beuel"},"content":{"rendered":"\t\t<div data-elementor-type=\"wp-post\" data-elementor-id=\"2066\" class=\"elementor elementor-2066\" data-elementor-post-type=\"post\">\n\t\t\t\t\t\t<section class=\"elementor-section elementor-top-section elementor-element elementor-element-a4341f4 elementor-section-boxed elementor-section-height-default elementor-section-height-default\" data-id=\"a4341f4\" data-element_type=\"section\">\n\t\t\t\t\t\t<div class=\"elementor-container elementor-column-gap-default\">\n\t\t\t\t\t<div class=\"elementor-column elementor-col-100 elementor-top-column elementor-element elementor-element-1ce8eba\" data-id=\"1ce8eba\" data-element_type=\"column\">\n\t\t\t<div class=\"elementor-widget-wrap elementor-element-populated\">\n\t\t\t\t\t\t<div class=\"elementor-element elementor-element-03ef977 elementor-widget elementor-widget-text-editor\" data-id=\"03ef977\" data-element_type=\"widget\" data-widget_type=\"text-editor.default\">\n\t\t\t\t<div class=\"elementor-widget-container\">\n\t\t\t\t\t\t\t\t\t<div id=\"inhalt\">Mirecourter Freunde kommen in zwei Etappen<br \/>W\u00e4hrend der Pr\u00e4sident des Komitees mit einer Delegation die<br \/>W\u00e4scherprinzessin unterst\u00fctzt,<br \/>jubeln Familien und Kinder aus Mirecourt der Lik\u00fcraprinzessin zu.<br \/><br \/>Schule geht vor! Das mussten auch die Kinder aus Mirecourt begreifen, die gerne zu Wieverfastelovend gekommen w\u00e4ren. So mussten der Pr\u00e4sident des Mirecourter Komitees, Bernard Schmid, und einige schulunabh\u00e4ngige Mitreisende die Partnerstadt w\u00fcrdevoll beim Rathaussturm vertreten!<br \/><br \/>Dies ist sicher gelungen, da alle schon karnevalserprobt sind und mit lauter Stimme am Wegesrand Kamelle gerufen haben. Schmid war sich schon im Voraus sicher, dass Ann-Kathrin I. mit Leichtigkeit die Herren aus dem Rathaus werfen wird, da er ihr Temperament schon an der Proklamation bewundert konnte.<br \/>Nach dem Rathaussturm und ausgiebiger Feier im Rathaussaal ging es dann unter F\u00fchrung von Thomas Fricke nach Oberkassel, wo die Party bei der Deutschen Luft-und Raumfahrtgesellschaft lockte.<br \/>Unter Leitung von Hans Lennarz und Klaus Ebert nahmen die franz\u00f6sischen G\u00e4ste mit ihren Beueler Freunden am Freitag an dem Katerfr\u00fchst\u00fcck der CDU in Bad Godesberg teil, wo alle Tollit\u00e4ten der Region empfangen wurden. Das Karnevalskonzert am Abend bildete f\u00fcr die erste Gruppe wie immer einen kulturellen H\u00f6hepunkt.<br \/>Am Samstag trafen drei Familien mit ihren Kindern ein, die bei strahlendem Sonnenschein sich zun\u00e4chst den Vilich-M\u00fcldorfer-Zug anschauen konnten. Egal, ob anschlie\u00dfend weiter gefeiert wurde oder ein Abstecher in die Bonner City erfolgte, am n\u00e4chsten Tag standen alle wieder parat, um am Lik\u00fcrazug Kamelle zu rufen und einzusammeln. Mit vollen T\u00fcten kehrten alle zufrieden nach Mirecourt zur\u00fcck und versprachen, beim n\u00fcchsten Karneval wieder zu kommen!<\/div>\t\t\t\t\t\t\t\t<\/div>\n\t\t\t\t<\/div>\n\t\t\t\t\t<\/div>\n\t\t<\/div>\n\t\t\t\t\t<\/div>\n\t\t<\/section>\n\t\t\t\t<\/div>\n\t\t","protected":false},"excerpt":{"rendered":"<p>Mirecourter Freunde kommen in zwei EtappenW\u00e4hrend der Pr\u00e4sident des Komitees mit einer Delegation dieW\u00e4scherprinzessin unterst\u00fctzt,jubeln Familien und Kinder aus Mirecourt der Lik\u00fcraprinzessin zu. Schule geht vor! Das mussten auch die Kinder aus Mirecourt begreifen, die gerne zu Wieverfastelovend gekommen w\u00e4ren. So mussten der Pr\u00e4sident des Mirecourter Komitees, Bernard Schmid, und einige schulunabh\u00e4ngige Mitreisende die Partnerstadt [&hellip;]<\/p>\n","protected":false},"author":2,"featured_media":0,"comment_status":"closed","ping_status":"open","sticky":false,"template":"","format":"standard","meta":{"footnotes":""},"categories":[71,1],"tags":[],"class_list":["post-2066","post","type-post","status-publish","format-standard","hentry","category-71","category-allgemein"],"_links":{"self":[{"href":"https:\/\/beuel-mirecourt.eu\/WP\/wp-json\/wp\/v2\/posts\/2066","targetHints":{"allow":["GET"]}}],"collection":[{"href":"https:\/\/beuel-mirecourt.eu\/WP\/wp-json\/wp\/v2\/posts"}],"about":[{"href":"https:\/\/beuel-mirecourt.eu\/WP\/wp-json\/wp\/v2\/types\/post"}],"author":[{"embeddable":true,"href":"https:\/\/beuel-mirecourt.eu\/WP\/wp-json\/wp\/v2\/users\/2"}],"replies":[{"embeddable":true,"href":"https:\/\/beuel-mirecourt.eu\/WP\/wp-json\/wp\/v2\/comments?post=2066"}],"version-history":[{"count":4,"href":"https:\/\/beuel-mirecourt.eu\/WP\/wp-json\/wp\/v2\/posts\/2066\/revisions"}],"predecessor-version":[{"id":2070,"href":"https:\/\/beuel-mirecourt.eu\/WP\/wp-json\/wp\/v2\/posts\/2066\/revisions\/2070"}],"wp:attachment":[{"href":"https:\/\/beuel-mirecourt.eu\/WP\/wp-json\/wp\/v2\/media?parent=2066"}],"wp:term":[{"taxonomy":"category","embeddable":true,"href":"https:\/\/beuel-mirecourt.eu\/WP\/wp-json\/wp\/v2\/categories?post=2066"},{"taxonomy":"post_tag","embeddable":true,"href":"https:\/\/beuel-mirecourt.eu\/WP\/wp-json\/wp\/v2\/tags?post=2066"}],"curies":[{"name":"wp","href":"https:\/\/api.w.org\/{rel}","templated":true}]}}