{"id":2298,"date":"2021-02-12T21:28:31","date_gmt":"2021-02-12T20:28:31","guid":{"rendered":"https:\/\/beuel-mirecourt.eu\/WP\/?p=2298"},"modified":"2021-02-15T16:29:32","modified_gmt":"2021-02-15T15:29:32","slug":"le-comite-de-jumelage-beuel-est-en-deuil-de-ruth-kranz","status":"publish","type":"post","link":"https:\/\/beuel-mirecourt.eu\/WP\/fr\/le-comite-de-jumelage-beuel-est-en-deuil-de-ruth-kranz\/","title":{"rendered":"Le comit\u00e9 de jumelage Beuel est en deuil de Ruth Kranz"},"content":{"rendered":"\t\t<div data-elementor-type=\"wp-post\" data-elementor-id=\"2298\" class=\"elementor elementor-2298\" data-elementor-post-type=\"post\">\n\t\t\t\t\t\t<section class=\"elementor-section elementor-top-section elementor-element elementor-element-229dfe4 elementor-section-boxed elementor-section-height-default elementor-section-height-default\" data-id=\"229dfe4\" data-element_type=\"section\">\n\t\t\t\t\t\t<div class=\"elementor-container elementor-column-gap-default\">\n\t\t\t\t\t<div class=\"elementor-column elementor-col-100 elementor-top-column elementor-element elementor-element-366cfc7\" data-id=\"366cfc7\" data-element_type=\"column\">\n\t\t\t<div class=\"elementor-widget-wrap elementor-element-populated\">\n\t\t\t\t\t\t<div class=\"elementor-element elementor-element-b04bfb4 elementor-widget elementor-widget-text-editor\" data-id=\"b04bfb4\" data-element_type=\"widget\" data-widget_type=\"text-editor.default\">\n\t\t\t\t<div class=\"elementor-widget-container\">\n\t\t\t\t\t\t\t\t\t<div>\u00a0<\/div><div>Le vendredi du carnaval nous sommes normalement au concert de carnaval ou dans le &#8222;Rheinbr\u00fccke&#8220;.\u00a0 Malheureusement ces actions ne sont pas possible au temps du pand\u00e9mie en 2021 .<\/div><div>Aujourd&#8217;hui c&#8217;est avec une\u00a0grande tristesse que nous faisons part du d\u00e9c\u00e8s de Ruth Kranz. Elle est d\u00e9c\u00e9d\u00e9e le 05. f\u00e9vrier 2021 \u00e0 l&#8217;\u00e2ge de 94 ans.<br \/>Avec son mari, l&#8217;ancien maire de Beuel, Erwin Kranz (d\u00e9c\u00e9d\u00e9 1984), Ruth s&#8217;engageait intensive pour le jumelage et restait int\u00e9ress\u00e9e au d\u00e9veloppement du jumelage et du comit\u00e9 Beuel-Mirecourt jusqu&#8217;\u00e0 la vieillesse. Elle \u00e9tait membre du cercle de fondation du comit\u00e9\u00a0 le 05.09.2000 et c\u00e9l\u00e9brait encore avec nous le 50i\u00e8me anniversaire du jumelage Beuel-Mirecourt en mai 2019.<\/div><div>On va garder un bon souvenir de Ruth Kranz.<div class=\"shortened_begin2\">C&#8217;est avec beaucoup d&#8217;\u00e9motion que nous adressons \u00e0 sa famille l&#8217;expression de nos sinc\u00e8res condol\u00e9ances.<\/div><\/div>\t\t\t\t\t\t\t\t<\/div>\n\t\t\t\t<\/div>\n\t\t\t\t\t<\/div>\n\t\t<\/div>\n\t\t\t\t\t<\/div>\n\t\t<\/section>\n\t\t\t\t<section class=\"elementor-section elementor-top-section elementor-element elementor-element-46fe159 elementor-section-boxed elementor-section-height-default elementor-section-height-default\" data-id=\"46fe159\" data-element_type=\"section\">\n\t\t\t\t\t\t<div class=\"elementor-container elementor-column-gap-default\">\n\t\t\t\t\t<div class=\"elementor-column elementor-col-100 elementor-top-column elementor-element elementor-element-9947448\" data-id=\"9947448\" data-element_type=\"column\">\n\t\t\t<div class=\"elementor-widget-wrap elementor-element-populated\">\n\t\t\t\t\t\t<div class=\"elementor-element elementor-element-d480041 elementor-widget elementor-widget-gallery\" data-id=\"d480041\" data-element_type=\"widget\" data-settings=\"{&quot;lazyload&quot;:&quot;yes&quot;,&quot;gallery_layout&quot;:&quot;grid&quot;,&quot;columns&quot;:4,&quot;columns_tablet&quot;:2,&quot;columns_mobile&quot;:1,&quot;gap&quot;:{&quot;unit&quot;:&quot;px&quot;,&quot;size&quot;:10,&quot;sizes&quot;:[]},&quot;gap_tablet&quot;:{&quot;unit&quot;:&quot;px&quot;,&quot;size&quot;:10,&quot;sizes&quot;:[]},&quot;gap_mobile&quot;:{&quot;unit&quot;:&quot;px&quot;,&quot;size&quot;:10,&quot;sizes&quot;:[]},&quot;link_to&quot;:&quot;file&quot;,&quot;aspect_ratio&quot;:&quot;3:2&quot;,&quot;overlay_background&quot;:&quot;yes&quot;,&quot;content_hover_animation&quot;:&quot;fade-in&quot;}\" data-widget_type=\"gallery.default\">\n\t\t\t\t<div class=\"elementor-widget-container\">\n\t\t\t\t\t\t\t<div class=\"elementor-gallery__container\">\n\t\t\t\t\t\t\t<a class=\"e-gallery-item elementor-gallery-item elementor-animated-content\" href=\"https:\/\/beuel-mirecourt.eu\/WP\/wp-content\/uploads\/2021\/02\/iakkfkgdpghpgech_small-1.jpg\" data-elementor-open-lightbox=\"yes\" data-elementor-lightbox-slideshow=\"d480041\" data-elementor-lightbox-title=\"Gr\u00fcndung des Komitees am 05.09.2000\" data-e-action-hash=\"#elementor-action%3Aaction%3Dlightbox%26settings%3DeyJpZCI6MjMxNCwidXJsIjoiaHR0cHM6XC9cL2JldWVsLW1pcmVjb3VydC5ldVwvV1BcL3dwLWNvbnRlbnRcL3VwbG9hZHNcLzIwMjFcLzAyXC9pYWtrZmtnZHBnaHBnZWNoX3NtYWxsLTEuanBnIiwic2xpZGVzaG93IjoiZDQ4MDA0MSJ9\">\n\t\t\t\t\t<div class=\"e-gallery-image elementor-gallery-item__image\" data-thumbnail=\"https:\/\/beuel-mirecourt.eu\/WP\/wp-content\/uploads\/2021\/02\/iakkfkgdpghpgech_small-1-300x181.jpg\" data-width=\"300\" data-height=\"181\" aria-label=\"\" role=\"img\" ><\/div>\n\t\t\t\t\t\t\t\t\t\t\t<div class=\"elementor-gallery-item__overlay\"><\/div>\n\t\t\t\t\t\t\t\t\t\t\t\t\t\t<\/a>\n\t\t\t\t\t\t\t<a class=\"e-gallery-item elementor-gallery-item elementor-animated-content\" href=\"https:\/\/beuel-mirecourt.eu\/WP\/wp-content\/uploads\/2021\/02\/IMG_3884-2_small-2.jpg\" data-elementor-open-lightbox=\"yes\" data-elementor-lightbox-slideshow=\"d480041\" data-elementor-lightbox-title=\"Ruth Kranz (\u00e0 gauche) avec Andr\u00e9e Bastien en 2014\" data-e-action-hash=\"#elementor-action%3Aaction%3Dlightbox%26settings%3DeyJpZCI6MjMxNSwidXJsIjoiaHR0cHM6XC9cL2JldWVsLW1pcmVjb3VydC5ldVwvV1BcL3dwLWNvbnRlbnRcL3VwbG9hZHNcLzIwMjFcLzAyXC9JTUdfMzg4NC0yX3NtYWxsLTIuanBnIiwic2xpZGVzaG93IjoiZDQ4MDA0MSJ9\">\n\t\t\t\t\t<div class=\"e-gallery-image elementor-gallery-item__image\" data-thumbnail=\"https:\/\/beuel-mirecourt.eu\/WP\/wp-content\/uploads\/2021\/02\/IMG_3884-2_small-2-229x300.jpg\" data-width=\"229\" data-height=\"300\" aria-label=\"\" role=\"img\" ><\/div>\n\t\t\t\t\t\t\t\t\t\t\t<div class=\"elementor-gallery-item__overlay\"><\/div>\n\t\t\t\t\t\t\t\t\t\t\t\t\t\t<\/a>\n\t\t\t\t\t<\/div>\n\t\t\t\t\t<\/div>\n\t\t\t\t<\/div>\n\t\t\t\t\t<\/div>\n\t\t<\/div>\n\t\t\t\t\t<\/div>\n\t\t<\/section>\n\t\t\t\t<\/div>\n\t\t","protected":false},"excerpt":{"rendered":"<p>\u00a0Le vendredi du carnaval nous sommes normalement au concert de carnaval ou dans le &#8222;Rheinbr\u00fccke&#8220;.\u00a0 Malheureusement ces actions ne sont pas possible au temps du pand\u00e9mie en 2021 .Aujourd&#8217;hui c&#8217;est avec une\u00a0grande tristesse que nous faisons part du d\u00e9c\u00e8s de Ruth Kranz. Elle est d\u00e9c\u00e9d\u00e9e le 05. f\u00e9vrier 2021 \u00e0 l&#8217;\u00e2ge de 94 ans.Avec son [&hellip;]<\/p>\n","protected":false},"author":2,"featured_media":0,"comment_status":"closed","ping_status":"open","sticky":false,"template":"","format":"standard","meta":{"footnotes":""},"categories":[103,9],"tags":[],"class_list":["post-2298","post","type-post","status-publish","format-standard","hentry","category-2021-fr","category-general"],"_links":{"self":[{"href":"https:\/\/beuel-mirecourt.eu\/WP\/wp-json\/wp\/v2\/posts\/2298","targetHints":{"allow":["GET"]}}],"collection":[{"href":"https:\/\/beuel-mirecourt.eu\/WP\/wp-json\/wp\/v2\/posts"}],"about":[{"href":"https:\/\/beuel-mirecourt.eu\/WP\/wp-json\/wp\/v2\/types\/post"}],"author":[{"embeddable":true,"href":"https:\/\/beuel-mirecourt.eu\/WP\/wp-json\/wp\/v2\/users\/2"}],"replies":[{"embeddable":true,"href":"https:\/\/beuel-mirecourt.eu\/WP\/wp-json\/wp\/v2\/comments?post=2298"}],"version-history":[{"count":7,"href":"https:\/\/beuel-mirecourt.eu\/WP\/wp-json\/wp\/v2\/posts\/2298\/revisions"}],"predecessor-version":[{"id":2321,"href":"https:\/\/beuel-mirecourt.eu\/WP\/wp-json\/wp\/v2\/posts\/2298\/revisions\/2321"}],"wp:attachment":[{"href":"https:\/\/beuel-mirecourt.eu\/WP\/wp-json\/wp\/v2\/media?parent=2298"}],"wp:term":[{"taxonomy":"category","embeddable":true,"href":"https:\/\/beuel-mirecourt.eu\/WP\/wp-json\/wp\/v2\/categories?post=2298"},{"taxonomy":"post_tag","embeddable":true,"href":"https:\/\/beuel-mirecourt.eu\/WP\/wp-json\/wp\/v2\/tags?post=2298"}],"curies":[{"name":"wp","href":"https:\/\/api.w.org\/{rel}","templated":true}]}}