{"id":2536,"date":"2021-05-08T08:23:45","date_gmt":"2021-05-08T06:23:45","guid":{"rendered":"https:\/\/beuel-mirecourt.eu\/WP\/?p=2536"},"modified":"2021-05-08T09:07:03","modified_gmt":"2021-05-08T07:07:03","slug":"projet-deleves-ville-campagne-quelles-aspirations-de-linstitut-francais-bonn","status":"publish","type":"post","link":"https:\/\/beuel-mirecourt.eu\/WP\/fr\/projet-deleves-ville-campagne-quelles-aspirations-de-linstitut-francais-bonn\/","title":{"rendered":"Projet d&#8217;\u00e9l\u00e8ves \u00ab Ville, campagne, quelles aspirations ? \u00bb de l&#8217;Institut Fran\u00e7ais Bonn"},"content":{"rendered":"\t\t<div data-elementor-type=\"wp-post\" data-elementor-id=\"2536\" class=\"elementor elementor-2536\" data-elementor-post-type=\"post\">\n\t\t\t\t\t\t<section class=\"elementor-section elementor-top-section elementor-element elementor-element-24b21bc elementor-section-boxed elementor-section-height-default elementor-section-height-default\" data-id=\"24b21bc\" data-element_type=\"section\">\n\t\t\t\t\t\t<div class=\"elementor-container elementor-column-gap-default\">\n\t\t\t\t\t<div class=\"elementor-column elementor-col-100 elementor-top-column elementor-element elementor-element-cf37489\" data-id=\"cf37489\" data-element_type=\"column\">\n\t\t\t<div class=\"elementor-widget-wrap elementor-element-populated\">\n\t\t\t\t\t\t<div class=\"elementor-element elementor-element-db9e066 elementor-widget elementor-widget-text-editor\" data-id=\"db9e066\" data-element_type=\"widget\" data-widget_type=\"text-editor.default\">\n\t\t\t\t<div class=\"elementor-widget-container\">\n\t\t\t\t\t\t\t\t\t<p>Dans le cadre de la semaine de l&#8217;Europe, l&#8217;Institut fran\u00e7ais Bonn a organis\u00e9 l&#8217;\u00e9v\u00e9nement \u00ab Ville, campagne, quelles aspirations ? \u00bb, au cours duquel les conditions de vie en Allemagne et en France dans les r\u00e9gions rurales et les villes devaient \u00eatre examin\u00e9es. Trois villes ou comit\u00e9s de jumelage de Bonn et ses environs ont \u00e9t\u00e9 invit\u00e9s \u00e0 produire des courts reportages ou des vid\u00e9os en collaboration avec leurs partenaires fran\u00e7ais.<\/p><p>La pr\u00e9sidente du comit\u00e9 de Beuel, Regina Haunhorst, a demand\u00e9 \u00e0 un membre du comit\u00e9, une enseignante du Kalkuhl-Gymnasium de Beuel, si elle pouvait \u00e9ventuellement motiver les jeunes \u00e0 participer, et ce afin que le portrait de Beuel soit \u00e9galement pr\u00e9sent\u00e9 sous un angle diff\u00e9rent. Cela a donn\u00e9 lieu \u00e0 un projet suppl\u00e9mentaire \u00e0 Beuel gr\u00e2ce aux \u00e9l\u00e8ves du cours de fran\u00e7ais de Monika Willcke et Claudia Kleinespel au Ernst-Kalkuhl-Gymnasium. Elles ont demand\u00e9 \u00e0 leurs \u00e9l\u00e8ves de pr\u00e9senter sous forme de petits clips vid\u00e9o leurs endroits pr\u00e9f\u00e9r\u00e9s, les infrastructures sportives mais aussi de faire des suggestions d&#8217;am\u00e9lioration et des critiques. Le taux de participation a \u00e9t\u00e9 impressionnant : 32 \u00e9l\u00e8ves, r\u00e9partis individuellement ou en petits groupes (tout en respectant les r\u00e8gles de distanciation) ont r\u00e9alis\u00e9 des courts-m\u00e9trages pr\u00e9sentant un riche \u00e9ventail d&#8217;informations sur le quartier de Beuel. Bien s\u00fbr, tout \u00e9tait expliqu\u00e9 en fran\u00e7ais. Dans certains cas, un petit sc\u00e9nario avec des dialogues ou des s\u00e9quences de questions-r\u00e9ponses a \u00e9t\u00e9 pr\u00e9par\u00e9. Une chose est s\u00fbre : Les jeunes se plaisent \u00e0 Beuel et ils appr\u00e9cient les nombreuses possibilit\u00e9s d&#8217;activit\u00e9s dans la nature ainsi que les nombreuses activit\u00e9s de loisirs. Les rives du Rhin invitant \u00e0 une promenade et les vues magnifiques y sont pour beaucoup, tout comme l&#8217;infrastructure propos\u00e9e \u00e0 Beuel. Des excercices en VTT, des randonn\u00e9es \u00e0 v\u00e9lo, l&#8217;entra\u00eenement sur le terrain de football pr\u00e9f\u00e9r\u00e9 sont pr\u00e9sent\u00e9s. D&#8217;autres vantent le th\u00e9\u00e2tre pour jeunes de Bonn ou les nombreux glaciers et leurs multiples d\u00e9licieuses vari\u00e9t\u00e9s de glaces ou encore la \u00ab meilleure \u00e9cole du monde \u00bb, ce qui ravit certainement la direction du Ernst-Kalkuhl-Gymnasium. Mais il y a aussi quelques critiques comme le d\u00e9labrement de nombreuses pistes cyclables. Le souhait est aussi exprim\u00e9 de voir augmenter le nombre de pistes cyclables et d&#8217;\u00e9largir les trottoirs. D&#8217;autres sont g\u00ean\u00e9s par les d\u00e9chets sur les rives du Rhin \u00e0 Beuel ou encore par le bruit des nombreux camions et voitures qui se rendent vers une grande entreprise dans le quartier de Holzar.<\/p><p>\u00ab Nous sommes absolument ravis de cet engagement \u00bb, s&#8217;est r\u00e9jouie la pr\u00e9sidente du comit\u00e9. \u00ab Le projet de l&#8217;Institut fran\u00e7ais ne nous accordant que quelques minutes pour la r\u00e9alisation du film, nous avons d\u00fb couper quelques secondes de chacune des contributions de Beuel et Mirecourt pour finalement les regrouper dans un seul film, ce qui a \u00e9t\u00e9 tr\u00e8s difficile pour nous. \u00bb<\/p><p>Vous trouverez les films des \u00e9l\u00e8ves dans leur int\u00e9gralit\u00e9 sur notre page d&#8217;accueil :<\/p><p style=\"line-height: 19.5pt; background: #FEFEFE; margin: 0cm 0cm 18.75pt 0cm;\"><a href=\"https:\/\/beuel-mirecourt.eu\/WP\/schuelervideos-im-rahmen-von-stadt-land-lust\/\">https:\/\/beuel-mirecourt.eu\/WP\/schuelervideos-im-rahmen-von-stadt-land-lust<\/a><\/p>\t\t\t\t\t\t\t\t<\/div>\n\t\t\t\t<\/div>\n\t\t\t\t\t<\/div>\n\t\t<\/div>\n\t\t\t\t\t<\/div>\n\t\t<\/section>\n\t\t\t\t<\/div>\n\t\t","protected":false},"excerpt":{"rendered":"<p>Dans le cadre de la semaine de l&#8217;Europe, l&#8217;Institut fran\u00e7ais Bonn a organis\u00e9 l&#8217;\u00e9v\u00e9nement \u00ab Ville, campagne, quelles aspirations ? \u00bb, au cours duquel les conditions de vie en Allemagne et en France dans les r\u00e9gions rurales et les villes devaient \u00eatre examin\u00e9es. Trois villes ou comit\u00e9s de jumelage de Bonn et ses environs ont [&hellip;]<\/p>\n","protected":false},"author":2,"featured_media":0,"comment_status":"closed","ping_status":"open","sticky":false,"template":"","format":"standard","meta":{"footnotes":""},"categories":[103,9],"tags":[],"class_list":["post-2536","post","type-post","status-publish","format-standard","hentry","category-2021-fr","category-general"],"_links":{"self":[{"href":"https:\/\/beuel-mirecourt.eu\/WP\/wp-json\/wp\/v2\/posts\/2536","targetHints":{"allow":["GET"]}}],"collection":[{"href":"https:\/\/beuel-mirecourt.eu\/WP\/wp-json\/wp\/v2\/posts"}],"about":[{"href":"https:\/\/beuel-mirecourt.eu\/WP\/wp-json\/wp\/v2\/types\/post"}],"author":[{"embeddable":true,"href":"https:\/\/beuel-mirecourt.eu\/WP\/wp-json\/wp\/v2\/users\/2"}],"replies":[{"embeddable":true,"href":"https:\/\/beuel-mirecourt.eu\/WP\/wp-json\/wp\/v2\/comments?post=2536"}],"version-history":[{"count":10,"href":"https:\/\/beuel-mirecourt.eu\/WP\/wp-json\/wp\/v2\/posts\/2536\/revisions"}],"predecessor-version":[{"id":2546,"href":"https:\/\/beuel-mirecourt.eu\/WP\/wp-json\/wp\/v2\/posts\/2536\/revisions\/2546"}],"wp:attachment":[{"href":"https:\/\/beuel-mirecourt.eu\/WP\/wp-json\/wp\/v2\/media?parent=2536"}],"wp:term":[{"taxonomy":"category","embeddable":true,"href":"https:\/\/beuel-mirecourt.eu\/WP\/wp-json\/wp\/v2\/categories?post=2536"},{"taxonomy":"post_tag","embeddable":true,"href":"https:\/\/beuel-mirecourt.eu\/WP\/wp-json\/wp\/v2\/tags?post=2536"}],"curies":[{"name":"wp","href":"https:\/\/api.w.org\/{rel}","templated":true}]}}