{"id":2788,"date":"2021-07-04T19:18:28","date_gmt":"2021-07-04T17:18:28","guid":{"rendered":"https:\/\/beuel-mirecourt.eu\/WP\/?p=2788"},"modified":"2022-05-01T21:12:43","modified_gmt":"2022-05-01T19:12:43","slug":"des-lyceens-prennent-le-role-de-stars-pour-la-chaine-de-television-pour-enfants-kika","status":"publish","type":"post","link":"https:\/\/beuel-mirecourt.eu\/WP\/fr\/des-lyceens-prennent-le-role-de-stars-pour-la-chaine-de-television-pour-enfants-kika\/","title":{"rendered":"Des lyc\u00e9ens prennent le r\u00f4le de \u00ab stars \u00bb pour la cha\u00eene de t\u00e9l\u00e9vision pour enfants \u00abKIKA\u00bb"},"content":{"rendered":"\t\t<div data-elementor-type=\"wp-post\" data-elementor-id=\"2788\" class=\"elementor elementor-2788\" data-elementor-post-type=\"post\">\n\t\t\t\t\t\t<section class=\"elementor-section elementor-top-section elementor-element elementor-element-ba67f99 elementor-section-boxed elementor-section-height-default elementor-section-height-default\" data-id=\"ba67f99\" data-element_type=\"section\">\n\t\t\t\t\t\t<div class=\"elementor-container elementor-column-gap-default\">\n\t\t\t\t\t<div class=\"elementor-column elementor-col-100 elementor-top-column elementor-element elementor-element-cf5a7ae\" data-id=\"cf5a7ae\" data-element_type=\"column\">\n\t\t\t<div class=\"elementor-widget-wrap elementor-element-populated\">\n\t\t\t\t\t\t<div class=\"elementor-element elementor-element-33cd7c8 elementor-widget elementor-widget-text-editor\" data-id=\"33cd7c8\" data-element_type=\"widget\" data-widget_type=\"text-editor.default\">\n\t\t\t\t<div class=\"elementor-widget-container\">\n\t\t\t\t\t\t\t\t\t<p>Aller au KIKA juste avant le second cycle du lyc\u00e9e ? Bien s\u00fbr, car le projet des \u00e9l\u00e8ves dans le cadre de l&#8217;\u00e9v\u00e9nement \u00ab Ville, campagne, quelles aspirations ? \u00bb (<a href=\"https:\/\/beuel-mirecourt.eu\/WP\/fr\/projet-deleves-ville-campagne-quelles-aspirations-de-linstitut-francais-bonn\/\" rel=\"noopener\">https:\/\/beuel-mirecourt.eu\/WP\/fr\/projet-deleves-ville-campagne-quelles-aspirations-de-linstitut-francais-bonn\/<\/a>\/) se poursuit. Apr\u00e8s avoir lu des articles sur ce projet sur le net, une r\u00e9dactrice qui a fait des recherches pour la soci\u00e9t\u00e9 de production \u00ab tvision \u00bb a demand\u00e9 aux \u00e9l\u00e8ves s&#8217;ils souhaiteraient participer \u00e0 une \u00e9mission traitant des amiti\u00e9s politiques (un format sp\u00e9cial de l&#8217;\u00e9mission \u00ab neuneinhalb \u00bb du Kika, WDR).<br \/>Bien entendu, ils ont accept\u00e9 et des sc\u00e8nes semblables \u00e0 celles d&#8217;Hollywood se sont d\u00e9roul\u00e9es sur la Place de Mirecourt. Sous un soleil radieux, Sarah, r\u00e9dactrice et r\u00e9alisatrice est arriv\u00e9e accompagn\u00e9e de la pr\u00e9sentatrice Mona, du cam\u00e9raman Ralf et de Martin, technicien son. Huit lyc\u00e9ens du Ernst-Kalkuhl-Gymnasium de Beuel et leur professeure Monika Willcke les attendaient sur la Place de Mirecourt. Apr\u00e8s un bref tour de table, Sarah a expliqu\u00e9 la proc\u00e9dure. Les lyc\u00e9ens ont ainsi compris combien il pouvait \u00eatre laborieux d&#8217;enregistrer une sc\u00e8ne. Le tout devait avoir un aspect d\u00e9contract\u00e9 et informel, mais parfois, cela n&#8217;allait pas de soi ! Alors se r\u00e9p\u00e9taient les annonces \u00ab Silence ! On Tourne&#8230; moteur! \u00bb et la sc\u00e8ne \u00e9tait de nouveau tourn\u00e9e. Plus d&#8217;un promeneur a \u00e9t\u00e9 surpris de voir le groupe de quatre filles arriver avec leurs v\u00e9los ou les gar\u00e7ons faire des acrobaties avec leurs VTT sur les marches de la place de Mirecourt. La s\u00e9ance avec la tr\u00e8s sympathique pr\u00e9sentatrice Mona a \u00e9galement d\u00fb \u00eatre r\u00e9p\u00e9t\u00e9e plusieurs fois. On a veill\u00e9 \u00e0 ce que chacun soit souriant, et que le regard se tourne vers Mona au bon moment pour la saluer. Les jeunes ont tout suivi avec beaucoup de patience et ont \u00e9t\u00e9 fortement f\u00e9licit\u00e9s par l&#8217;\u00e9quipe tr\u00e8s sympathique.<br \/>La rencontre s&#8217;est poursuivie dans les salles de classe, o\u00f9 les \u00e9l\u00e8ves se sont install\u00e9s devant un ordinateur portable par tables de quatre (en respectant les r\u00e8gles de distanciation) pour \u00e9changer virtuellement avec les \u00e9l\u00e8ves de Mirecourt. La conversation a \u00e9t\u00e9 coordonn\u00e9e par M<sup>me<\/sup>\u00a0Willcke, qui a pos\u00e9 des questions bien pr\u00e9cises pour faire r\u00e9agir les diff\u00e9rents participants. Mona a \u00e9galement pos\u00e9 beaucoup de questions sur le v\u00e9cu des jeunes Fran\u00e7ais en Allemagne. Certains d&#8217;entre eux \u00e9taient d\u00e9j\u00e0 venus \u00e0 Beuel (pour certains plusieurs fois) et il \u00e9tait agr\u00e9able d&#8217;entendre qu&#8217;ils \u00e9taient particuli\u00e8rement impressionn\u00e9s par la convivialit\u00e9 et la communaut\u00e9 du \u00ab Weiberkarneval \u00bb. Mona a offert un \u00ab memory sur l&#8217;Allemagne \u00bb \u00e0 la pr\u00e9sidente du comit\u00e9 de jumelage de Beuel, Regina Haunhorst. Elle l&#8217;emportera \u00e0 Mirecourt d\u00e9but juillet pour le remettre \u00e0 sa responsable, Wally Jussy-K\u00f6rner. On a constat\u00e9 qu&#8217;il y avait des int\u00e9r\u00eats communs, comme la musique, le v\u00e9lo, mais aussi un int\u00e9r\u00eat pour le th\u00e8me de l&#8217;environnement et de la protection du climat. \u00ab Je suis ravie que mes \u00e9l\u00e8ves se soient exprim\u00e9s en fran\u00e7ais tout au long de la journ\u00e9e \u00bb, s&#8217;est r\u00e9jouie M<sup>me<\/sup>\u00a0Willcke, qui a \u00e9galement f\u00e9licit\u00e9 les participants fran\u00e7ais, dont certains ont r\u00e9pondu en allemand. Tous les participants ont finalement accept\u00e9 d&#8217;\u00e9changer leurs adresses \u00e9lectroniques pour faire plus ample connaissance et qui sait, peut \u00eatre que les contacts se poursuivront bient\u00f4t !<\/p><p><a href=\"https:\/\/kalkuhl.de\/2021\/06\/17\/kika-stars-kurz-vor-der-oberstufe\/\" target=\"_blank\" rel=\"noopener\">https:\/\/kalkuhl.de\/2021\/06\/17\/kika-stars-kurz-vor-der-oberstufe\/<\/a><\/p>\t\t\t\t\t\t\t\t<\/div>\n\t\t\t\t<\/div>\n\t\t\t\t\t<\/div>\n\t\t<\/div>\n\t\t\t\t\t<\/div>\n\t\t<\/section>\n\t\t\t\t<section class=\"elementor-section elementor-top-section elementor-element elementor-element-4b3af93 elementor-section-boxed elementor-section-height-default elementor-section-height-default\" data-id=\"4b3af93\" data-element_type=\"section\">\n\t\t\t\t\t\t<div class=\"elementor-container elementor-column-gap-default\">\n\t\t\t\t\t<div class=\"elementor-column elementor-col-100 elementor-top-column elementor-element elementor-element-a43e834\" data-id=\"a43e834\" data-element_type=\"column\">\n\t\t\t<div class=\"elementor-widget-wrap elementor-element-populated\">\n\t\t\t\t\t\t<div class=\"elementor-element elementor-element-519aaf7 elementor-widget elementor-widget-gallery\" data-id=\"519aaf7\" data-element_type=\"widget\" data-settings=\"{&quot;lazyload&quot;:&quot;yes&quot;,&quot;gallery_layout&quot;:&quot;grid&quot;,&quot;columns&quot;:4,&quot;columns_tablet&quot;:2,&quot;columns_mobile&quot;:1,&quot;gap&quot;:{&quot;unit&quot;:&quot;px&quot;,&quot;size&quot;:10,&quot;sizes&quot;:[]},&quot;gap_tablet&quot;:{&quot;unit&quot;:&quot;px&quot;,&quot;size&quot;:10,&quot;sizes&quot;:[]},&quot;gap_mobile&quot;:{&quot;unit&quot;:&quot;px&quot;,&quot;size&quot;:10,&quot;sizes&quot;:[]},&quot;link_to&quot;:&quot;file&quot;,&quot;aspect_ratio&quot;:&quot;3:2&quot;,&quot;overlay_background&quot;:&quot;yes&quot;,&quot;content_hover_animation&quot;:&quot;fade-in&quot;}\" data-widget_type=\"gallery.default\">\n\t\t\t\t<div class=\"elementor-widget-container\">\n\t\t\t\t\t\t\t<div class=\"elementor-gallery__container\">\n\t\t\t\t\t\t\t<a class=\"e-gallery-item elementor-gallery-item elementor-animated-content\" href=\"https:\/\/beuel-mirecourt.eu\/WP\/wp-content\/uploads\/2021\/06\/DSC07646_1_small.jpg\" data-elementor-open-lightbox=\"yes\" data-elementor-lightbox-slideshow=\"519aaf7\" data-elementor-lightbox-title=\"Warten am Mirecourtplatz in Beuel\" data-e-action-hash=\"#elementor-action%3Aaction%3Dlightbox%26settings%3DeyJpZCI6MjczNSwidXJsIjoiaHR0cHM6XC9cL2JldWVsLW1pcmVjb3VydC5ldVwvV1BcL3dwLWNvbnRlbnRcL3VwbG9hZHNcLzIwMjFcLzA2XC9EU0MwNzY0Nl8xX3NtYWxsLmpwZyIsInNsaWRlc2hvdyI6IjUxOWFhZjcifQ%3D%3D\">\n\t\t\t\t\t<div class=\"e-gallery-image elementor-gallery-item__image\" data-thumbnail=\"https:\/\/beuel-mirecourt.eu\/WP\/wp-content\/uploads\/2021\/06\/DSC07646_1_small-300x233.jpg\" data-width=\"300\" data-height=\"233\" aria-label=\"\" role=\"img\" ><\/div>\n\t\t\t\t\t\t\t\t\t\t\t<div class=\"elementor-gallery-item__overlay\"><\/div>\n\t\t\t\t\t\t\t\t\t\t\t\t\t\t<\/a>\n\t\t\t\t\t\t\t<a class=\"e-gallery-item elementor-gallery-item elementor-animated-content\" href=\"https:\/\/beuel-mirecourt.eu\/WP\/wp-content\/uploads\/2021\/06\/DSC07648_1_small.jpg\" data-elementor-open-lightbox=\"yes\" data-elementor-lightbox-slideshow=\"519aaf7\" data-elementor-lightbox-title=\"Die sympathische Moderatorin Mona\" data-e-action-hash=\"#elementor-action%3Aaction%3Dlightbox%26settings%3DeyJpZCI6MjczNiwidXJsIjoiaHR0cHM6XC9cL2JldWVsLW1pcmVjb3VydC5ldVwvV1BcL3dwLWNvbnRlbnRcL3VwbG9hZHNcLzIwMjFcLzA2XC9EU0MwNzY0OF8xX3NtYWxsLmpwZyIsInNsaWRlc2hvdyI6IjUxOWFhZjcifQ%3D%3D\">\n\t\t\t\t\t<div class=\"e-gallery-image elementor-gallery-item__image\" data-thumbnail=\"https:\/\/beuel-mirecourt.eu\/WP\/wp-content\/uploads\/2021\/06\/DSC07648_1_small-271x300.jpg\" data-width=\"271\" data-height=\"300\" aria-label=\"\" role=\"img\" ><\/div>\n\t\t\t\t\t\t\t\t\t\t\t<div class=\"elementor-gallery-item__overlay\"><\/div>\n\t\t\t\t\t\t\t\t\t\t\t\t\t\t<\/a>\n\t\t\t\t\t\t\t<a class=\"e-gallery-item elementor-gallery-item elementor-animated-content\" href=\"https:\/\/beuel-mirecourt.eu\/WP\/wp-content\/uploads\/2021\/06\/DSC07656_1_small.jpg\" data-elementor-open-lightbox=\"yes\" data-elementor-lightbox-slideshow=\"519aaf7\" data-elementor-lightbox-title=\"Die vier Sch\u00fclerinnen warten auf Regieanweisungen\" data-e-action-hash=\"#elementor-action%3Aaction%3Dlightbox%26settings%3DeyJpZCI6MjczNywidXJsIjoiaHR0cHM6XC9cL2JldWVsLW1pcmVjb3VydC5ldVwvV1BcL3dwLWNvbnRlbnRcL3VwbG9hZHNcLzIwMjFcLzA2XC9EU0MwNzY1Nl8xX3NtYWxsLmpwZyIsInNsaWRlc2hvdyI6IjUxOWFhZjcifQ%3D%3D\">\n\t\t\t\t\t<div class=\"e-gallery-image elementor-gallery-item__image\" data-thumbnail=\"https:\/\/beuel-mirecourt.eu\/WP\/wp-content\/uploads\/2021\/06\/DSC07656_1_small-300x203.jpg\" data-width=\"300\" data-height=\"203\" aria-label=\"\" role=\"img\" ><\/div>\n\t\t\t\t\t\t\t\t\t\t\t<div class=\"elementor-gallery-item__overlay\"><\/div>\n\t\t\t\t\t\t\t\t\t\t\t\t\t\t<\/a>\n\t\t\t\t\t\t\t<a class=\"e-gallery-item elementor-gallery-item elementor-animated-content\" href=\"https:\/\/beuel-mirecourt.eu\/WP\/wp-content\/uploads\/2021\/06\/DSC07659_1_small.jpg\" data-elementor-open-lightbox=\"yes\" data-elementor-lightbox-slideshow=\"519aaf7\" data-elementor-lightbox-title=\"Ankunft am Mirecourtplatz laut Drehplan\" data-e-action-hash=\"#elementor-action%3Aaction%3Dlightbox%26settings%3DeyJpZCI6MjczOCwidXJsIjoiaHR0cHM6XC9cL2JldWVsLW1pcmVjb3VydC5ldVwvV1BcL3dwLWNvbnRlbnRcL3VwbG9hZHNcLzIwMjFcLzA2XC9EU0MwNzY1OV8xX3NtYWxsLmpwZyIsInNsaWRlc2hvdyI6IjUxOWFhZjcifQ%3D%3D\">\n\t\t\t\t\t<div class=\"e-gallery-image elementor-gallery-item__image\" data-thumbnail=\"https:\/\/beuel-mirecourt.eu\/WP\/wp-content\/uploads\/2021\/06\/DSC07659_1_small-300x200.jpg\" data-width=\"300\" data-height=\"200\" aria-label=\"\" role=\"img\" ><\/div>\n\t\t\t\t\t\t\t\t\t\t\t<div class=\"elementor-gallery-item__overlay\"><\/div>\n\t\t\t\t\t\t\t\t\t\t\t\t\t\t<\/a>\n\t\t\t\t\t\t\t<a class=\"e-gallery-item elementor-gallery-item elementor-animated-content\" href=\"https:\/\/beuel-mirecourt.eu\/WP\/wp-content\/uploads\/2021\/06\/DSC07660_small.jpg\" data-elementor-open-lightbox=\"yes\" data-elementor-lightbox-slideshow=\"519aaf7\" data-elementor-lightbox-title=\"Schwerstarbeit bei den sommerlichen Temperaturen\" data-e-action-hash=\"#elementor-action%3Aaction%3Dlightbox%26settings%3DeyJpZCI6MjczOSwidXJsIjoiaHR0cHM6XC9cL2JldWVsLW1pcmVjb3VydC5ldVwvV1BcL3dwLWNvbnRlbnRcL3VwbG9hZHNcLzIwMjFcLzA2XC9EU0MwNzY2MF9zbWFsbC5qcGciLCJzbGlkZXNob3ciOiI1MTlhYWY3In0%3D\">\n\t\t\t\t\t<div class=\"e-gallery-image elementor-gallery-item__image\" data-thumbnail=\"https:\/\/beuel-mirecourt.eu\/WP\/wp-content\/uploads\/2021\/06\/DSC07660_small-300x200.jpg\" data-width=\"300\" data-height=\"200\" aria-label=\"\" role=\"img\" ><\/div>\n\t\t\t\t\t\t\t\t\t\t\t<div class=\"elementor-gallery-item__overlay\"><\/div>\n\t\t\t\t\t\t\t\t\t\t\t\t\t\t<\/a>\n\t\t\t\t\t\t\t<a class=\"e-gallery-item elementor-gallery-item elementor-animated-content\" href=\"https:\/\/beuel-mirecourt.eu\/WP\/wp-content\/uploads\/2021\/06\/DSC07670_small.jpg\" data-elementor-open-lightbox=\"yes\" data-elementor-lightbox-slideshow=\"519aaf7\" data-elementor-lightbox-title=\"Und los!\" data-e-action-hash=\"#elementor-action%3Aaction%3Dlightbox%26settings%3DeyJpZCI6Mjc0MCwidXJsIjoiaHR0cHM6XC9cL2JldWVsLW1pcmVjb3VydC5ldVwvV1BcL3dwLWNvbnRlbnRcL3VwbG9hZHNcLzIwMjFcLzA2XC9EU0MwNzY3MF9zbWFsbC5qcGciLCJzbGlkZXNob3ciOiI1MTlhYWY3In0%3D\">\n\t\t\t\t\t<div class=\"e-gallery-image elementor-gallery-item__image\" data-thumbnail=\"https:\/\/beuel-mirecourt.eu\/WP\/wp-content\/uploads\/2021\/06\/DSC07670_small-300x200.jpg\" data-width=\"300\" data-height=\"200\" aria-label=\"\" role=\"img\" ><\/div>\n\t\t\t\t\t\t\t\t\t\t\t<div class=\"elementor-gallery-item__overlay\"><\/div>\n\t\t\t\t\t\t\t\t\t\t\t\t\t\t<\/a>\n\t\t\t\t\t\t\t<a class=\"e-gallery-item elementor-gallery-item elementor-animated-content\" href=\"https:\/\/beuel-mirecourt.eu\/WP\/wp-content\/uploads\/2021\/06\/DSC07677_small.jpg\" data-elementor-open-lightbox=\"yes\" data-elementor-lightbox-slideshow=\"519aaf7\" data-elementor-lightbox-title=\"Kunstst\u00fccke mit dem Mountainbike\" data-e-action-hash=\"#elementor-action%3Aaction%3Dlightbox%26settings%3DeyJpZCI6Mjc0MSwidXJsIjoiaHR0cHM6XC9cL2JldWVsLW1pcmVjb3VydC5ldVwvV1BcL3dwLWNvbnRlbnRcL3VwbG9hZHNcLzIwMjFcLzA2XC9EU0MwNzY3N19zbWFsbC5qcGciLCJzbGlkZXNob3ciOiI1MTlhYWY3In0%3D\">\n\t\t\t\t\t<div class=\"e-gallery-image elementor-gallery-item__image\" data-thumbnail=\"https:\/\/beuel-mirecourt.eu\/WP\/wp-content\/uploads\/2021\/06\/DSC07677_small-300x200.jpg\" data-width=\"300\" data-height=\"200\" aria-label=\"\" role=\"img\" ><\/div>\n\t\t\t\t\t\t\t\t\t\t\t<div class=\"elementor-gallery-item__overlay\"><\/div>\n\t\t\t\t\t\t\t\t\t\t\t\t\t\t<\/a>\n\t\t\t\t\t\t\t<a class=\"e-gallery-item elementor-gallery-item elementor-animated-content\" href=\"https:\/\/beuel-mirecourt.eu\/WP\/wp-content\/uploads\/2021\/06\/DSC07692_1_small.jpg\" data-elementor-open-lightbox=\"yes\" data-elementor-lightbox-slideshow=\"519aaf7\" data-elementor-lightbox-title=\"Absprache der Herren\" data-e-action-hash=\"#elementor-action%3Aaction%3Dlightbox%26settings%3DeyJpZCI6Mjc0MiwidXJsIjoiaHR0cHM6XC9cL2JldWVsLW1pcmVjb3VydC5ldVwvV1BcL3dwLWNvbnRlbnRcL3VwbG9hZHNcLzIwMjFcLzA2XC9EU0MwNzY5Ml8xX3NtYWxsLmpwZyIsInNsaWRlc2hvdyI6IjUxOWFhZjcifQ%3D%3D\">\n\t\t\t\t\t<div class=\"e-gallery-image elementor-gallery-item__image\" data-thumbnail=\"https:\/\/beuel-mirecourt.eu\/WP\/wp-content\/uploads\/2021\/06\/DSC07692_1_small-300x200.jpg\" data-width=\"300\" data-height=\"200\" aria-label=\"\" role=\"img\" ><\/div>\n\t\t\t\t\t\t\t\t\t\t\t<div class=\"elementor-gallery-item__overlay\"><\/div>\n\t\t\t\t\t\t\t\t\t\t\t\t\t\t<\/a>\n\t\t\t\t\t\t\t<a class=\"e-gallery-item elementor-gallery-item elementor-animated-content\" href=\"https:\/\/beuel-mirecourt.eu\/WP\/wp-content\/uploads\/2021\/06\/DSC07698_1_small.jpg\" data-elementor-open-lightbox=\"yes\" data-elementor-lightbox-slideshow=\"519aaf7\" data-elementor-lightbox-title=\"Mona und Sarah\" data-e-action-hash=\"#elementor-action%3Aaction%3Dlightbox%26settings%3DeyJpZCI6Mjc0MywidXJsIjoiaHR0cHM6XC9cL2JldWVsLW1pcmVjb3VydC5ldVwvV1BcL3dwLWNvbnRlbnRcL3VwbG9hZHNcLzIwMjFcLzA2XC9EU0MwNzY5OF8xX3NtYWxsLmpwZyIsInNsaWRlc2hvdyI6IjUxOWFhZjcifQ%3D%3D\">\n\t\t\t\t\t<div class=\"e-gallery-image elementor-gallery-item__image\" data-thumbnail=\"https:\/\/beuel-mirecourt.eu\/WP\/wp-content\/uploads\/2021\/06\/DSC07698_1_small-300x221.jpg\" data-width=\"300\" data-height=\"221\" aria-label=\"\" role=\"img\" ><\/div>\n\t\t\t\t\t\t\t\t\t\t\t<div class=\"elementor-gallery-item__overlay\"><\/div>\n\t\t\t\t\t\t\t\t\t\t\t\t\t\t<\/a>\n\t\t\t\t\t\t\t<a class=\"e-gallery-item elementor-gallery-item elementor-animated-content\" href=\"https:\/\/beuel-mirecourt.eu\/WP\/wp-content\/uploads\/2021\/06\/DSC07701_1_small.jpg\" data-elementor-open-lightbox=\"yes\" data-elementor-lightbox-slideshow=\"519aaf7\" data-elementor-lightbox-title=\"Sarah erkl\u00e4rt mit viel Elan die einzelnen Details\" data-e-action-hash=\"#elementor-action%3Aaction%3Dlightbox%26settings%3DeyJpZCI6Mjc0NCwidXJsIjoiaHR0cHM6XC9cL2JldWVsLW1pcmVjb3VydC5ldVwvV1BcL3dwLWNvbnRlbnRcL3VwbG9hZHNcLzIwMjFcLzA2XC9EU0MwNzcwMV8xX3NtYWxsLmpwZyIsInNsaWRlc2hvdyI6IjUxOWFhZjcifQ%3D%3D\">\n\t\t\t\t\t<div class=\"e-gallery-image elementor-gallery-item__image\" data-thumbnail=\"https:\/\/beuel-mirecourt.eu\/WP\/wp-content\/uploads\/2021\/06\/DSC07701_1_small-300x242.jpg\" data-width=\"300\" data-height=\"242\" aria-label=\"\" role=\"img\" ><\/div>\n\t\t\t\t\t\t\t\t\t\t\t<div class=\"elementor-gallery-item__overlay\"><\/div>\n\t\t\t\t\t\t\t\t\t\t\t\t\t\t<\/a>\n\t\t\t\t\t\t\t<a class=\"e-gallery-item elementor-gallery-item elementor-animated-content\" href=\"https:\/\/beuel-mirecourt.eu\/WP\/wp-content\/uploads\/2021\/06\/DSC07703_1_small.jpg\" data-elementor-open-lightbox=\"yes\" data-elementor-lightbox-slideshow=\"519aaf7\" data-elementor-lightbox-title=\"Aufmerksame Zuh\u00f6rerinnen\" data-e-action-hash=\"#elementor-action%3Aaction%3Dlightbox%26settings%3DeyJpZCI6Mjc0NSwidXJsIjoiaHR0cHM6XC9cL2JldWVsLW1pcmVjb3VydC5ldVwvV1BcL3dwLWNvbnRlbnRcL3VwbG9hZHNcLzIwMjFcLzA2XC9EU0MwNzcwM18xX3NtYWxsLmpwZyIsInNsaWRlc2hvdyI6IjUxOWFhZjcifQ%3D%3D\">\n\t\t\t\t\t<div class=\"e-gallery-image elementor-gallery-item__image\" data-thumbnail=\"https:\/\/beuel-mirecourt.eu\/WP\/wp-content\/uploads\/2021\/06\/DSC07703_1_small-300x250.jpg\" data-width=\"300\" data-height=\"250\" aria-label=\"\" role=\"img\" ><\/div>\n\t\t\t\t\t\t\t\t\t\t\t<div class=\"elementor-gallery-item__overlay\"><\/div>\n\t\t\t\t\t\t\t\t\t\t\t\t\t\t<\/a>\n\t\t\t\t\t\t\t<a class=\"e-gallery-item elementor-gallery-item elementor-animated-content\" href=\"https:\/\/beuel-mirecourt.eu\/WP\/wp-content\/uploads\/2021\/06\/DSC07720_small.jpg\" data-elementor-open-lightbox=\"yes\" data-elementor-lightbox-slideshow=\"519aaf7\" data-elementor-lightbox-title=\"Kamera l\u00e4uft, Ton ab!\" data-e-action-hash=\"#elementor-action%3Aaction%3Dlightbox%26settings%3DeyJpZCI6Mjc0NiwidXJsIjoiaHR0cHM6XC9cL2JldWVsLW1pcmVjb3VydC5ldVwvV1BcL3dwLWNvbnRlbnRcL3VwbG9hZHNcLzIwMjFcLzA2XC9EU0MwNzcyMF9zbWFsbC5qcGciLCJzbGlkZXNob3ciOiI1MTlhYWY3In0%3D\">\n\t\t\t\t\t<div class=\"e-gallery-image elementor-gallery-item__image\" data-thumbnail=\"https:\/\/beuel-mirecourt.eu\/WP\/wp-content\/uploads\/2021\/06\/DSC07720_small-300x200.jpg\" data-width=\"300\" data-height=\"200\" aria-label=\"\" role=\"img\" ><\/div>\n\t\t\t\t\t\t\t\t\t\t\t<div class=\"elementor-gallery-item__overlay\"><\/div>\n\t\t\t\t\t\t\t\t\t\t\t\t\t\t<\/a>\n\t\t\t\t\t\t\t<a class=\"e-gallery-item elementor-gallery-item elementor-animated-content\" href=\"https:\/\/beuel-mirecourt.eu\/WP\/wp-content\/uploads\/2021\/06\/DSC07724_small.jpg\" data-elementor-open-lightbox=\"yes\" data-elementor-lightbox-slideshow=\"519aaf7\" data-elementor-lightbox-title=\"Tontechniker Martin und Kameramann Martin bei der Arbeit: Mit Maske im hei\u00dfen Klassenraum!\" data-e-action-hash=\"#elementor-action%3Aaction%3Dlightbox%26settings%3DeyJpZCI6Mjc0NywidXJsIjoiaHR0cHM6XC9cL2JldWVsLW1pcmVjb3VydC5ldVwvV1BcL3dwLWNvbnRlbnRcL3VwbG9hZHNcLzIwMjFcLzA2XC9EU0MwNzcyNF9zbWFsbC5qcGciLCJzbGlkZXNob3ciOiI1MTlhYWY3In0%3D\">\n\t\t\t\t\t<div class=\"e-gallery-image elementor-gallery-item__image\" data-thumbnail=\"https:\/\/beuel-mirecourt.eu\/WP\/wp-content\/uploads\/2021\/06\/DSC07724_small-300x200.jpg\" data-width=\"300\" data-height=\"200\" aria-label=\"\" role=\"img\" ><\/div>\n\t\t\t\t\t\t\t\t\t\t\t<div class=\"elementor-gallery-item__overlay\"><\/div>\n\t\t\t\t\t\t\t\t\t\t\t\t\t\t<\/a>\n\t\t\t\t\t<\/div>\n\t\t\t\t\t<\/div>\n\t\t\t\t<\/div>\n\t\t\t\t\t<\/div>\n\t\t<\/div>\n\t\t\t\t\t<\/div>\n\t\t<\/section>\n\t\t\t\t<\/div>\n\t\t","protected":false},"excerpt":{"rendered":"<p>Aller au KIKA juste avant le second cycle du lyc\u00e9e ? Bien s\u00fbr, car le projet des \u00e9l\u00e8ves dans le cadre de l&#8217;\u00e9v\u00e9nement \u00ab Ville, campagne, quelles aspirations ? \u00bb (https:\/\/beuel-mirecourt.eu\/WP\/fr\/projet-deleves-ville-campagne-quelles-aspirations-de-linstitut-francais-bonn\/\/) se poursuit. Apr\u00e8s avoir lu des articles sur ce projet sur le net, une r\u00e9dactrice qui a fait des recherches pour la soci\u00e9t\u00e9 de [&hellip;]<\/p>\n","protected":false},"author":2,"featured_media":0,"comment_status":"closed","ping_status":"open","sticky":false,"template":"","format":"standard","meta":{"footnotes":""},"categories":[103,9],"tags":[],"class_list":["post-2788","post","type-post","status-publish","format-standard","hentry","category-2021-fr","category-general"],"_links":{"self":[{"href":"https:\/\/beuel-mirecourt.eu\/WP\/wp-json\/wp\/v2\/posts\/2788","targetHints":{"allow":["GET"]}}],"collection":[{"href":"https:\/\/beuel-mirecourt.eu\/WP\/wp-json\/wp\/v2\/posts"}],"about":[{"href":"https:\/\/beuel-mirecourt.eu\/WP\/wp-json\/wp\/v2\/types\/post"}],"author":[{"embeddable":true,"href":"https:\/\/beuel-mirecourt.eu\/WP\/wp-json\/wp\/v2\/users\/2"}],"replies":[{"embeddable":true,"href":"https:\/\/beuel-mirecourt.eu\/WP\/wp-json\/wp\/v2\/comments?post=2788"}],"version-history":[{"count":7,"href":"https:\/\/beuel-mirecourt.eu\/WP\/wp-json\/wp\/v2\/posts\/2788\/revisions"}],"predecessor-version":[{"id":3224,"href":"https:\/\/beuel-mirecourt.eu\/WP\/wp-json\/wp\/v2\/posts\/2788\/revisions\/3224"}],"wp:attachment":[{"href":"https:\/\/beuel-mirecourt.eu\/WP\/wp-json\/wp\/v2\/media?parent=2788"}],"wp:term":[{"taxonomy":"category","embeddable":true,"href":"https:\/\/beuel-mirecourt.eu\/WP\/wp-json\/wp\/v2\/categories?post=2788"},{"taxonomy":"post_tag","embeddable":true,"href":"https:\/\/beuel-mirecourt.eu\/WP\/wp-json\/wp\/v2\/tags?post=2788"}],"curies":[{"name":"wp","href":"https:\/\/api.w.org\/{rel}","templated":true}]}}