{"id":2798,"date":"2021-07-05T19:06:56","date_gmt":"2021-07-05T17:06:56","guid":{"rendered":"https:\/\/beuel-mirecourt.eu\/WP\/?p=2798"},"modified":"2021-08-10T14:51:03","modified_gmt":"2021-08-10T12:51:03","slug":"fahrradtour-tour-der-hoffnung","status":"publish","type":"post","link":"https:\/\/beuel-mirecourt.eu\/WP\/fahrradtour-tour-der-hoffnung\/","title":{"rendered":"Fahrradtour &#8222;Tour der Hoffnung&#8220;"},"content":{"rendered":"\t\t<div data-elementor-type=\"wp-post\" data-elementor-id=\"2798\" class=\"elementor elementor-2798\" data-elementor-post-type=\"post\">\n\t\t\t\t\t\t<section class=\"elementor-section elementor-top-section elementor-element elementor-element-2f89474 elementor-section-boxed elementor-section-height-default elementor-section-height-default\" data-id=\"2f89474\" data-element_type=\"section\">\n\t\t\t\t\t\t<div class=\"elementor-container elementor-column-gap-default\">\n\t\t\t\t\t<div class=\"elementor-column elementor-col-100 elementor-top-column elementor-element elementor-element-7537b45\" data-id=\"7537b45\" data-element_type=\"column\">\n\t\t\t<div class=\"elementor-widget-wrap elementor-element-populated\">\n\t\t\t\t\t\t<div class=\"elementor-element elementor-element-a0ae75f elementor-widget elementor-widget-text-editor\" data-id=\"a0ae75f\" data-element_type=\"widget\" data-widget_type=\"text-editor.default\">\n\t\t\t\t<div class=\"elementor-widget-container\">\n\t\t\t\t\t\t\t\t\t<p>Am 05. Juli 2021 startete eine kleine Gruppe von Fahrradfahrern und Fahrerinnen p\u00fcnktlich um 8.30 Uhr vom Mirecourtplatz in Beuel. Bezirksb\u00fcrgermeisterin Lara Mohn und Elke Kiesel von der Bezirksverwaltungsstelle verabschiedeten die Gruppe, die angef\u00fchrt von Thomas Fricke, Richtung Dernau mit Endziel Gerolstein bei trockenem Wetter davon fuhr. Leider wurde die Gruppe unterwegs von einigen Regenschauern begleitet, so dass sie ziemlich nass an ihrem Ziel Gerolstein von B\u00fcrgermeister Schneider begr\u00fc\u00dft worden. Unterwegs wurde Halt in Dernau, D\u00fcmpelfeld und Nohn gemacht, wo Mario und Regina Haunhorst jeweils mit dem Begleitfahrzeug warteten und die Gruppe verpflegten.<\/p><p>Am n\u00e4chsten Morgen ging es von Gerolstein nach Perl, ca. 140 km.\u00a0<\/p>\t\t\t\t\t\t\t\t<\/div>\n\t\t\t\t<\/div>\n\t\t\t\t\t<\/div>\n\t\t<\/div>\n\t\t\t\t\t<\/div>\n\t\t<\/section>\n\t\t\t\t<section class=\"elementor-section elementor-top-section elementor-element elementor-element-76266d4 elementor-section-boxed elementor-section-height-default elementor-section-height-default\" data-id=\"76266d4\" data-element_type=\"section\">\n\t\t\t\t\t\t<div class=\"elementor-container elementor-column-gap-default\">\n\t\t\t\t\t<div class=\"elementor-column elementor-col-100 elementor-top-column elementor-element elementor-element-7a98e95\" data-id=\"7a98e95\" data-element_type=\"column\">\n\t\t\t<div class=\"elementor-widget-wrap elementor-element-populated\">\n\t\t\t\t\t\t<div class=\"elementor-element elementor-element-3c11146 elementor-widget elementor-widget-gallery\" data-id=\"3c11146\" data-element_type=\"widget\" data-settings=\"{&quot;lazyload&quot;:&quot;yes&quot;,&quot;gallery_layout&quot;:&quot;grid&quot;,&quot;columns&quot;:4,&quot;columns_tablet&quot;:2,&quot;columns_mobile&quot;:1,&quot;gap&quot;:{&quot;unit&quot;:&quot;px&quot;,&quot;size&quot;:10,&quot;sizes&quot;:[]},&quot;gap_tablet&quot;:{&quot;unit&quot;:&quot;px&quot;,&quot;size&quot;:10,&quot;sizes&quot;:[]},&quot;gap_mobile&quot;:{&quot;unit&quot;:&quot;px&quot;,&quot;size&quot;:10,&quot;sizes&quot;:[]},&quot;link_to&quot;:&quot;file&quot;,&quot;aspect_ratio&quot;:&quot;3:2&quot;,&quot;overlay_background&quot;:&quot;yes&quot;,&quot;content_hover_animation&quot;:&quot;fade-in&quot;}\" data-widget_type=\"gallery.default\">\n\t\t\t\t<div class=\"elementor-widget-container\">\n\t\t\t\t\t\t\t<div class=\"elementor-gallery__container\">\n\t\t\t\t\t\t\t<a class=\"e-gallery-item elementor-gallery-item elementor-animated-content\" href=\"https:\/\/beuel-mirecourt.eu\/WP\/wp-content\/uploads\/2021\/07\/DSC07783_1_small.jpg\" data-elementor-open-lightbox=\"yes\" data-elementor-lightbox-slideshow=\"3c11146\" data-elementor-lightbox-title=\"Abschied am Mirecourtplatz, links Bezirksb\u00fcrgermeisterin Lara Mohn\" data-e-action-hash=\"#elementor-action%3Aaction%3Dlightbox%26settings%3DeyJpZCI6MjgwMCwidXJsIjoiaHR0cHM6XC9cL2JldWVsLW1pcmVjb3VydC5ldVwvV1BcL3dwLWNvbnRlbnRcL3VwbG9hZHNcLzIwMjFcLzA3XC9EU0MwNzc4M18xX3NtYWxsLmpwZyIsInNsaWRlc2hvdyI6IjNjMTExNDYifQ%3D%3D\">\n\t\t\t\t\t<div class=\"e-gallery-image elementor-gallery-item__image\" data-thumbnail=\"https:\/\/beuel-mirecourt.eu\/WP\/wp-content\/uploads\/2021\/07\/DSC07783_1_small-300x234.jpg\" data-width=\"300\" data-height=\"234\" aria-label=\"\" role=\"img\" ><\/div>\n\t\t\t\t\t\t\t\t\t\t\t<div class=\"elementor-gallery-item__overlay\"><\/div>\n\t\t\t\t\t\t\t\t\t\t\t\t\t\t<\/a>\n\t\t\t\t\t\t\t<a class=\"e-gallery-item elementor-gallery-item elementor-animated-content\" href=\"https:\/\/beuel-mirecourt.eu\/WP\/wp-content\/uploads\/2021\/07\/DSC07796_1_small.jpg\" data-elementor-open-lightbox=\"yes\" data-elementor-lightbox-slideshow=\"3c11146\" data-elementor-lightbox-title=\"Abschied am MIrecourtplatz mit Lara Mohn und Elke Kiesel\" data-e-action-hash=\"#elementor-action%3Aaction%3Dlightbox%26settings%3DeyJpZCI6MjgwMSwidXJsIjoiaHR0cHM6XC9cL2JldWVsLW1pcmVjb3VydC5ldVwvV1BcL3dwLWNvbnRlbnRcL3VwbG9hZHNcLzIwMjFcLzA3XC9EU0MwNzc5Nl8xX3NtYWxsLmpwZyIsInNsaWRlc2hvdyI6IjNjMTExNDYifQ%3D%3D\">\n\t\t\t\t\t<div class=\"e-gallery-image elementor-gallery-item__image\" data-thumbnail=\"https:\/\/beuel-mirecourt.eu\/WP\/wp-content\/uploads\/2021\/07\/DSC07796_1_small-300x250.jpg\" data-width=\"300\" data-height=\"250\" aria-label=\"\" role=\"img\" ><\/div>\n\t\t\t\t\t\t\t\t\t\t\t<div class=\"elementor-gallery-item__overlay\"><\/div>\n\t\t\t\t\t\t\t\t\t\t\t\t\t\t<\/a>\n\t\t\t\t\t\t\t<a class=\"e-gallery-item elementor-gallery-item elementor-animated-content\" href=\"https:\/\/beuel-mirecourt.eu\/WP\/wp-content\/uploads\/2021\/07\/DSC07808_1_small.jpg\" data-elementor-open-lightbox=\"yes\" data-elementor-lightbox-slideshow=\"3c11146\" data-elementor-lightbox-title=\"Abfahrt unter Leitung von Thomas, gefolgt von Petra und Gereon\" data-e-action-hash=\"#elementor-action%3Aaction%3Dlightbox%26settings%3DeyJpZCI6MjgwMiwidXJsIjoiaHR0cHM6XC9cL2JldWVsLW1pcmVjb3VydC5ldVwvV1BcL3dwLWNvbnRlbnRcL3VwbG9hZHNcLzIwMjFcLzA3XC9EU0MwNzgwOF8xX3NtYWxsLmpwZyIsInNsaWRlc2hvdyI6IjNjMTExNDYifQ%3D%3D\">\n\t\t\t\t\t<div class=\"e-gallery-image elementor-gallery-item__image\" data-thumbnail=\"https:\/\/beuel-mirecourt.eu\/WP\/wp-content\/uploads\/2021\/07\/DSC07808_1_small-300x200.jpg\" data-width=\"300\" data-height=\"200\" aria-label=\"\" role=\"img\" ><\/div>\n\t\t\t\t\t\t\t\t\t\t\t<div class=\"elementor-gallery-item__overlay\"><\/div>\n\t\t\t\t\t\t\t\t\t\t\t\t\t\t<\/a>\n\t\t\t\t\t\t\t<a class=\"e-gallery-item elementor-gallery-item elementor-animated-content\" href=\"https:\/\/beuel-mirecourt.eu\/WP\/wp-content\/uploads\/2021\/07\/DSC07834_1_small.jpg\" data-elementor-open-lightbox=\"yes\" data-elementor-lightbox-slideshow=\"3c11146\" data-elementor-lightbox-title=\"Rosi, Andreas und Helmut folgen\" data-e-action-hash=\"#elementor-action%3Aaction%3Dlightbox%26settings%3DeyJpZCI6MjgwMywidXJsIjoiaHR0cHM6XC9cL2JldWVsLW1pcmVjb3VydC5ldVwvV1BcL3dwLWNvbnRlbnRcL3VwbG9hZHNcLzIwMjFcLzA3XC9EU0MwNzgzNF8xX3NtYWxsLmpwZyIsInNsaWRlc2hvdyI6IjNjMTExNDYifQ%3D%3D\">\n\t\t\t\t\t<div class=\"e-gallery-image elementor-gallery-item__image\" data-thumbnail=\"https:\/\/beuel-mirecourt.eu\/WP\/wp-content\/uploads\/2021\/07\/DSC07834_1_small-300x200.jpg\" data-width=\"300\" data-height=\"200\" aria-label=\"\" role=\"img\" ><\/div>\n\t\t\t\t\t\t\t\t\t\t\t<div class=\"elementor-gallery-item__overlay\"><\/div>\n\t\t\t\t\t\t\t\t\t\t\t\t\t\t<\/a>\n\t\t\t\t\t\t\t<a class=\"e-gallery-item elementor-gallery-item elementor-animated-content\" href=\"https:\/\/beuel-mirecourt.eu\/WP\/wp-content\/uploads\/2021\/07\/DSC07851_1_small.jpg\" data-elementor-open-lightbox=\"yes\" data-elementor-lightbox-slideshow=\"3c11146\" data-elementor-lightbox-title=\"Helmut macht das Schlusslicht!\" data-e-action-hash=\"#elementor-action%3Aaction%3Dlightbox%26settings%3DeyJpZCI6MjgwNCwidXJsIjoiaHR0cHM6XC9cL2JldWVsLW1pcmVjb3VydC5ldVwvV1BcL3dwLWNvbnRlbnRcL3VwbG9hZHNcLzIwMjFcLzA3XC9EU0MwNzg1MV8xX3NtYWxsLmpwZyIsInNsaWRlc2hvdyI6IjNjMTExNDYifQ%3D%3D\">\n\t\t\t\t\t<div class=\"e-gallery-image elementor-gallery-item__image\" data-thumbnail=\"https:\/\/beuel-mirecourt.eu\/WP\/wp-content\/uploads\/2021\/07\/DSC07851_1_small-254x300.jpg\" data-width=\"254\" data-height=\"300\" aria-label=\"\" role=\"img\" ><\/div>\n\t\t\t\t\t\t\t\t\t\t\t<div class=\"elementor-gallery-item__overlay\"><\/div>\n\t\t\t\t\t\t\t\t\t\t\t\t\t\t<\/a>\n\t\t\t\t\t\t\t<a class=\"e-gallery-item elementor-gallery-item elementor-animated-content\" href=\"https:\/\/beuel-mirecourt.eu\/WP\/wp-content\/uploads\/2021\/07\/DSC07853-scaled.jpg\" data-elementor-open-lightbox=\"yes\" data-elementor-lightbox-slideshow=\"3c11146\" data-e-action-hash=\"#elementor-action%3Aaction%3Dlightbox%26settings%3DeyJpZCI6MjgwNSwidXJsIjoiaHR0cHM6XC9cL2JldWVsLW1pcmVjb3VydC5ldVwvV1BcL3dwLWNvbnRlbnRcL3VwbG9hZHNcLzIwMjFcLzA3XC9EU0MwNzg1My1zY2FsZWQuanBnIiwic2xpZGVzaG93IjoiM2MxMTE0NiJ9\">\n\t\t\t\t\t<div class=\"e-gallery-image elementor-gallery-item__image\" data-thumbnail=\"https:\/\/beuel-mirecourt.eu\/WP\/wp-content\/uploads\/2021\/07\/DSC07853-300x200.jpg\" data-width=\"300\" data-height=\"200\" aria-label=\"\" role=\"img\" ><\/div>\n\t\t\t\t\t\t\t\t\t\t\t<div class=\"elementor-gallery-item__overlay\"><\/div>\n\t\t\t\t\t\t\t\t\t\t\t\t\t\t<\/a>\n\t\t\t\t\t\t\t<a class=\"e-gallery-item elementor-gallery-item elementor-animated-content\" href=\"https:\/\/beuel-mirecourt.eu\/WP\/wp-content\/uploads\/2021\/07\/DSC07854-scaled.jpg\" data-elementor-open-lightbox=\"yes\" data-elementor-lightbox-slideshow=\"3c11146\" data-elementor-lightbox-title=\"Rast oberhalb von Dernau\" data-e-action-hash=\"#elementor-action%3Aaction%3Dlightbox%26settings%3DeyJpZCI6MjgwNiwidXJsIjoiaHR0cHM6XC9cL2JldWVsLW1pcmVjb3VydC5ldVwvV1BcL3dwLWNvbnRlbnRcL3VwbG9hZHNcLzIwMjFcLzA3XC9EU0MwNzg1NC1zY2FsZWQuanBnIiwic2xpZGVzaG93IjoiM2MxMTE0NiJ9\">\n\t\t\t\t\t<div class=\"e-gallery-image elementor-gallery-item__image\" data-thumbnail=\"https:\/\/beuel-mirecourt.eu\/WP\/wp-content\/uploads\/2021\/07\/DSC07854-300x200.jpg\" data-width=\"300\" data-height=\"200\" aria-label=\"\" role=\"img\" ><\/div>\n\t\t\t\t\t\t\t\t\t\t\t<div class=\"elementor-gallery-item__overlay\"><\/div>\n\t\t\t\t\t\t\t\t\t\t\t\t\t\t<\/a>\n\t\t\t\t\t\t\t<a class=\"e-gallery-item elementor-gallery-item elementor-animated-content\" href=\"https:\/\/beuel-mirecourt.eu\/WP\/wp-content\/uploads\/2021\/07\/DSC07858_small.jpg\" data-elementor-open-lightbox=\"yes\" data-elementor-lightbox-slideshow=\"3c11146\" data-elementor-lightbox-title=\"Picknick vorbereitet!\" data-e-action-hash=\"#elementor-action%3Aaction%3Dlightbox%26settings%3DeyJpZCI6MjgxNSwidXJsIjoiaHR0cHM6XC9cL2JldWVsLW1pcmVjb3VydC5ldVwvV1BcL3dwLWNvbnRlbnRcL3VwbG9hZHNcLzIwMjFcLzA3XC9EU0MwNzg1OF9zbWFsbC5qcGciLCJzbGlkZXNob3ciOiIzYzExMTQ2In0%3D\">\n\t\t\t\t\t<div class=\"e-gallery-image elementor-gallery-item__image\" data-thumbnail=\"https:\/\/beuel-mirecourt.eu\/WP\/wp-content\/uploads\/2021\/07\/DSC07858_small-300x200.jpg\" data-width=\"300\" data-height=\"200\" aria-label=\"\" role=\"img\" ><\/div>\n\t\t\t\t\t\t\t\t\t\t\t<div class=\"elementor-gallery-item__overlay\"><\/div>\n\t\t\t\t\t\t\t\t\t\t\t\t\t\t<\/a>\n\t\t\t\t\t\t\t<a class=\"e-gallery-item elementor-gallery-item elementor-animated-content\" href=\"https:\/\/beuel-mirecourt.eu\/WP\/wp-content\/uploads\/2021\/07\/DSC07859_small.jpg\" data-elementor-open-lightbox=\"yes\" data-elementor-lightbox-slideshow=\"3c11146\" data-e-action-hash=\"#elementor-action%3Aaction%3Dlightbox%26settings%3DeyJpZCI6MjgxNiwidXJsIjoiaHR0cHM6XC9cL2JldWVsLW1pcmVjb3VydC5ldVwvV1BcL3dwLWNvbnRlbnRcL3VwbG9hZHNcLzIwMjFcLzA3XC9EU0MwNzg1OV9zbWFsbC5qcGciLCJzbGlkZXNob3ciOiIzYzExMTQ2In0%3D\">\n\t\t\t\t\t<div class=\"e-gallery-image elementor-gallery-item__image\" data-thumbnail=\"https:\/\/beuel-mirecourt.eu\/WP\/wp-content\/uploads\/2021\/07\/DSC07859_small-300x200.jpg\" data-width=\"300\" data-height=\"200\" aria-label=\"\" role=\"img\" ><\/div>\n\t\t\t\t\t\t\t\t\t\t\t<div class=\"elementor-gallery-item__overlay\"><\/div>\n\t\t\t\t\t\t\t\t\t\t\t\t\t\t<\/a>\n\t\t\t\t\t\t\t<a class=\"e-gallery-item elementor-gallery-item elementor-animated-content\" href=\"https:\/\/beuel-mirecourt.eu\/WP\/wp-content\/uploads\/2021\/07\/DSC07862_small.jpg\" data-elementor-open-lightbox=\"yes\" data-elementor-lightbox-slideshow=\"3c11146\" data-elementor-lightbox-title=\"Helmut und Mario: Gespr\u00e4ch unter M\u00e4nnern\" data-e-action-hash=\"#elementor-action%3Aaction%3Dlightbox%26settings%3DeyJpZCI6MjgxNywidXJsIjoiaHR0cHM6XC9cL2JldWVsLW1pcmVjb3VydC5ldVwvV1BcL3dwLWNvbnRlbnRcL3VwbG9hZHNcLzIwMjFcLzA3XC9EU0MwNzg2Ml9zbWFsbC5qcGciLCJzbGlkZXNob3ciOiIzYzExMTQ2In0%3D\">\n\t\t\t\t\t<div class=\"e-gallery-image elementor-gallery-item__image\" data-thumbnail=\"https:\/\/beuel-mirecourt.eu\/WP\/wp-content\/uploads\/2021\/07\/DSC07862_small-300x200.jpg\" data-width=\"300\" data-height=\"200\" aria-label=\"\" role=\"img\" ><\/div>\n\t\t\t\t\t\t\t\t\t\t\t<div class=\"elementor-gallery-item__overlay\"><\/div>\n\t\t\t\t\t\t\t\t\t\t\t\t\t\t<\/a>\n\t\t\t\t\t\t\t<a class=\"e-gallery-item elementor-gallery-item elementor-animated-content\" href=\"https:\/\/beuel-mirecourt.eu\/WP\/wp-content\/uploads\/2021\/07\/DSC07864_1_small.jpg\" data-elementor-open-lightbox=\"yes\" data-elementor-lightbox-slideshow=\"3c11146\" data-elementor-lightbox-title=\"Immer zu Scherzen aufgelegt\" data-e-action-hash=\"#elementor-action%3Aaction%3Dlightbox%26settings%3DeyJpZCI6MjgxOCwidXJsIjoiaHR0cHM6XC9cL2JldWVsLW1pcmVjb3VydC5ldVwvV1BcL3dwLWNvbnRlbnRcL3VwbG9hZHNcLzIwMjFcLzA3XC9EU0MwNzg2NF8xX3NtYWxsLmpwZyIsInNsaWRlc2hvdyI6IjNjMTExNDYifQ%3D%3D\">\n\t\t\t\t\t<div class=\"e-gallery-image elementor-gallery-item__image\" data-thumbnail=\"https:\/\/beuel-mirecourt.eu\/WP\/wp-content\/uploads\/2021\/07\/DSC07864_1_small-300x222.jpg\" data-width=\"300\" data-height=\"222\" aria-label=\"\" role=\"img\" ><\/div>\n\t\t\t\t\t\t\t\t\t\t\t<div class=\"elementor-gallery-item__overlay\"><\/div>\n\t\t\t\t\t\t\t\t\t\t\t\t\t\t<\/a>\n\t\t\t\t\t\t\t<a class=\"e-gallery-item elementor-gallery-item elementor-animated-content\" href=\"https:\/\/beuel-mirecourt.eu\/WP\/wp-content\/uploads\/2021\/07\/DSC07868_small.jpg\" data-elementor-open-lightbox=\"yes\" data-elementor-lightbox-slideshow=\"3c11146\" data-elementor-lightbox-title=\"Tourenbesprechung mit dem Tourleiter Thomas Fricke\" data-e-action-hash=\"#elementor-action%3Aaction%3Dlightbox%26settings%3DeyJpZCI6MjgxOSwidXJsIjoiaHR0cHM6XC9cL2JldWVsLW1pcmVjb3VydC5ldVwvV1BcL3dwLWNvbnRlbnRcL3VwbG9hZHNcLzIwMjFcLzA3XC9EU0MwNzg2OF9zbWFsbC5qcGciLCJzbGlkZXNob3ciOiIzYzExMTQ2In0%3D\">\n\t\t\t\t\t<div class=\"e-gallery-image elementor-gallery-item__image\" data-thumbnail=\"https:\/\/beuel-mirecourt.eu\/WP\/wp-content\/uploads\/2021\/07\/DSC07868_small-300x200.jpg\" data-width=\"300\" data-height=\"200\" aria-label=\"\" role=\"img\" ><\/div>\n\t\t\t\t\t\t\t\t\t\t\t<div class=\"elementor-gallery-item__overlay\"><\/div>\n\t\t\t\t\t\t\t\t\t\t\t\t\t\t<\/a>\n\t\t\t\t\t\t\t<a class=\"e-gallery-item elementor-gallery-item elementor-animated-content\" href=\"https:\/\/beuel-mirecourt.eu\/WP\/wp-content\/uploads\/2021\/07\/DSC07871_1_small.jpg\" data-elementor-open-lightbox=\"yes\" data-elementor-lightbox-slideshow=\"3c11146\" data-elementor-lightbox-title=\"Abfahrt von Dernau\" data-e-action-hash=\"#elementor-action%3Aaction%3Dlightbox%26settings%3DeyJpZCI6MjgyMCwidXJsIjoiaHR0cHM6XC9cL2JldWVsLW1pcmVjb3VydC5ldVwvV1BcL3dwLWNvbnRlbnRcL3VwbG9hZHNcLzIwMjFcLzA3XC9EU0MwNzg3MV8xX3NtYWxsLmpwZyIsInNsaWRlc2hvdyI6IjNjMTExNDYifQ%3D%3D\">\n\t\t\t\t\t<div class=\"e-gallery-image elementor-gallery-item__image\" data-thumbnail=\"https:\/\/beuel-mirecourt.eu\/WP\/wp-content\/uploads\/2021\/07\/DSC07871_1_small-300x200.jpg\" data-width=\"300\" data-height=\"200\" aria-label=\"\" role=\"img\" ><\/div>\n\t\t\t\t\t\t\t\t\t\t\t<div class=\"elementor-gallery-item__overlay\"><\/div>\n\t\t\t\t\t\t\t\t\t\t\t\t\t\t<\/a>\n\t\t\t\t\t\t\t<a class=\"e-gallery-item elementor-gallery-item elementor-animated-content\" href=\"https:\/\/beuel-mirecourt.eu\/WP\/wp-content\/uploads\/2021\/07\/DSC07874_small.jpg\" data-elementor-open-lightbox=\"yes\" data-elementor-lightbox-slideshow=\"3c11146\" data-elementor-lightbox-title=\"Stopp in D\u00fcmpelfeld\" data-e-action-hash=\"#elementor-action%3Aaction%3Dlightbox%26settings%3DeyJpZCI6MjgyMSwidXJsIjoiaHR0cHM6XC9cL2JldWVsLW1pcmVjb3VydC5ldVwvV1BcL3dwLWNvbnRlbnRcL3VwbG9hZHNcLzIwMjFcLzA3XC9EU0MwNzg3NF9zbWFsbC5qcGciLCJzbGlkZXNob3ciOiIzYzExMTQ2In0%3D\">\n\t\t\t\t\t<div class=\"e-gallery-image elementor-gallery-item__image\" data-thumbnail=\"https:\/\/beuel-mirecourt.eu\/WP\/wp-content\/uploads\/2021\/07\/DSC07874_small-300x200.jpg\" data-width=\"300\" data-height=\"200\" aria-label=\"\" role=\"img\" ><\/div>\n\t\t\t\t\t\t\t\t\t\t\t<div class=\"elementor-gallery-item__overlay\"><\/div>\n\t\t\t\t\t\t\t\t\t\t\t\t\t\t<\/a>\n\t\t\t\t\t\t\t<a class=\"e-gallery-item elementor-gallery-item elementor-animated-content\" href=\"https:\/\/beuel-mirecourt.eu\/WP\/wp-content\/uploads\/2021\/07\/DSC07873_small.jpg\" data-elementor-open-lightbox=\"yes\" data-elementor-lightbox-slideshow=\"3c11146\" data-elementor-lightbox-title=\"Das tolle Tandem von Petra und Gereon\" data-e-action-hash=\"#elementor-action%3Aaction%3Dlightbox%26settings%3DeyJpZCI6MjgyMiwidXJsIjoiaHR0cHM6XC9cL2JldWVsLW1pcmVjb3VydC5ldVwvV1BcL3dwLWNvbnRlbnRcL3VwbG9hZHNcLzIwMjFcLzA3XC9EU0MwNzg3M19zbWFsbC5qcGciLCJzbGlkZXNob3ciOiIzYzExMTQ2In0%3D\">\n\t\t\t\t\t<div class=\"e-gallery-image elementor-gallery-item__image\" data-thumbnail=\"https:\/\/beuel-mirecourt.eu\/WP\/wp-content\/uploads\/2021\/07\/DSC07873_small-300x200.jpg\" data-width=\"300\" data-height=\"200\" aria-label=\"\" role=\"img\" ><\/div>\n\t\t\t\t\t\t\t\t\t\t\t<div class=\"elementor-gallery-item__overlay\"><\/div>\n\t\t\t\t\t\t\t\t\t\t\t\t\t\t<\/a>\n\t\t\t\t\t\t\t<a class=\"e-gallery-item elementor-gallery-item elementor-animated-content\" href=\"https:\/\/beuel-mirecourt.eu\/WP\/wp-content\/uploads\/2021\/07\/DSC07877_small.jpg\" data-elementor-open-lightbox=\"yes\" data-elementor-lightbox-slideshow=\"3c11146\" data-elementor-lightbox-title=\"Eine Runde Datteln\" data-e-action-hash=\"#elementor-action%3Aaction%3Dlightbox%26settings%3DeyJpZCI6MjgyMywidXJsIjoiaHR0cHM6XC9cL2JldWVsLW1pcmVjb3VydC5ldVwvV1BcL3dwLWNvbnRlbnRcL3VwbG9hZHNcLzIwMjFcLzA3XC9EU0MwNzg3N19zbWFsbC5qcGciLCJzbGlkZXNob3ciOiIzYzExMTQ2In0%3D\">\n\t\t\t\t\t<div class=\"e-gallery-image elementor-gallery-item__image\" data-thumbnail=\"https:\/\/beuel-mirecourt.eu\/WP\/wp-content\/uploads\/2021\/07\/DSC07877_small-300x200.jpg\" data-width=\"300\" data-height=\"200\" aria-label=\"\" role=\"img\" ><\/div>\n\t\t\t\t\t\t\t\t\t\t\t<div class=\"elementor-gallery-item__overlay\"><\/div>\n\t\t\t\t\t\t\t\t\t\t\t\t\t\t<\/a>\n\t\t\t\t\t\t\t<a class=\"e-gallery-item elementor-gallery-item elementor-animated-content\" href=\"https:\/\/beuel-mirecourt.eu\/WP\/wp-content\/uploads\/2021\/07\/DSC07887_1_small.jpg\" data-elementor-open-lightbox=\"yes\" data-elementor-lightbox-slideshow=\"3c11146\" data-elementor-lightbox-title=\"Begr\u00fc\u00dfung durch  B\u00fcrgermeister Schneider von Gerolstein\" data-e-action-hash=\"#elementor-action%3Aaction%3Dlightbox%26settings%3DeyJpZCI6MjgyNCwidXJsIjoiaHR0cHM6XC9cL2JldWVsLW1pcmVjb3VydC5ldVwvV1BcL3dwLWNvbnRlbnRcL3VwbG9hZHNcLzIwMjFcLzA3XC9EU0MwNzg4N18xX3NtYWxsLmpwZyIsInNsaWRlc2hvdyI6IjNjMTExNDYifQ%3D%3D\">\n\t\t\t\t\t<div class=\"e-gallery-image elementor-gallery-item__image\" data-thumbnail=\"https:\/\/beuel-mirecourt.eu\/WP\/wp-content\/uploads\/2021\/07\/DSC07887_1_small-300x234.jpg\" data-width=\"300\" data-height=\"234\" aria-label=\"\" role=\"img\" ><\/div>\n\t\t\t\t\t\t\t\t\t\t\t<div class=\"elementor-gallery-item__overlay\"><\/div>\n\t\t\t\t\t\t\t\t\t\t\t\t\t\t<\/a>\n\t\t\t\t\t\t\t<a class=\"e-gallery-item elementor-gallery-item elementor-animated-content\" href=\"https:\/\/beuel-mirecourt.eu\/WP\/wp-content\/uploads\/2021\/07\/DSC07889_small.jpg\" data-elementor-open-lightbox=\"yes\" data-elementor-lightbox-slideshow=\"3c11146\" data-elementor-lightbox-title=\"Eine Kappe mit dem Logo von Gerolstein f\u00fcr alle\" data-e-action-hash=\"#elementor-action%3Aaction%3Dlightbox%26settings%3DeyJpZCI6MjgyNSwidXJsIjoiaHR0cHM6XC9cL2JldWVsLW1pcmVjb3VydC5ldVwvV1BcL3dwLWNvbnRlbnRcL3VwbG9hZHNcLzIwMjFcLzA3XC9EU0MwNzg4OV9zbWFsbC5qcGciLCJzbGlkZXNob3ciOiIzYzExMTQ2In0%3D\">\n\t\t\t\t\t<div class=\"e-gallery-image elementor-gallery-item__image\" data-thumbnail=\"https:\/\/beuel-mirecourt.eu\/WP\/wp-content\/uploads\/2021\/07\/DSC07889_small-300x200.jpg\" data-width=\"300\" data-height=\"200\" aria-label=\"\" role=\"img\" ><\/div>\n\t\t\t\t\t\t\t\t\t\t\t<div class=\"elementor-gallery-item__overlay\"><\/div>\n\t\t\t\t\t\t\t\t\t\t\t\t\t\t<\/a>\n\t\t\t\t\t\t\t<a class=\"e-gallery-item elementor-gallery-item elementor-animated-content\" href=\"https:\/\/beuel-mirecourt.eu\/WP\/wp-content\/uploads\/2021\/07\/DSC07899_small.jpg\" data-elementor-open-lightbox=\"yes\" data-elementor-lightbox-slideshow=\"3c11146\" data-elementor-lightbox-title=\"Thomas Fricke \u00fcberreicht eine Dose Nervennahrung &quot;Haribo&quot;.\" data-e-action-hash=\"#elementor-action%3Aaction%3Dlightbox%26settings%3DeyJpZCI6MjgyNiwidXJsIjoiaHR0cHM6XC9cL2JldWVsLW1pcmVjb3VydC5ldVwvV1BcL3dwLWNvbnRlbnRcL3VwbG9hZHNcLzIwMjFcLzA3XC9EU0MwNzg5OV9zbWFsbC5qcGciLCJzbGlkZXNob3ciOiIzYzExMTQ2In0%3D\">\n\t\t\t\t\t<div class=\"e-gallery-image elementor-gallery-item__image\" data-thumbnail=\"https:\/\/beuel-mirecourt.eu\/WP\/wp-content\/uploads\/2021\/07\/DSC07899_small-300x200.jpg\" data-width=\"300\" data-height=\"200\" aria-label=\"\" role=\"img\" ><\/div>\n\t\t\t\t\t\t\t\t\t\t\t<div class=\"elementor-gallery-item__overlay\"><\/div>\n\t\t\t\t\t\t\t\t\t\t\t\t\t\t<\/a>\n\t\t\t\t\t<\/div>\n\t\t\t\t\t<\/div>\n\t\t\t\t<\/div>\n\t\t\t\t\t<\/div>\n\t\t<\/div>\n\t\t\t\t\t<\/div>\n\t\t<\/section>\n\t\t\t\t<\/div>\n\t\t","protected":false},"excerpt":{"rendered":"<p>Am 05. Juli 2021 startete eine kleine Gruppe von Fahrradfahrern und Fahrerinnen p\u00fcnktlich um 8.30 Uhr vom Mirecourtplatz in Beuel. Bezirksb\u00fcrgermeisterin Lara Mohn und Elke Kiesel von der Bezirksverwaltungsstelle verabschiedeten die Gruppe, die angef\u00fchrt von Thomas Fricke, Richtung Dernau mit Endziel Gerolstein bei trockenem Wetter davon fuhr. Leider wurde die Gruppe unterwegs von einigen Regenschauern [&hellip;]<\/p>\n","protected":false},"author":2,"featured_media":0,"comment_status":"closed","ping_status":"open","sticky":false,"template":"","format":"standard","meta":{"footnotes":""},"categories":[97,1],"tags":[133],"class_list":["post-2798","post","type-post","status-publish","format-standard","hentry","category-97","category-allgemein","tag-tour-der-hoffnung"],"_links":{"self":[{"href":"https:\/\/beuel-mirecourt.eu\/WP\/wp-json\/wp\/v2\/posts\/2798","targetHints":{"allow":["GET"]}}],"collection":[{"href":"https:\/\/beuel-mirecourt.eu\/WP\/wp-json\/wp\/v2\/posts"}],"about":[{"href":"https:\/\/beuel-mirecourt.eu\/WP\/wp-json\/wp\/v2\/types\/post"}],"author":[{"embeddable":true,"href":"https:\/\/beuel-mirecourt.eu\/WP\/wp-json\/wp\/v2\/users\/2"}],"replies":[{"embeddable":true,"href":"https:\/\/beuel-mirecourt.eu\/WP\/wp-json\/wp\/v2\/comments?post=2798"}],"version-history":[{"count":16,"href":"https:\/\/beuel-mirecourt.eu\/WP\/wp-json\/wp\/v2\/posts\/2798\/revisions"}],"predecessor-version":[{"id":2958,"href":"https:\/\/beuel-mirecourt.eu\/WP\/wp-json\/wp\/v2\/posts\/2798\/revisions\/2958"}],"wp:attachment":[{"href":"https:\/\/beuel-mirecourt.eu\/WP\/wp-json\/wp\/v2\/media?parent=2798"}],"wp:term":[{"taxonomy":"category","embeddable":true,"href":"https:\/\/beuel-mirecourt.eu\/WP\/wp-json\/wp\/v2\/categories?post=2798"},{"taxonomy":"post_tag","embeddable":true,"href":"https:\/\/beuel-mirecourt.eu\/WP\/wp-json\/wp\/v2\/tags?post=2798"}],"curies":[{"name":"wp","href":"https:\/\/api.w.org\/{rel}","templated":true}]}}