{"id":3266,"date":"2022-05-13T09:50:17","date_gmt":"2022-05-13T07:50:17","guid":{"rendered":"https:\/\/beuel-mirecourt.eu\/WP\/?p=3266"},"modified":"2022-05-29T07:37:40","modified_gmt":"2022-05-29T05:37:40","slug":"jahreshauptversammlung-des-partnerschaftskomitees","status":"publish","type":"post","link":"https:\/\/beuel-mirecourt.eu\/WP\/jahreshauptversammlung-des-partnerschaftskomitees\/","title":{"rendered":"Jahreshauptversammlung des Partnerschaftskomitees"},"content":{"rendered":"\t\t<div data-elementor-type=\"wp-post\" data-elementor-id=\"3266\" class=\"elementor elementor-3266\" data-elementor-post-type=\"post\">\n\t\t\t\t\t\t<section class=\"elementor-section elementor-top-section elementor-element elementor-element-21428be elementor-section-boxed elementor-section-height-default elementor-section-height-default\" data-id=\"21428be\" data-element_type=\"section\">\n\t\t\t\t\t\t<div class=\"elementor-container elementor-column-gap-default\">\n\t\t\t\t\t<div class=\"elementor-column elementor-col-100 elementor-top-column elementor-element elementor-element-f3909af\" data-id=\"f3909af\" data-element_type=\"column\">\n\t\t\t<div class=\"elementor-widget-wrap elementor-element-populated\">\n\t\t\t\t\t\t<div class=\"elementor-element elementor-element-7fe1815 elementor-widget elementor-widget-text-editor\" data-id=\"7fe1815\" data-element_type=\"widget\" data-widget_type=\"text-editor.default\">\n\t\t\t\t<div class=\"elementor-widget-container\">\n\t\t\t\t\t\t\t\t\t<p>Die Freude, sich wiederzusehen, war allen Teilnehmern und Teilnehmerinnen der Jahreshauptversammlung deutlich anzumerken.<\/p><p>\u201eWir d\u00fcrfen uns im Gegensatz zur letzten Jahreshauptversammlung wieder Zeit lassen und ausf\u00fchrlich die vielen kleinen Aktionen des Jahres 2021 vorstellen,\u201c begr\u00fc\u00dfte die 1. Vorsitzende des Komitees, Regina Haunhorst, die Anwesenden im Saal. \u201eW\u00e4hrenddessen k\u00f6nnt ihr an den sch\u00f6n gedeckten Tischen Brot, K\u00e4se, Wasser und Wein genie\u00dfen, damit ihr bei Kr\u00e4ften bleibt\u201c, f\u00fcgte sie lachend hinzu.<\/p><p>In Anwesenheit der Bezirksb\u00fcrgermeisterin Lara Mohn und des ehemaligen Vorsitzenden, Klaus Ebert, verfolgten siebenundsechzig Mitglieder entspannt den Berichten \u00fcber das Jahr 2021, unterlegt von einer PowerPoint-Pr\u00e4sentation, die mit ausgew\u00e4hlten Fotos die Arbeit des Vorstandes und die Begegnungen veranschaulichte.<\/p><p>Begonnen mit dem Austausch von Lucky Luke B\u00e4nden, die von Beuel nach Mirecourt in deutscher Sprache und umgekehrt in franz\u00f6sischer Sprache geschickt wurden, ging es weiter mit dem Versand von \u201eKarnevals-Care-Paketen\u201c nach Mirecourt, was das Komitee zusammen mit der Bezirksverwaltungsstelle organisiert hatte, bereichert mit Orden der designierten W\u00e4scherprinzessin Lena I.!<\/p><p>Ein virtuelles Projekt mit dem Institut fran\u00e7ais mit dem Titel \u201cStadt, Land, Lust\u201c f\u00fchrte zu enger Zusammenarbeit mit Mirecourt und Sch\u00fclerinnen und Sch\u00fclern des Kalkuhl-Gymnasiums in Beuel-Oberkassel. \u00dcber 50 Filme wurden zu den Lebensbedingungen in der jeweiligen Stadt gedreht und am Ende mit viel Arbeit zu einem 6 Minuten langen Film zusammengeschnitten. (<a href=\"https:\/\/beuel-mirecourt.eu\/WP\/category\/archiv\/2021\/\">https:\/\/beuel- https:\/\/beuel-mirecourt.eu\/WP\/stadt-land-lust-sehenswertes-in-mirecourt\/<\/a> und <a href=\"https:\/\/beuel-mirecourt.eu\/WP\/stadt-land-lust\/\">https:\/\/beuel-mirecourt.eu\/WP\/stadt-land-lust\/<\/a> ).<\/p><p>Nat\u00fcrlich nahm der Tod des langj\u00e4hrigen Vorsitzenden und Ehrenvorsitzenden Hans Lennarz, der \u00fcber 50 Jahre in der St\u00e4dtepartnerschaft aktiv gewesen ist, einen breiten Raum in der Berichterstattung ein. Pandemiebedingt konnte ihm im letzten Jahr kein gro\u00dfes Begr\u00e4bnis zuteilwerden, aber das Komitee organisierte mit dem Team des Heimatmuseums unter Leitung von Rainer Krippendorff eine Aktion, wo sich Beueler B\u00fcrger und B\u00fcrgerinnen in ein Kondolenzbuch eintragen konnten. Diese Zusammenarbeit erfolgte ebenfalls an einem Gedenkwochenende im Juni, an dem langj\u00e4hrige Weggef\u00e4hrten von Hans Lennarz, der B\u00fcrgermeister von Mirecourt, Yves S\u00e9journ\u00e9 und der Vorsitzende des Mirecourter Komitees, Bernard Schmitt, nach Beuel kamen, um Hans Lennarz am Grab die letzte Ehre zu erweisen. Zus\u00e4tzlich unterst\u00fctzt von der Bezirksb\u00fcrgermeisterin Lara Mohn, die zu einem kleinen Empfang ins Rathaus einlud und der Bezirksverwaltungsstelle Beuel, verbrachten die Mirecourter und Beueler Freunde zusammen ein sch\u00f6nes und w\u00fcrdiges Gedenkwochenende zu Ehren von Hans Lennarz.<\/p><p>Der 1. Stellvertretende Vorsitzende, Thomas Fricke, berichtete von der \u201eTour der Hoffnung\u201c, der alle zwei Jahre stattfindenden sportlichen Fahrradtour von Beuel nach Mirecourt, die im Juni in kleiner Besetzung einen ersten Besuch in Mirecourt abstattete. Erfreut konnte Fricke berichten, dass das Konzept der Tour auch Entscheidungstr\u00e4ger des \u201eDeutsch-Franz\u00f6sischen B\u00fcrgerfonds\u201c \u00fcberzeugte, der die Tour F\u00f6rdergelder unterst\u00fctzte.<\/p><p>Eine Wanderung zusammen mit den Freunden des Mirecourter Wandervereins l\u2019Astragale Ende August 2021 in der deutsch-luxemburgischen oder Echternacher Schweiz wurde anschaulich durch Dr. Wolfgang Steinborn kommentiert, der zusammen mit dem Wanderbeauftragten Helmut Dierks das Wanderwochenende organisiert hatte.<\/p><p>Aktionen und Ausblicke ins Jahr 2022 rundeten den Abend ab. Eine Wanderung im Vorgebirge machte den Anfang in diesem Jahr, gefolgt von dem Hissen der Flaggen am Mirecourtplatz, wo zus\u00e4tzlich als eine symbolische Unterst\u00fctzung eine ukrainische Flagge aufgezogen worden ist. Nat\u00fcrlich wurde auch die Ver\u00e4rgerung dar\u00fcber ge\u00e4u\u00dfert, dass, nachdem letztes Jahr die Masten mit Graffiti beschmiert wurden, dieses Jahr kurz vor Ostern die deutsche Fahne gestohlen worden ist.<\/p><p>Mit gro\u00dfer Freude sieht man der Komiteefahrt im Juni entgegen, wo eine \u00fcber vierzigk\u00f6pfige Gruppe nach drei Jahren zum ersten Mal wieder nach Mirecourt fahren wird. \u201eWir sind der Meinung, dass es in diesen schwierigen Zeiten mit dem furchtbaren Krieg in der Ukraine wichtiger denn je ist, die Freundschaften und Verbindungen in Europa zu st\u00e4rken,\u201c schloss die Vorsitzende den Bericht ab.<\/p><p>Ein gro\u00dfer Dank gilt allen flei\u00dfigen Helfern und Helferinnen vom Komitee und dem Hausmeister des Rathauses, der geduldig gewartet hat, bis wir endlich aufger\u00e4umt hatten!<\/p><p>Unsere Mitglieder waren begeistert von den liebevoll gedeckten Tischen und von dem Ablauf des Abends!<\/p><p><strong><a href=\"https:\/\/beuel-mirecourt.eu\/WP\/wp-content\/uploads\/2022\/03\/PP-JHV_2022.pdf\" target=\"_blank\" rel=\"noopener\">Hier k\u00f6nnen Sie sich die vollst\u00e4ndige PowerPoint-Pr\u00e4sentation herunterladen.<\/a>\u00a0<\/strong><\/p>\t\t\t\t\t\t\t\t<\/div>\n\t\t\t\t<\/div>\n\t\t\t\t\t<\/div>\n\t\t<\/div>\n\t\t\t\t\t<\/div>\n\t\t<\/section>\n\t\t\t\t<section class=\"elementor-section elementor-top-section elementor-element elementor-element-310ea5f elementor-section-boxed elementor-section-height-default elementor-section-height-default\" data-id=\"310ea5f\" data-element_type=\"section\">\n\t\t\t\t\t\t<div class=\"elementor-container elementor-column-gap-default\">\n\t\t\t\t\t<div class=\"elementor-column elementor-col-100 elementor-top-column elementor-element elementor-element-f9dfcaf\" data-id=\"f9dfcaf\" data-element_type=\"column\">\n\t\t\t<div class=\"elementor-widget-wrap elementor-element-populated\">\n\t\t\t\t\t\t<div class=\"elementor-element elementor-element-b9587ae elementor-widget elementor-widget-gallery\" data-id=\"b9587ae\" data-element_type=\"widget\" data-settings=\"{&quot;lazyload&quot;:&quot;yes&quot;,&quot;gallery_layout&quot;:&quot;grid&quot;,&quot;columns&quot;:4,&quot;columns_tablet&quot;:2,&quot;columns_mobile&quot;:1,&quot;gap&quot;:{&quot;unit&quot;:&quot;px&quot;,&quot;size&quot;:10,&quot;sizes&quot;:[]},&quot;gap_tablet&quot;:{&quot;unit&quot;:&quot;px&quot;,&quot;size&quot;:10,&quot;sizes&quot;:[]},&quot;gap_mobile&quot;:{&quot;unit&quot;:&quot;px&quot;,&quot;size&quot;:10,&quot;sizes&quot;:[]},&quot;link_to&quot;:&quot;file&quot;,&quot;aspect_ratio&quot;:&quot;3:2&quot;,&quot;overlay_background&quot;:&quot;yes&quot;,&quot;content_hover_animation&quot;:&quot;fade-in&quot;}\" data-widget_type=\"gallery.default\">\n\t\t\t\t<div class=\"elementor-widget-container\">\n\t\t\t\t\t\t\t<div class=\"elementor-gallery__container\">\n\t\t\t\t\t\t\t<a class=\"e-gallery-item elementor-gallery-item elementor-animated-content\" href=\"https:\/\/beuel-mirecourt.eu\/WP\/wp-content\/uploads\/2022\/05\/DSC09787_small.jpg\" data-elementor-open-lightbox=\"yes\" data-elementor-lightbox-slideshow=\"b9587ae\" data-e-action-hash=\"#elementor-action%3Aaction%3Dlightbox%26settings%3DeyJpZCI6MzI2OCwidXJsIjoiaHR0cHM6XC9cL2JldWVsLW1pcmVjb3VydC5ldVwvV1BcL3dwLWNvbnRlbnRcL3VwbG9hZHNcLzIwMjJcLzA1XC9EU0MwOTc4N19zbWFsbC5qcGciLCJzbGlkZXNob3ciOiJiOTU4N2FlIn0%3D\">\n\t\t\t\t\t<div class=\"e-gallery-image elementor-gallery-item__image\" data-thumbnail=\"https:\/\/beuel-mirecourt.eu\/WP\/wp-content\/uploads\/2022\/05\/DSC09787_small-300x200.jpg\" data-width=\"300\" data-height=\"200\" aria-label=\"\" role=\"img\" ><\/div>\n\t\t\t\t\t\t\t\t\t\t\t<div class=\"elementor-gallery-item__overlay\"><\/div>\n\t\t\t\t\t\t\t\t\t\t\t\t\t\t<\/a>\n\t\t\t\t\t\t\t<a class=\"e-gallery-item elementor-gallery-item elementor-animated-content\" href=\"https:\/\/beuel-mirecourt.eu\/WP\/wp-content\/uploads\/2022\/05\/DSC09789_small.jpg\" data-elementor-open-lightbox=\"yes\" data-elementor-lightbox-slideshow=\"b9587ae\" data-e-action-hash=\"#elementor-action%3Aaction%3Dlightbox%26settings%3DeyJpZCI6MzI2OSwidXJsIjoiaHR0cHM6XC9cL2JldWVsLW1pcmVjb3VydC5ldVwvV1BcL3dwLWNvbnRlbnRcL3VwbG9hZHNcLzIwMjJcLzA1XC9EU0MwOTc4OV9zbWFsbC5qcGciLCJzbGlkZXNob3ciOiJiOTU4N2FlIn0%3D\">\n\t\t\t\t\t<div class=\"e-gallery-image elementor-gallery-item__image\" data-thumbnail=\"https:\/\/beuel-mirecourt.eu\/WP\/wp-content\/uploads\/2022\/05\/DSC09789_small-300x200.jpg\" data-width=\"300\" data-height=\"200\" aria-label=\"\" role=\"img\" ><\/div>\n\t\t\t\t\t\t\t\t\t\t\t<div class=\"elementor-gallery-item__overlay\"><\/div>\n\t\t\t\t\t\t\t\t\t\t\t\t\t\t<\/a>\n\t\t\t\t\t\t\t<a class=\"e-gallery-item elementor-gallery-item elementor-animated-content\" href=\"https:\/\/beuel-mirecourt.eu\/WP\/wp-content\/uploads\/2022\/05\/DSC09805_small.jpg\" data-elementor-open-lightbox=\"yes\" data-elementor-lightbox-slideshow=\"b9587ae\" data-e-action-hash=\"#elementor-action%3Aaction%3Dlightbox%26settings%3DeyJpZCI6MzI3MCwidXJsIjoiaHR0cHM6XC9cL2JldWVsLW1pcmVjb3VydC5ldVwvV1BcL3dwLWNvbnRlbnRcL3VwbG9hZHNcLzIwMjJcLzA1XC9EU0MwOTgwNV9zbWFsbC5qcGciLCJzbGlkZXNob3ciOiJiOTU4N2FlIn0%3D\">\n\t\t\t\t\t<div class=\"e-gallery-image elementor-gallery-item__image\" data-thumbnail=\"https:\/\/beuel-mirecourt.eu\/WP\/wp-content\/uploads\/2022\/05\/DSC09805_small-200x300.jpg\" data-width=\"200\" data-height=\"300\" aria-label=\"\" role=\"img\" ><\/div>\n\t\t\t\t\t\t\t\t\t\t\t<div class=\"elementor-gallery-item__overlay\"><\/div>\n\t\t\t\t\t\t\t\t\t\t\t\t\t\t<\/a>\n\t\t\t\t\t\t\t<a class=\"e-gallery-item elementor-gallery-item elementor-animated-content\" href=\"https:\/\/beuel-mirecourt.eu\/WP\/wp-content\/uploads\/2022\/05\/DSC09819_1_small.jpg\" data-elementor-open-lightbox=\"yes\" data-elementor-lightbox-slideshow=\"b9587ae\" data-e-action-hash=\"#elementor-action%3Aaction%3Dlightbox%26settings%3DeyJpZCI6MzI3MSwidXJsIjoiaHR0cHM6XC9cL2JldWVsLW1pcmVjb3VydC5ldVwvV1BcL3dwLWNvbnRlbnRcL3VwbG9hZHNcLzIwMjJcLzA1XC9EU0MwOTgxOV8xX3NtYWxsLmpwZyIsInNsaWRlc2hvdyI6ImI5NTg3YWUifQ%3D%3D\">\n\t\t\t\t\t<div class=\"e-gallery-image elementor-gallery-item__image\" data-thumbnail=\"https:\/\/beuel-mirecourt.eu\/WP\/wp-content\/uploads\/2022\/05\/DSC09819_1_small-212x300.jpg\" data-width=\"212\" data-height=\"300\" aria-label=\"\" role=\"img\" ><\/div>\n\t\t\t\t\t\t\t\t\t\t\t<div class=\"elementor-gallery-item__overlay\"><\/div>\n\t\t\t\t\t\t\t\t\t\t\t\t\t\t<\/a>\n\t\t\t\t\t\t\t<a class=\"e-gallery-item elementor-gallery-item elementor-animated-content\" href=\"https:\/\/beuel-mirecourt.eu\/WP\/wp-content\/uploads\/2022\/05\/DSC09821_1_small.jpg\" data-elementor-open-lightbox=\"yes\" data-elementor-lightbox-slideshow=\"b9587ae\" data-e-action-hash=\"#elementor-action%3Aaction%3Dlightbox%26settings%3DeyJpZCI6MzI3MiwidXJsIjoiaHR0cHM6XC9cL2JldWVsLW1pcmVjb3VydC5ldVwvV1BcL3dwLWNvbnRlbnRcL3VwbG9hZHNcLzIwMjJcLzA1XC9EU0MwOTgyMV8xX3NtYWxsLmpwZyIsInNsaWRlc2hvdyI6ImI5NTg3YWUifQ%3D%3D\">\n\t\t\t\t\t<div class=\"e-gallery-image elementor-gallery-item__image\" data-thumbnail=\"https:\/\/beuel-mirecourt.eu\/WP\/wp-content\/uploads\/2022\/05\/DSC09821_1_small-300x196.jpg\" data-width=\"300\" data-height=\"196\" aria-label=\"\" role=\"img\" ><\/div>\n\t\t\t\t\t\t\t\t\t\t\t<div class=\"elementor-gallery-item__overlay\"><\/div>\n\t\t\t\t\t\t\t\t\t\t\t\t\t\t<\/a>\n\t\t\t\t\t\t\t<a class=\"e-gallery-item elementor-gallery-item elementor-animated-content\" href=\"https:\/\/beuel-mirecourt.eu\/WP\/wp-content\/uploads\/2022\/05\/DSC09824_1_small.jpg\" data-elementor-open-lightbox=\"yes\" data-elementor-lightbox-slideshow=\"b9587ae\" data-e-action-hash=\"#elementor-action%3Aaction%3Dlightbox%26settings%3DeyJpZCI6MzI3MywidXJsIjoiaHR0cHM6XC9cL2JldWVsLW1pcmVjb3VydC5ldVwvV1BcL3dwLWNvbnRlbnRcL3VwbG9hZHNcLzIwMjJcLzA1XC9EU0MwOTgyNF8xX3NtYWxsLmpwZyIsInNsaWRlc2hvdyI6ImI5NTg3YWUifQ%3D%3D\">\n\t\t\t\t\t<div class=\"e-gallery-image elementor-gallery-item__image\" data-thumbnail=\"https:\/\/beuel-mirecourt.eu\/WP\/wp-content\/uploads\/2022\/05\/DSC09824_1_small-300x173.jpg\" data-width=\"300\" data-height=\"173\" aria-label=\"\" role=\"img\" ><\/div>\n\t\t\t\t\t\t\t\t\t\t\t<div class=\"elementor-gallery-item__overlay\"><\/div>\n\t\t\t\t\t\t\t\t\t\t\t\t\t\t<\/a>\n\t\t\t\t\t\t\t<a class=\"e-gallery-item elementor-gallery-item elementor-animated-content\" href=\"https:\/\/beuel-mirecourt.eu\/WP\/wp-content\/uploads\/2022\/05\/DSC09826_1_small.jpg\" data-elementor-open-lightbox=\"yes\" data-elementor-lightbox-slideshow=\"b9587ae\" data-e-action-hash=\"#elementor-action%3Aaction%3Dlightbox%26settings%3DeyJpZCI6MzI3NCwidXJsIjoiaHR0cHM6XC9cL2JldWVsLW1pcmVjb3VydC5ldVwvV1BcL3dwLWNvbnRlbnRcL3VwbG9hZHNcLzIwMjJcLzA1XC9EU0MwOTgyNl8xX3NtYWxsLmpwZyIsInNsaWRlc2hvdyI6ImI5NTg3YWUifQ%3D%3D\">\n\t\t\t\t\t<div class=\"e-gallery-image elementor-gallery-item__image\" data-thumbnail=\"https:\/\/beuel-mirecourt.eu\/WP\/wp-content\/uploads\/2022\/05\/DSC09826_1_small-300x204.jpg\" data-width=\"300\" data-height=\"204\" aria-label=\"\" role=\"img\" ><\/div>\n\t\t\t\t\t\t\t\t\t\t\t<div class=\"elementor-gallery-item__overlay\"><\/div>\n\t\t\t\t\t\t\t\t\t\t\t\t\t\t<\/a>\n\t\t\t\t\t\t\t<a class=\"e-gallery-item elementor-gallery-item elementor-animated-content\" href=\"https:\/\/beuel-mirecourt.eu\/WP\/wp-content\/uploads\/2022\/05\/DSC09829_1_small.jpg\" data-elementor-open-lightbox=\"yes\" data-elementor-lightbox-slideshow=\"b9587ae\" data-e-action-hash=\"#elementor-action%3Aaction%3Dlightbox%26settings%3DeyJpZCI6MzI3NSwidXJsIjoiaHR0cHM6XC9cL2JldWVsLW1pcmVjb3VydC5ldVwvV1BcL3dwLWNvbnRlbnRcL3VwbG9hZHNcLzIwMjJcLzA1XC9EU0MwOTgyOV8xX3NtYWxsLmpwZyIsInNsaWRlc2hvdyI6ImI5NTg3YWUifQ%3D%3D\">\n\t\t\t\t\t<div class=\"e-gallery-image elementor-gallery-item__image\" data-thumbnail=\"https:\/\/beuel-mirecourt.eu\/WP\/wp-content\/uploads\/2022\/05\/DSC09829_1_small-174x300.jpg\" data-width=\"174\" data-height=\"300\" aria-label=\"\" role=\"img\" ><\/div>\n\t\t\t\t\t\t\t\t\t\t\t<div class=\"elementor-gallery-item__overlay\"><\/div>\n\t\t\t\t\t\t\t\t\t\t\t\t\t\t<\/a>\n\t\t\t\t\t\t\t<a class=\"e-gallery-item elementor-gallery-item elementor-animated-content\" href=\"https:\/\/beuel-mirecourt.eu\/WP\/wp-content\/uploads\/2022\/05\/DSC09838_1_small.jpg\" data-elementor-open-lightbox=\"yes\" data-elementor-lightbox-slideshow=\"b9587ae\" data-e-action-hash=\"#elementor-action%3Aaction%3Dlightbox%26settings%3DeyJpZCI6MzI3NiwidXJsIjoiaHR0cHM6XC9cL2JldWVsLW1pcmVjb3VydC5ldVwvV1BcL3dwLWNvbnRlbnRcL3VwbG9hZHNcLzIwMjJcLzA1XC9EU0MwOTgzOF8xX3NtYWxsLmpwZyIsInNsaWRlc2hvdyI6ImI5NTg3YWUifQ%3D%3D\">\n\t\t\t\t\t<div class=\"e-gallery-image elementor-gallery-item__image\" data-thumbnail=\"https:\/\/beuel-mirecourt.eu\/WP\/wp-content\/uploads\/2022\/05\/DSC09838_1_small-300x200.jpg\" data-width=\"300\" data-height=\"200\" aria-label=\"\" role=\"img\" ><\/div>\n\t\t\t\t\t\t\t\t\t\t\t<div class=\"elementor-gallery-item__overlay\"><\/div>\n\t\t\t\t\t\t\t\t\t\t\t\t\t\t<\/a>\n\t\t\t\t\t\t\t<a class=\"e-gallery-item elementor-gallery-item elementor-animated-content\" href=\"https:\/\/beuel-mirecourt.eu\/WP\/wp-content\/uploads\/2022\/05\/DSC09836_small.jpg\" data-elementor-open-lightbox=\"yes\" data-elementor-lightbox-slideshow=\"b9587ae\" data-e-action-hash=\"#elementor-action%3Aaction%3Dlightbox%26settings%3DeyJpZCI6MzI3NywidXJsIjoiaHR0cHM6XC9cL2JldWVsLW1pcmVjb3VydC5ldVwvV1BcL3dwLWNvbnRlbnRcL3VwbG9hZHNcLzIwMjJcLzA1XC9EU0MwOTgzNl9zbWFsbC5qcGciLCJzbGlkZXNob3ciOiJiOTU4N2FlIn0%3D\">\n\t\t\t\t\t<div class=\"e-gallery-image elementor-gallery-item__image\" data-thumbnail=\"https:\/\/beuel-mirecourt.eu\/WP\/wp-content\/uploads\/2022\/05\/DSC09836_small-300x200.jpg\" data-width=\"300\" data-height=\"200\" aria-label=\"\" role=\"img\" ><\/div>\n\t\t\t\t\t\t\t\t\t\t\t<div class=\"elementor-gallery-item__overlay\"><\/div>\n\t\t\t\t\t\t\t\t\t\t\t\t\t\t<\/a>\n\t\t\t\t\t<\/div>\n\t\t\t\t\t<\/div>\n\t\t\t\t<\/div>\n\t\t\t\t\t<\/div>\n\t\t<\/div>\n\t\t\t\t\t<\/div>\n\t\t<\/section>\n\t\t\t\t<\/div>\n\t\t","protected":false},"excerpt":{"rendered":"<p>Die Freude, sich wiederzusehen, war allen Teilnehmern und Teilnehmerinnen der Jahreshauptversammlung deutlich anzumerken. \u201eWir d\u00fcrfen uns im Gegensatz zur letzten Jahreshauptversammlung wieder Zeit lassen und ausf\u00fchrlich die vielen kleinen Aktionen des Jahres 2021 vorstellen,\u201c begr\u00fc\u00dfte die 1. Vorsitzende des Komitees, Regina Haunhorst, die Anwesenden im Saal. \u201eW\u00e4hrenddessen k\u00f6nnt ihr an den sch\u00f6n gedeckten Tischen Brot, [&hellip;]<\/p>\n","protected":false},"author":2,"featured_media":0,"comment_status":"closed","ping_status":"open","sticky":false,"template":"","format":"standard","meta":{"footnotes":""},"categories":[145,1],"tags":[],"class_list":["post-3266","post","type-post","status-publish","format-standard","hentry","category-145","category-allgemein"],"_links":{"self":[{"href":"https:\/\/beuel-mirecourt.eu\/WP\/wp-json\/wp\/v2\/posts\/3266","targetHints":{"allow":["GET"]}}],"collection":[{"href":"https:\/\/beuel-mirecourt.eu\/WP\/wp-json\/wp\/v2\/posts"}],"about":[{"href":"https:\/\/beuel-mirecourt.eu\/WP\/wp-json\/wp\/v2\/types\/post"}],"author":[{"embeddable":true,"href":"https:\/\/beuel-mirecourt.eu\/WP\/wp-json\/wp\/v2\/users\/2"}],"replies":[{"embeddable":true,"href":"https:\/\/beuel-mirecourt.eu\/WP\/wp-json\/wp\/v2\/comments?post=3266"}],"version-history":[{"count":10,"href":"https:\/\/beuel-mirecourt.eu\/WP\/wp-json\/wp\/v2\/posts\/3266\/revisions"}],"predecessor-version":[{"id":3339,"href":"https:\/\/beuel-mirecourt.eu\/WP\/wp-json\/wp\/v2\/posts\/3266\/revisions\/3339"}],"wp:attachment":[{"href":"https:\/\/beuel-mirecourt.eu\/WP\/wp-json\/wp\/v2\/media?parent=3266"}],"wp:term":[{"taxonomy":"category","embeddable":true,"href":"https:\/\/beuel-mirecourt.eu\/WP\/wp-json\/wp\/v2\/categories?post=3266"},{"taxonomy":"post_tag","embeddable":true,"href":"https:\/\/beuel-mirecourt.eu\/WP\/wp-json\/wp\/v2\/tags?post=3266"}],"curies":[{"name":"wp","href":"https:\/\/api.w.org\/{rel}","templated":true}]}}