{"id":3281,"date":"2022-05-13T09:57:31","date_gmt":"2022-05-13T07:57:31","guid":{"rendered":"https:\/\/beuel-mirecourt.eu\/WP\/?p=3281"},"modified":"2022-05-29T07:38:22","modified_gmt":"2022-05-29T05:38:22","slug":"reunion-generale-du-comite-de-jumelage-de-beuel","status":"publish","type":"post","link":"https:\/\/beuel-mirecourt.eu\/WP\/fr\/reunion-generale-du-comite-de-jumelage-de-beuel\/","title":{"rendered":"R\u00e9union g\u00e9n\u00e9rale du Comit\u00e9 de jumelage de Beuel"},"content":{"rendered":"\t\t<div data-elementor-type=\"wp-post\" data-elementor-id=\"3281\" class=\"elementor elementor-3281\" data-elementor-post-type=\"post\">\n\t\t\t\t\t\t<section class=\"elementor-section elementor-top-section elementor-element elementor-element-21428be elementor-section-boxed elementor-section-height-default elementor-section-height-default\" data-id=\"21428be\" data-element_type=\"section\">\n\t\t\t\t\t\t<div class=\"elementor-container elementor-column-gap-default\">\n\t\t\t\t\t<div class=\"elementor-column elementor-col-100 elementor-top-column elementor-element elementor-element-f3909af\" data-id=\"f3909af\" data-element_type=\"column\">\n\t\t\t<div class=\"elementor-widget-wrap elementor-element-populated\">\n\t\t\t\t\t\t<div class=\"elementor-element elementor-element-7fe1815 elementor-widget elementor-widget-text-editor\" data-id=\"7fe1815\" data-element_type=\"widget\" data-widget_type=\"text-editor.default\">\n\t\t\t\t<div class=\"elementor-widget-container\">\n\t\t\t\t\t\t\t\t\t<p>La joie de se retrouver \u00e9tait clairement visible sur les visages de tous les participants et participantes \u00e0 l&#8217;assembl\u00e9e g\u00e9n\u00e9rale annuelle.<br \/>&#8222;Contrairement \u00e0 la derni\u00e8re assembl\u00e9e g\u00e9n\u00e9rale annuelle, nous pouvons \u00e0 nouveau prendre notre temps et pr\u00e9senter en d\u00e9tail les nombreuses petites actions de l&#8217;ann\u00e9e 2021&#8220;, a d\u00e9clar\u00e9 la premi\u00e8re pr\u00e9sidente du comit\u00e9, Regina Haunhorst, en saluant les personnes pr\u00e9sentes dans la salle. &#8222;Pendant ce temps, vous pourrez d\u00e9guster du pain, du fromage, de l&#8217;eau et du vin sur les tables joliment d\u00e9cor\u00e9es, afin de garder vos forces&#8220;, a-t-elle ajout\u00e9 en riant.<\/p><p>En pr\u00e9sence de la maire de l&#8217;arrondissement, Lara Mohn, et de l&#8217;ancien pr\u00e9sident, Klaus Ebert, soixante-sept membres ont suivi en toute d\u00e9contraction les rapports sur l&#8217;ann\u00e9e 2021, \u00e9tay\u00e9s par une pr\u00e9sentation PowerPoint illustrant le travail du comit\u00e9 directeur et les rencontres \u00e0 l&#8217;aide de photos choisies. <br \/>Commenc\u00e9 par l&#8217;\u00e9change de volumes de Lucky Luke envoy\u00e9s de Beuel \u00e0 Mirecourt en allemand et inversement en fran\u00e7ais, il s&#8217;est poursuivi par l&#8217;envoi de &#8222;paquets de soins carnavalesques&#8220; \u00e0 Mirecourt, ce que le comit\u00e9 a organis\u00e9 en collaboration avec le bureau administratif de district, enrichi de d\u00e9corations de la princesse blanchisseuse d\u00e9sign\u00e9e Lena I ! <br \/>Un projet virtuel avec l&#8217;Institut fran\u00e7ais intitul\u00e9 &#8222;Stadt, Land, Lust&#8220; a donn\u00e9 lieu \u00e0 une \u00e9troite collaboration entre Mirecourt et les \u00e9l\u00e8ves du Kalkuhl-Gymnasium de Beuel-Oberkassel. Plus de 50 films ont \u00e9t\u00e9 tourn\u00e9s sur les conditions de vie dans chaque ville et ont \u00e9t\u00e9 mont\u00e9s \u00e0 la fin, avec beaucoup de travail, en un film de 6 minutes. (<a href=\"https:\/\/beuel-mirecourt.eu\/WP\/fr\/projet-deleves-ville-campagne-quelles-aspirations-de-linstitut-francais-bonn\/\">https:\/\/beuel- https:\/\/beuel-mirecourt.eu\/WP\/stadt-land-lust-sehenswertes-in-mirecourt\/ et https:\/\/beuel-mirecourt.eu\/WP\/stadt-land-lust\/<\/a> ).<br \/>Bien entendu, le d\u00e9c\u00e8s de Hans Lennarz, pr\u00e9sident de longue date et pr\u00e9sident d&#8217;honneur, qui a \u00e9t\u00e9 actif dans le jumelage pendant plus de 50 ans, a occup\u00e9 une grande place dans les rapports. En raison de la pand\u00e9mie, il n&#8217;a pas eu droit \u00e0 de grandes fun\u00e9railles l&#8217;ann\u00e9e derni\u00e8re, mais le comit\u00e9 a organis\u00e9 une action avec l&#8217;\u00e9quipe du mus\u00e9e local sous la direction de Rainer Krippendorff, o\u00f9 les citoyens et citoyennes de Beuel ont pu signer un livre de condol\u00e9ances. Cette collaboration a \u00e9galement eu lieu lors d&#8217;un week-end comm\u00e9moratif en juin, au cours duquel des compagnons de longue date de Hans Lennarz, le maire de Mirecourt, Yves S\u00e9journ\u00e9, et le pr\u00e9sident du comit\u00e9 de Mirecourt, Bernard Schmitt, sont venus \u00e0 Beuel pour rendre un dernier hommage \u00e0 Hans Lennarz sur sa tombe. Soutenus par la maire de l&#8217;arrondissement, Lara Mohn, qui a organis\u00e9 une petite r\u00e9ception \u00e0 l&#8217;h\u00f4tel de ville, et par le bureau administratif de l&#8217;arrondissement de Beuel, les amis de Mirecourt et de Beuel ont pass\u00e9 ensemble un beau et digne week-end de comm\u00e9moration en l&#8217;honneur de Hans Lennarz.<br \/>Le premier vice-pr\u00e9sident, Thomas Fricke, a parl\u00e9 du &#8222;Tour de l&#8217;espoir&#8220;, la randonn\u00e9e cycliste sportive organis\u00e9e tous les deux ans de Beuel \u00e0 Mirecourt, qui a effectu\u00e9 une premi\u00e8re visite \u00e0 Mirecourt en juin en petit comit\u00e9. Fricke s&#8217;est r\u00e9joui de pouvoir annoncer que le concept du tour a \u00e9galement convaincu les d\u00e9cideurs du &#8222;Fonds citoyen franco-allemand&#8220;, qui a soutenu le tour par des subventions.<br \/>Une randonn\u00e9e avec les amis de l&#8217;association de randonn\u00e9e de Mirecourt l&#8217;Astragale fin ao\u00fbt 2021 dans la Suisse germano-luxembourgeoise ou la Suisse d&#8217;Echternach a \u00e9t\u00e9 comment\u00e9e par le Dr. Wolfgang Steinborn, qui a organis\u00e9 le week-end de randonn\u00e9e avec le responsable de la randonn\u00e9e Helmut Dierks. <br \/>Des actions et des perspectives pour l&#8217;ann\u00e9e 2022 ont compl\u00e9t\u00e9 la soir\u00e9e. Une randonn\u00e9e dans les contreforts a marqu\u00e9 le d\u00e9but de l&#8217;ann\u00e9e, suivie par la lev\u00e9e des drapeaux sur la place de Mirecourt, o\u00f9 un drapeau ukrainien a \u00e9galement \u00e9t\u00e9 hiss\u00e9 en guise de soutien symbolique. Bien entendu, les participants ont \u00e9galement exprim\u00e9 leur col\u00e8re face au fait que, apr\u00e8s les graffitis sur les m\u00e2ts l&#8217;ann\u00e9e derni\u00e8re, le drapeau allemand a \u00e9t\u00e9 vol\u00e9 cette ann\u00e9e juste avant P\u00e2ques.<br \/>C&#8217;est avec une grande joie que l&#8217;on attend le voyage du comit\u00e9 en juin, o\u00f9 un groupe de plus de quarante personnes se rendra pour la premi\u00e8re fois \u00e0 Mirecourt apr\u00e8s trois ans. &#8222;Nous pensons qu&#8217;en ces temps difficiles, avec la terrible guerre en Ukraine, il est plus important que jamais de renforcer les amiti\u00e9s et les liens en Europe&#8220;, a conclu la pr\u00e9sidente.<\/p><p><strong><a href=\"https:\/\/beuel-mirecourt.eu\/WP\/wp-content\/uploads\/2022\/03\/PP-JHV_2022.pdf\" target=\"_blank\" rel=\"noopener\">Vous pouvez t\u00e9l\u00e9charger la pr\u00e9sentation PowerPoint compl\u00e8te ici.<\/a>\u00a0<\/strong><\/p>\t\t\t\t\t\t\t\t<\/div>\n\t\t\t\t<\/div>\n\t\t\t\t\t<\/div>\n\t\t<\/div>\n\t\t\t\t\t<\/div>\n\t\t<\/section>\n\t\t\t\t<section class=\"elementor-section elementor-top-section elementor-element elementor-element-310ea5f elementor-section-boxed elementor-section-height-default elementor-section-height-default\" data-id=\"310ea5f\" data-element_type=\"section\">\n\t\t\t\t\t\t<div class=\"elementor-container elementor-column-gap-default\">\n\t\t\t\t\t<div class=\"elementor-column elementor-col-100 elementor-top-column elementor-element elementor-element-f9dfcaf\" data-id=\"f9dfcaf\" data-element_type=\"column\">\n\t\t\t<div class=\"elementor-widget-wrap elementor-element-populated\">\n\t\t\t\t\t\t<div class=\"elementor-element elementor-element-b9587ae elementor-widget elementor-widget-gallery\" data-id=\"b9587ae\" data-element_type=\"widget\" data-settings=\"{&quot;lazyload&quot;:&quot;yes&quot;,&quot;gallery_layout&quot;:&quot;grid&quot;,&quot;columns&quot;:4,&quot;columns_tablet&quot;:2,&quot;columns_mobile&quot;:1,&quot;gap&quot;:{&quot;unit&quot;:&quot;px&quot;,&quot;size&quot;:10,&quot;sizes&quot;:[]},&quot;gap_tablet&quot;:{&quot;unit&quot;:&quot;px&quot;,&quot;size&quot;:10,&quot;sizes&quot;:[]},&quot;gap_mobile&quot;:{&quot;unit&quot;:&quot;px&quot;,&quot;size&quot;:10,&quot;sizes&quot;:[]},&quot;link_to&quot;:&quot;file&quot;,&quot;aspect_ratio&quot;:&quot;3:2&quot;,&quot;overlay_background&quot;:&quot;yes&quot;,&quot;content_hover_animation&quot;:&quot;fade-in&quot;}\" data-widget_type=\"gallery.default\">\n\t\t\t\t<div class=\"elementor-widget-container\">\n\t\t\t\t\t\t\t<div class=\"elementor-gallery__container\">\n\t\t\t\t\t\t\t<a class=\"e-gallery-item elementor-gallery-item elementor-animated-content\" href=\"https:\/\/beuel-mirecourt.eu\/WP\/wp-content\/uploads\/2022\/05\/DSC09787_small.jpg\" data-elementor-open-lightbox=\"yes\" data-elementor-lightbox-slideshow=\"b9587ae\" data-e-action-hash=\"#elementor-action%3Aaction%3Dlightbox%26settings%3DeyJpZCI6MzI2OCwidXJsIjoiaHR0cHM6XC9cL2JldWVsLW1pcmVjb3VydC5ldVwvV1BcL3dwLWNvbnRlbnRcL3VwbG9hZHNcLzIwMjJcLzA1XC9EU0MwOTc4N19zbWFsbC5qcGciLCJzbGlkZXNob3ciOiJiOTU4N2FlIn0%3D\">\n\t\t\t\t\t<div class=\"e-gallery-image elementor-gallery-item__image\" data-thumbnail=\"https:\/\/beuel-mirecourt.eu\/WP\/wp-content\/uploads\/2022\/05\/DSC09787_small-300x200.jpg\" data-width=\"300\" data-height=\"200\" aria-label=\"\" role=\"img\" ><\/div>\n\t\t\t\t\t\t\t\t\t\t\t<div class=\"elementor-gallery-item__overlay\"><\/div>\n\t\t\t\t\t\t\t\t\t\t\t\t\t\t<\/a>\n\t\t\t\t\t\t\t<a class=\"e-gallery-item elementor-gallery-item elementor-animated-content\" href=\"https:\/\/beuel-mirecourt.eu\/WP\/wp-content\/uploads\/2022\/05\/DSC09789_small.jpg\" data-elementor-open-lightbox=\"yes\" data-elementor-lightbox-slideshow=\"b9587ae\" data-e-action-hash=\"#elementor-action%3Aaction%3Dlightbox%26settings%3DeyJpZCI6MzI2OSwidXJsIjoiaHR0cHM6XC9cL2JldWVsLW1pcmVjb3VydC5ldVwvV1BcL3dwLWNvbnRlbnRcL3VwbG9hZHNcLzIwMjJcLzA1XC9EU0MwOTc4OV9zbWFsbC5qcGciLCJzbGlkZXNob3ciOiJiOTU4N2FlIn0%3D\">\n\t\t\t\t\t<div class=\"e-gallery-image elementor-gallery-item__image\" data-thumbnail=\"https:\/\/beuel-mirecourt.eu\/WP\/wp-content\/uploads\/2022\/05\/DSC09789_small-300x200.jpg\" data-width=\"300\" data-height=\"200\" aria-label=\"\" role=\"img\" ><\/div>\n\t\t\t\t\t\t\t\t\t\t\t<div class=\"elementor-gallery-item__overlay\"><\/div>\n\t\t\t\t\t\t\t\t\t\t\t\t\t\t<\/a>\n\t\t\t\t\t\t\t<a class=\"e-gallery-item elementor-gallery-item elementor-animated-content\" href=\"https:\/\/beuel-mirecourt.eu\/WP\/wp-content\/uploads\/2022\/05\/DSC09805_small.jpg\" data-elementor-open-lightbox=\"yes\" data-elementor-lightbox-slideshow=\"b9587ae\" data-e-action-hash=\"#elementor-action%3Aaction%3Dlightbox%26settings%3DeyJpZCI6MzI3MCwidXJsIjoiaHR0cHM6XC9cL2JldWVsLW1pcmVjb3VydC5ldVwvV1BcL3dwLWNvbnRlbnRcL3VwbG9hZHNcLzIwMjJcLzA1XC9EU0MwOTgwNV9zbWFsbC5qcGciLCJzbGlkZXNob3ciOiJiOTU4N2FlIn0%3D\">\n\t\t\t\t\t<div class=\"e-gallery-image elementor-gallery-item__image\" data-thumbnail=\"https:\/\/beuel-mirecourt.eu\/WP\/wp-content\/uploads\/2022\/05\/DSC09805_small-200x300.jpg\" data-width=\"200\" data-height=\"300\" aria-label=\"\" role=\"img\" ><\/div>\n\t\t\t\t\t\t\t\t\t\t\t<div class=\"elementor-gallery-item__overlay\"><\/div>\n\t\t\t\t\t\t\t\t\t\t\t\t\t\t<\/a>\n\t\t\t\t\t\t\t<a class=\"e-gallery-item elementor-gallery-item elementor-animated-content\" href=\"https:\/\/beuel-mirecourt.eu\/WP\/wp-content\/uploads\/2022\/05\/DSC09819_1_small.jpg\" data-elementor-open-lightbox=\"yes\" data-elementor-lightbox-slideshow=\"b9587ae\" data-e-action-hash=\"#elementor-action%3Aaction%3Dlightbox%26settings%3DeyJpZCI6MzI3MSwidXJsIjoiaHR0cHM6XC9cL2JldWVsLW1pcmVjb3VydC5ldVwvV1BcL3dwLWNvbnRlbnRcL3VwbG9hZHNcLzIwMjJcLzA1XC9EU0MwOTgxOV8xX3NtYWxsLmpwZyIsInNsaWRlc2hvdyI6ImI5NTg3YWUifQ%3D%3D\">\n\t\t\t\t\t<div class=\"e-gallery-image elementor-gallery-item__image\" data-thumbnail=\"https:\/\/beuel-mirecourt.eu\/WP\/wp-content\/uploads\/2022\/05\/DSC09819_1_small-212x300.jpg\" data-width=\"212\" data-height=\"300\" aria-label=\"\" role=\"img\" ><\/div>\n\t\t\t\t\t\t\t\t\t\t\t<div class=\"elementor-gallery-item__overlay\"><\/div>\n\t\t\t\t\t\t\t\t\t\t\t\t\t\t<\/a>\n\t\t\t\t\t\t\t<a class=\"e-gallery-item elementor-gallery-item elementor-animated-content\" href=\"https:\/\/beuel-mirecourt.eu\/WP\/wp-content\/uploads\/2022\/05\/DSC09821_1_small.jpg\" data-elementor-open-lightbox=\"yes\" data-elementor-lightbox-slideshow=\"b9587ae\" data-e-action-hash=\"#elementor-action%3Aaction%3Dlightbox%26settings%3DeyJpZCI6MzI3MiwidXJsIjoiaHR0cHM6XC9cL2JldWVsLW1pcmVjb3VydC5ldVwvV1BcL3dwLWNvbnRlbnRcL3VwbG9hZHNcLzIwMjJcLzA1XC9EU0MwOTgyMV8xX3NtYWxsLmpwZyIsInNsaWRlc2hvdyI6ImI5NTg3YWUifQ%3D%3D\">\n\t\t\t\t\t<div class=\"e-gallery-image elementor-gallery-item__image\" data-thumbnail=\"https:\/\/beuel-mirecourt.eu\/WP\/wp-content\/uploads\/2022\/05\/DSC09821_1_small-300x196.jpg\" data-width=\"300\" data-height=\"196\" aria-label=\"\" role=\"img\" ><\/div>\n\t\t\t\t\t\t\t\t\t\t\t<div class=\"elementor-gallery-item__overlay\"><\/div>\n\t\t\t\t\t\t\t\t\t\t\t\t\t\t<\/a>\n\t\t\t\t\t\t\t<a class=\"e-gallery-item elementor-gallery-item elementor-animated-content\" href=\"https:\/\/beuel-mirecourt.eu\/WP\/wp-content\/uploads\/2022\/05\/DSC09824_1_small.jpg\" data-elementor-open-lightbox=\"yes\" data-elementor-lightbox-slideshow=\"b9587ae\" data-e-action-hash=\"#elementor-action%3Aaction%3Dlightbox%26settings%3DeyJpZCI6MzI3MywidXJsIjoiaHR0cHM6XC9cL2JldWVsLW1pcmVjb3VydC5ldVwvV1BcL3dwLWNvbnRlbnRcL3VwbG9hZHNcLzIwMjJcLzA1XC9EU0MwOTgyNF8xX3NtYWxsLmpwZyIsInNsaWRlc2hvdyI6ImI5NTg3YWUifQ%3D%3D\">\n\t\t\t\t\t<div class=\"e-gallery-image elementor-gallery-item__image\" data-thumbnail=\"https:\/\/beuel-mirecourt.eu\/WP\/wp-content\/uploads\/2022\/05\/DSC09824_1_small-300x173.jpg\" data-width=\"300\" data-height=\"173\" aria-label=\"\" role=\"img\" ><\/div>\n\t\t\t\t\t\t\t\t\t\t\t<div class=\"elementor-gallery-item__overlay\"><\/div>\n\t\t\t\t\t\t\t\t\t\t\t\t\t\t<\/a>\n\t\t\t\t\t\t\t<a class=\"e-gallery-item elementor-gallery-item elementor-animated-content\" href=\"https:\/\/beuel-mirecourt.eu\/WP\/wp-content\/uploads\/2022\/05\/DSC09826_1_small.jpg\" data-elementor-open-lightbox=\"yes\" data-elementor-lightbox-slideshow=\"b9587ae\" data-e-action-hash=\"#elementor-action%3Aaction%3Dlightbox%26settings%3DeyJpZCI6MzI3NCwidXJsIjoiaHR0cHM6XC9cL2JldWVsLW1pcmVjb3VydC5ldVwvV1BcL3dwLWNvbnRlbnRcL3VwbG9hZHNcLzIwMjJcLzA1XC9EU0MwOTgyNl8xX3NtYWxsLmpwZyIsInNsaWRlc2hvdyI6ImI5NTg3YWUifQ%3D%3D\">\n\t\t\t\t\t<div class=\"e-gallery-image elementor-gallery-item__image\" data-thumbnail=\"https:\/\/beuel-mirecourt.eu\/WP\/wp-content\/uploads\/2022\/05\/DSC09826_1_small-300x204.jpg\" data-width=\"300\" data-height=\"204\" aria-label=\"\" role=\"img\" ><\/div>\n\t\t\t\t\t\t\t\t\t\t\t<div class=\"elementor-gallery-item__overlay\"><\/div>\n\t\t\t\t\t\t\t\t\t\t\t\t\t\t<\/a>\n\t\t\t\t\t\t\t<a class=\"e-gallery-item elementor-gallery-item elementor-animated-content\" href=\"https:\/\/beuel-mirecourt.eu\/WP\/wp-content\/uploads\/2022\/05\/DSC09829_1_small.jpg\" data-elementor-open-lightbox=\"yes\" data-elementor-lightbox-slideshow=\"b9587ae\" data-e-action-hash=\"#elementor-action%3Aaction%3Dlightbox%26settings%3DeyJpZCI6MzI3NSwidXJsIjoiaHR0cHM6XC9cL2JldWVsLW1pcmVjb3VydC5ldVwvV1BcL3dwLWNvbnRlbnRcL3VwbG9hZHNcLzIwMjJcLzA1XC9EU0MwOTgyOV8xX3NtYWxsLmpwZyIsInNsaWRlc2hvdyI6ImI5NTg3YWUifQ%3D%3D\">\n\t\t\t\t\t<div class=\"e-gallery-image elementor-gallery-item__image\" data-thumbnail=\"https:\/\/beuel-mirecourt.eu\/WP\/wp-content\/uploads\/2022\/05\/DSC09829_1_small-174x300.jpg\" data-width=\"174\" data-height=\"300\" aria-label=\"\" role=\"img\" ><\/div>\n\t\t\t\t\t\t\t\t\t\t\t<div class=\"elementor-gallery-item__overlay\"><\/div>\n\t\t\t\t\t\t\t\t\t\t\t\t\t\t<\/a>\n\t\t\t\t\t\t\t<a class=\"e-gallery-item elementor-gallery-item elementor-animated-content\" href=\"https:\/\/beuel-mirecourt.eu\/WP\/wp-content\/uploads\/2022\/05\/DSC09838_1_small.jpg\" data-elementor-open-lightbox=\"yes\" data-elementor-lightbox-slideshow=\"b9587ae\" data-e-action-hash=\"#elementor-action%3Aaction%3Dlightbox%26settings%3DeyJpZCI6MzI3NiwidXJsIjoiaHR0cHM6XC9cL2JldWVsLW1pcmVjb3VydC5ldVwvV1BcL3dwLWNvbnRlbnRcL3VwbG9hZHNcLzIwMjJcLzA1XC9EU0MwOTgzOF8xX3NtYWxsLmpwZyIsInNsaWRlc2hvdyI6ImI5NTg3YWUifQ%3D%3D\">\n\t\t\t\t\t<div class=\"e-gallery-image elementor-gallery-item__image\" data-thumbnail=\"https:\/\/beuel-mirecourt.eu\/WP\/wp-content\/uploads\/2022\/05\/DSC09838_1_small-300x200.jpg\" data-width=\"300\" data-height=\"200\" aria-label=\"\" role=\"img\" ><\/div>\n\t\t\t\t\t\t\t\t\t\t\t<div class=\"elementor-gallery-item__overlay\"><\/div>\n\t\t\t\t\t\t\t\t\t\t\t\t\t\t<\/a>\n\t\t\t\t\t\t\t<a class=\"e-gallery-item elementor-gallery-item elementor-animated-content\" href=\"https:\/\/beuel-mirecourt.eu\/WP\/wp-content\/uploads\/2022\/05\/DSC09836_small.jpg\" data-elementor-open-lightbox=\"yes\" data-elementor-lightbox-slideshow=\"b9587ae\" data-e-action-hash=\"#elementor-action%3Aaction%3Dlightbox%26settings%3DeyJpZCI6MzI3NywidXJsIjoiaHR0cHM6XC9cL2JldWVsLW1pcmVjb3VydC5ldVwvV1BcL3dwLWNvbnRlbnRcL3VwbG9hZHNcLzIwMjJcLzA1XC9EU0MwOTgzNl9zbWFsbC5qcGciLCJzbGlkZXNob3ciOiJiOTU4N2FlIn0%3D\">\n\t\t\t\t\t<div class=\"e-gallery-image elementor-gallery-item__image\" data-thumbnail=\"https:\/\/beuel-mirecourt.eu\/WP\/wp-content\/uploads\/2022\/05\/DSC09836_small-300x200.jpg\" data-width=\"300\" data-height=\"200\" aria-label=\"\" role=\"img\" ><\/div>\n\t\t\t\t\t\t\t\t\t\t\t<div class=\"elementor-gallery-item__overlay\"><\/div>\n\t\t\t\t\t\t\t\t\t\t\t\t\t\t<\/a>\n\t\t\t\t\t<\/div>\n\t\t\t\t\t<\/div>\n\t\t\t\t<\/div>\n\t\t\t\t\t<\/div>\n\t\t<\/div>\n\t\t\t\t\t<\/div>\n\t\t<\/section>\n\t\t\t\t<\/div>\n\t\t","protected":false},"excerpt":{"rendered":"<p>La joie de se retrouver \u00e9tait clairement visible sur les visages de tous les participants et participantes \u00e0 l&#8217;assembl\u00e9e g\u00e9n\u00e9rale annuelle.&#8222;Contrairement \u00e0 la derni\u00e8re assembl\u00e9e g\u00e9n\u00e9rale annuelle, nous pouvons \u00e0 nouveau prendre notre temps et pr\u00e9senter en d\u00e9tail les nombreuses petites actions de l&#8217;ann\u00e9e 2021&#8220;, a d\u00e9clar\u00e9 la premi\u00e8re pr\u00e9sidente du comit\u00e9, Regina Haunhorst, en [&hellip;]<\/p>\n","protected":false},"author":2,"featured_media":0,"comment_status":"closed","ping_status":"open","sticky":false,"template":"","format":"standard","meta":{"footnotes":""},"categories":[151,9],"tags":[],"class_list":["post-3281","post","type-post","status-publish","format-standard","hentry","category-2022-fr","category-general"],"_links":{"self":[{"href":"https:\/\/beuel-mirecourt.eu\/WP\/wp-json\/wp\/v2\/posts\/3281","targetHints":{"allow":["GET"]}}],"collection":[{"href":"https:\/\/beuel-mirecourt.eu\/WP\/wp-json\/wp\/v2\/posts"}],"about":[{"href":"https:\/\/beuel-mirecourt.eu\/WP\/wp-json\/wp\/v2\/types\/post"}],"author":[{"embeddable":true,"href":"https:\/\/beuel-mirecourt.eu\/WP\/wp-json\/wp\/v2\/users\/2"}],"replies":[{"embeddable":true,"href":"https:\/\/beuel-mirecourt.eu\/WP\/wp-json\/wp\/v2\/comments?post=3281"}],"version-history":[{"count":16,"href":"https:\/\/beuel-mirecourt.eu\/WP\/wp-json\/wp\/v2\/posts\/3281\/revisions"}],"predecessor-version":[{"id":3342,"href":"https:\/\/beuel-mirecourt.eu\/WP\/wp-json\/wp\/v2\/posts\/3281\/revisions\/3342"}],"wp:attachment":[{"href":"https:\/\/beuel-mirecourt.eu\/WP\/wp-json\/wp\/v2\/media?parent=3281"}],"wp:term":[{"taxonomy":"category","embeddable":true,"href":"https:\/\/beuel-mirecourt.eu\/WP\/wp-json\/wp\/v2\/categories?post=3281"},{"taxonomy":"post_tag","embeddable":true,"href":"https:\/\/beuel-mirecourt.eu\/WP\/wp-json\/wp\/v2\/tags?post=3281"}],"curies":[{"name":"wp","href":"https:\/\/api.w.org\/{rel}","templated":true}]}}