{"id":3360,"date":"2022-06-08T20:27:12","date_gmt":"2022-06-08T18:27:12","guid":{"rendered":"https:\/\/beuel-mirecourt.eu\/WP\/?p=3360"},"modified":"2022-06-08T20:29:42","modified_gmt":"2022-06-08T18:29:42","slug":"week-end-de-randonnee-avec-lastragale-dans-les-vosges-du-nord","status":"publish","type":"post","link":"https:\/\/beuel-mirecourt.eu\/WP\/fr\/week-end-de-randonnee-avec-lastragale-dans-les-vosges-du-nord\/","title":{"rendered":"Week-end de randonn\u00e9e avec l&#8217;Astragale dans les Vosges du Nord"},"content":{"rendered":"\t\t<div data-elementor-type=\"wp-post\" data-elementor-id=\"3360\" class=\"elementor elementor-3360\" data-elementor-post-type=\"post\">\n\t\t\t\t\t\t<section class=\"elementor-section elementor-top-section elementor-element elementor-element-91a655b elementor-section-boxed elementor-section-height-default elementor-section-height-default\" data-id=\"91a655b\" data-element_type=\"section\">\n\t\t\t\t\t\t<div class=\"elementor-container elementor-column-gap-default\">\n\t\t\t\t\t<div class=\"elementor-column elementor-col-100 elementor-top-column elementor-element elementor-element-55d3f5e\" data-id=\"55d3f5e\" data-element_type=\"column\">\n\t\t\t<div class=\"elementor-widget-wrap elementor-element-populated\">\n\t\t\t\t\t\t<div class=\"elementor-element elementor-element-44561f0 elementor-widget elementor-widget-text-editor\" data-id=\"44561f0\" data-element_type=\"widget\" data-widget_type=\"text-editor.default\">\n\t\t\t\t<div class=\"elementor-widget-container\">\n\t\t\t\t\t\t\t\t\t<p>Un chemin de randonn\u00e9e le long de la fronti\u00e8re franco-allemande, au cours duquel nous nous sommes d\u00e9plac\u00e9s tant\u00f4t d&#8217;un c\u00f4t\u00e9, tant\u00f4t de l&#8217;autre de la fronti\u00e8re &#8211; en fait, rien de particulier et pour nous, c&#8217;est presque une \u00e9vidence. Mais en ces temps mouvement\u00e9s en Europe, il est touchant de pouvoir parcourir ce chemin ensemble avec nos amis fran\u00e7ais. Ce n&#8217;est pas seulement beau au niveau des relations humaines et du paysage, c&#8217;est important et pr\u00e9cieux que cela soit possible. Vingt et un randonneurs de Beuel ainsi que de Mirecourt et des environs se sont retrouv\u00e9s le week-end du 14 et 15 mai 2022 \u00e0 Bitche, o\u00f9 la r\u00e9gion rappelle l&#8217;Ouest des Etats-Unis et n&#8217;est pas appel\u00e9e \u00e0 tort &#8222;le Colorado du Bitcherland&#8220;.<\/p><p>Comme les ann\u00e9es pr\u00e9c\u00e9dentes (\u00e0 l&#8217;exception de 2020), nous avions \u00e0 nouveau choisi une destination int\u00e9ressante \u00e0 mi-chemin entre Beuel et Mirecourt, cette fois-ci organis\u00e9e par Astragale.<\/p><p>Nous sommes partis de Beuel le samedi vers 8 heures, et c&#8217;est avec grand plaisir que nous avons retrouv\u00e9 nos amis fran\u00e7ais au point de d\u00e9part de la premi\u00e8re randonn\u00e9e. Notre chemin nous a conduits sur de petits sentiers \u00e0 travers le Colorado mosellan, caract\u00e9ris\u00e9 par d&#8217;imposantes falaises de gr\u00e8s rouge\u00e2tre, qui ont \u00e9t\u00e9 admir\u00e9es et photographi\u00e9es \u00e0 de nombreuses reprises.<\/p><p>Nous sommes arriv\u00e9s \u00e0 l&#8217;h\u00f4tel vers 18 heures et avons profit\u00e9 de cette journ\u00e9e chaude et ensoleill\u00e9e pour prendre une boisson rafra\u00eechissante. Nous avons ensuite d\u00e9gust\u00e9 ensemble un d\u00e9licieux menu fran\u00e7ais et sommes rest\u00e9s assis en bonne compagnie.<\/p><p>Le lendemain, le soleil \u00e9tait de retour et il faisait encore un peu plus chaud, si bien que les petites cascades en cours de route nous ont permis de nous rafra\u00eechir et, bien s\u00fbr, de faire de petites \u00e9claboussures amusantes. Nous avons travers\u00e9 diff\u00e9rentes zones foresti\u00e8res, gravi quelques m\u00e8tres de d\u00e9nivel\u00e9, admir\u00e9 un parc de sculptures et visit\u00e9 une petite \u00e9glise int\u00e9ressante au bord du chemin. Pour finir, nous avons comme toujours partag\u00e9 le verre de l&#8217;amiti\u00e9 et tous se sont r\u00e9jouis de ce week-end agr\u00e9able et r\u00e9ussi.<\/p><p>Trois randonneurs de Beuel sont rest\u00e9s jusqu&#8217;au lendemain et ont visit\u00e9 la ville de Bitche avec son imposante citadelle, qui t\u00e9moigne \u00e9galement du pass\u00e9 guerrier franco-allemand mouvement\u00e9.<\/p><p>Photos : Bernhard Ortner et Dominique Sartori<\/p><p>\u00a0<\/p>\t\t\t\t\t\t\t\t<\/div>\n\t\t\t\t<\/div>\n\t\t\t\t\t<\/div>\n\t\t<\/div>\n\t\t\t\t\t<\/div>\n\t\t<\/section>\n\t\t\t\t<section class=\"elementor-section elementor-top-section elementor-element elementor-element-6252888 elementor-section-boxed elementor-section-height-default elementor-section-height-default\" data-id=\"6252888\" data-element_type=\"section\">\n\t\t\t\t\t\t<div class=\"elementor-container elementor-column-gap-default\">\n\t\t\t\t\t<div class=\"elementor-column elementor-col-100 elementor-top-column elementor-element elementor-element-a7866c9\" data-id=\"a7866c9\" data-element_type=\"column\">\n\t\t\t<div class=\"elementor-widget-wrap elementor-element-populated\">\n\t\t\t\t\t\t<div class=\"elementor-element elementor-element-8f84a49 elementor-widget elementor-widget-gallery\" data-id=\"8f84a49\" data-element_type=\"widget\" data-settings=\"{&quot;lazyload&quot;:&quot;yes&quot;,&quot;gallery_layout&quot;:&quot;grid&quot;,&quot;columns&quot;:4,&quot;columns_tablet&quot;:2,&quot;columns_mobile&quot;:1,&quot;gap&quot;:{&quot;unit&quot;:&quot;px&quot;,&quot;size&quot;:10,&quot;sizes&quot;:[]},&quot;gap_tablet&quot;:{&quot;unit&quot;:&quot;px&quot;,&quot;size&quot;:10,&quot;sizes&quot;:[]},&quot;gap_mobile&quot;:{&quot;unit&quot;:&quot;px&quot;,&quot;size&quot;:10,&quot;sizes&quot;:[]},&quot;link_to&quot;:&quot;file&quot;,&quot;aspect_ratio&quot;:&quot;3:2&quot;,&quot;overlay_background&quot;:&quot;yes&quot;,&quot;content_hover_animation&quot;:&quot;fade-in&quot;}\" data-widget_type=\"gallery.default\">\n\t\t\t\t<div class=\"elementor-widget-container\">\n\t\t\t\t\t\t\t<div class=\"elementor-gallery__container\">\n\t\t\t\t\t\t\t<a class=\"e-gallery-item elementor-gallery-item elementor-animated-content\" href=\"https:\/\/beuel-mirecourt.eu\/WP\/wp-content\/uploads\/2022\/06\/wanderung_astragale_bern_small.jpg\" data-elementor-open-lightbox=\"yes\" data-elementor-lightbox-slideshow=\"8f84a49\" data-e-action-hash=\"#elementor-action%3Aaction%3Dlightbox%26settings%3DeyJpZCI6MzM0OCwidXJsIjoiaHR0cHM6XC9cL2JldWVsLW1pcmVjb3VydC5ldVwvV1BcL3dwLWNvbnRlbnRcL3VwbG9hZHNcLzIwMjJcLzA2XC93YW5kZXJ1bmdfYXN0cmFnYWxlX2Jlcm5fc21hbGwuanBnIiwic2xpZGVzaG93IjoiOGY4NGE0OSJ9\">\n\t\t\t\t\t<div class=\"e-gallery-image elementor-gallery-item__image\" data-thumbnail=\"https:\/\/beuel-mirecourt.eu\/WP\/wp-content\/uploads\/2022\/06\/wanderung_astragale_bern_small-300x225.jpg\" data-width=\"300\" data-height=\"225\" aria-label=\"\" role=\"img\" ><\/div>\n\t\t\t\t\t\t\t\t\t\t\t<div class=\"elementor-gallery-item__overlay\"><\/div>\n\t\t\t\t\t\t\t\t\t\t\t\t\t\t<\/a>\n\t\t\t\t\t\t\t<a class=\"e-gallery-item elementor-gallery-item elementor-animated-content\" href=\"https:\/\/beuel-mirecourt.eu\/WP\/wp-content\/uploads\/2022\/06\/wanderung_astragale_dom_small.jpg\" data-elementor-open-lightbox=\"yes\" data-elementor-lightbox-slideshow=\"8f84a49\" data-e-action-hash=\"#elementor-action%3Aaction%3Dlightbox%26settings%3DeyJpZCI6MzM0OSwidXJsIjoiaHR0cHM6XC9cL2JldWVsLW1pcmVjb3VydC5ldVwvV1BcL3dwLWNvbnRlbnRcL3VwbG9hZHNcLzIwMjJcLzA2XC93YW5kZXJ1bmdfYXN0cmFnYWxlX2RvbV9zbWFsbC5qcGciLCJzbGlkZXNob3ciOiI4Zjg0YTQ5In0%3D\">\n\t\t\t\t\t<div class=\"e-gallery-image elementor-gallery-item__image\" data-thumbnail=\"https:\/\/beuel-mirecourt.eu\/WP\/wp-content\/uploads\/2022\/06\/wanderung_astragale_dom_small-225x300.jpg\" data-width=\"225\" data-height=\"300\" aria-label=\"\" role=\"img\" ><\/div>\n\t\t\t\t\t\t\t\t\t\t\t<div class=\"elementor-gallery-item__overlay\"><\/div>\n\t\t\t\t\t\t\t\t\t\t\t\t\t\t<\/a>\n\t\t\t\t\t\t\t<a class=\"e-gallery-item elementor-gallery-item elementor-animated-content\" href=\"https:\/\/beuel-mirecourt.eu\/WP\/wp-content\/uploads\/2022\/06\/wanderung_astragale_bern_3_small.jpg\" data-elementor-open-lightbox=\"yes\" data-elementor-lightbox-slideshow=\"8f84a49\" data-e-action-hash=\"#elementor-action%3Aaction%3Dlightbox%26settings%3DeyJpZCI6MzM1MCwidXJsIjoiaHR0cHM6XC9cL2JldWVsLW1pcmVjb3VydC5ldVwvV1BcL3dwLWNvbnRlbnRcL3VwbG9hZHNcLzIwMjJcLzA2XC93YW5kZXJ1bmdfYXN0cmFnYWxlX2Jlcm5fM19zbWFsbC5qcGciLCJzbGlkZXNob3ciOiI4Zjg0YTQ5In0%3D\">\n\t\t\t\t\t<div class=\"e-gallery-image elementor-gallery-item__image\" data-thumbnail=\"https:\/\/beuel-mirecourt.eu\/WP\/wp-content\/uploads\/2022\/06\/wanderung_astragale_bern_3_small-225x300.jpg\" data-width=\"225\" data-height=\"300\" aria-label=\"\" role=\"img\" ><\/div>\n\t\t\t\t\t\t\t\t\t\t\t<div class=\"elementor-gallery-item__overlay\"><\/div>\n\t\t\t\t\t\t\t\t\t\t\t\t\t\t<\/a>\n\t\t\t\t\t\t\t<a class=\"e-gallery-item elementor-gallery-item elementor-animated-content\" href=\"https:\/\/beuel-mirecourt.eu\/WP\/wp-content\/uploads\/2022\/06\/wanderung_astragale_bern_4_1_small.jpg\" data-elementor-open-lightbox=\"yes\" data-elementor-lightbox-slideshow=\"8f84a49\" data-e-action-hash=\"#elementor-action%3Aaction%3Dlightbox%26settings%3DeyJpZCI6MzM1MSwidXJsIjoiaHR0cHM6XC9cL2JldWVsLW1pcmVjb3VydC5ldVwvV1BcL3dwLWNvbnRlbnRcL3VwbG9hZHNcLzIwMjJcLzA2XC93YW5kZXJ1bmdfYXN0cmFnYWxlX2Jlcm5fNF8xX3NtYWxsLmpwZyIsInNsaWRlc2hvdyI6IjhmODRhNDkifQ%3D%3D\">\n\t\t\t\t\t<div class=\"e-gallery-image elementor-gallery-item__image\" data-thumbnail=\"https:\/\/beuel-mirecourt.eu\/WP\/wp-content\/uploads\/2022\/06\/wanderung_astragale_bern_4_1_small-225x300.jpg\" data-width=\"225\" data-height=\"300\" aria-label=\"\" role=\"img\" ><\/div>\n\t\t\t\t\t\t\t\t\t\t\t<div class=\"elementor-gallery-item__overlay\"><\/div>\n\t\t\t\t\t\t\t\t\t\t\t\t\t\t<\/a>\n\t\t\t\t\t\t\t<a class=\"e-gallery-item elementor-gallery-item elementor-animated-content\" href=\"https:\/\/beuel-mirecourt.eu\/WP\/wp-content\/uploads\/2022\/06\/wanderung_astragale_bern_5_1_small.jpg\" data-elementor-open-lightbox=\"yes\" data-elementor-lightbox-slideshow=\"8f84a49\" data-e-action-hash=\"#elementor-action%3Aaction%3Dlightbox%26settings%3DeyJpZCI6MzM1MiwidXJsIjoiaHR0cHM6XC9cL2JldWVsLW1pcmVjb3VydC5ldVwvV1BcL3dwLWNvbnRlbnRcL3VwbG9hZHNcLzIwMjJcLzA2XC93YW5kZXJ1bmdfYXN0cmFnYWxlX2Jlcm5fNV8xX3NtYWxsLmpwZyIsInNsaWRlc2hvdyI6IjhmODRhNDkifQ%3D%3D\">\n\t\t\t\t\t<div class=\"e-gallery-image elementor-gallery-item__image\" data-thumbnail=\"https:\/\/beuel-mirecourt.eu\/WP\/wp-content\/uploads\/2022\/06\/wanderung_astragale_bern_5_1_small-225x300.jpg\" data-width=\"225\" data-height=\"300\" aria-label=\"\" role=\"img\" ><\/div>\n\t\t\t\t\t\t\t\t\t\t\t<div class=\"elementor-gallery-item__overlay\"><\/div>\n\t\t\t\t\t\t\t\t\t\t\t\t\t\t<\/a>\n\t\t\t\t\t\t\t<a class=\"e-gallery-item elementor-gallery-item elementor-animated-content\" href=\"https:\/\/beuel-mirecourt.eu\/WP\/wp-content\/uploads\/2022\/06\/wanderung_astragale_dom_4_1_small.jpg\" data-elementor-open-lightbox=\"yes\" data-elementor-lightbox-slideshow=\"8f84a49\" data-e-action-hash=\"#elementor-action%3Aaction%3Dlightbox%26settings%3DeyJpZCI6MzM1MywidXJsIjoiaHR0cHM6XC9cL2JldWVsLW1pcmVjb3VydC5ldVwvV1BcL3dwLWNvbnRlbnRcL3VwbG9hZHNcLzIwMjJcLzA2XC93YW5kZXJ1bmdfYXN0cmFnYWxlX2RvbV80XzFfc21hbGwuanBnIiwic2xpZGVzaG93IjoiOGY4NGE0OSJ9\">\n\t\t\t\t\t<div class=\"e-gallery-image elementor-gallery-item__image\" data-thumbnail=\"https:\/\/beuel-mirecourt.eu\/WP\/wp-content\/uploads\/2022\/06\/wanderung_astragale_dom_4_1_small-300x225.jpg\" data-width=\"300\" data-height=\"225\" aria-label=\"\" role=\"img\" ><\/div>\n\t\t\t\t\t\t\t\t\t\t\t<div class=\"elementor-gallery-item__overlay\"><\/div>\n\t\t\t\t\t\t\t\t\t\t\t\t\t\t<\/a>\n\t\t\t\t\t\t\t<a class=\"e-gallery-item elementor-gallery-item elementor-animated-content\" href=\"https:\/\/beuel-mirecourt.eu\/WP\/wp-content\/uploads\/2022\/06\/wanderung_astragale_dom_5_1_small.jpg\" data-elementor-open-lightbox=\"yes\" data-elementor-lightbox-slideshow=\"8f84a49\" data-e-action-hash=\"#elementor-action%3Aaction%3Dlightbox%26settings%3DeyJpZCI6MzM1NCwidXJsIjoiaHR0cHM6XC9cL2JldWVsLW1pcmVjb3VydC5ldVwvV1BcL3dwLWNvbnRlbnRcL3VwbG9hZHNcLzIwMjJcLzA2XC93YW5kZXJ1bmdfYXN0cmFnYWxlX2RvbV81XzFfc21hbGwuanBnIiwic2xpZGVzaG93IjoiOGY4NGE0OSJ9\">\n\t\t\t\t\t<div class=\"e-gallery-image elementor-gallery-item__image\" data-thumbnail=\"https:\/\/beuel-mirecourt.eu\/WP\/wp-content\/uploads\/2022\/06\/wanderung_astragale_dom_5_1_small-225x300.jpg\" data-width=\"225\" data-height=\"300\" aria-label=\"\" role=\"img\" ><\/div>\n\t\t\t\t\t\t\t\t\t\t\t<div class=\"elementor-gallery-item__overlay\"><\/div>\n\t\t\t\t\t\t\t\t\t\t\t\t\t\t<\/a>\n\t\t\t\t\t\t\t<a class=\"e-gallery-item elementor-gallery-item elementor-animated-content\" href=\"https:\/\/beuel-mirecourt.eu\/WP\/wp-content\/uploads\/2022\/06\/wanderung_astragale_dom_3_small.jpg\" data-elementor-open-lightbox=\"yes\" data-elementor-lightbox-slideshow=\"8f84a49\" data-e-action-hash=\"#elementor-action%3Aaction%3Dlightbox%26settings%3DeyJpZCI6MzM1NSwidXJsIjoiaHR0cHM6XC9cL2JldWVsLW1pcmVjb3VydC5ldVwvV1BcL3dwLWNvbnRlbnRcL3VwbG9hZHNcLzIwMjJcLzA2XC93YW5kZXJ1bmdfYXN0cmFnYWxlX2RvbV8zX3NtYWxsLmpwZyIsInNsaWRlc2hvdyI6IjhmODRhNDkifQ%3D%3D\">\n\t\t\t\t\t<div class=\"e-gallery-image elementor-gallery-item__image\" data-thumbnail=\"https:\/\/beuel-mirecourt.eu\/WP\/wp-content\/uploads\/2022\/06\/wanderung_astragale_dom_3_small-300x225.jpg\" data-width=\"300\" data-height=\"225\" aria-label=\"\" role=\"img\" ><\/div>\n\t\t\t\t\t\t\t\t\t\t\t<div class=\"elementor-gallery-item__overlay\"><\/div>\n\t\t\t\t\t\t\t\t\t\t\t\t\t\t<\/a>\n\t\t\t\t\t\t\t<a class=\"e-gallery-item elementor-gallery-item elementor-animated-content\" href=\"https:\/\/beuel-mirecourt.eu\/WP\/wp-content\/uploads\/2022\/06\/wanderung_astragale_dom_6_1_small.jpg\" data-elementor-open-lightbox=\"yes\" data-elementor-lightbox-slideshow=\"8f84a49\" data-e-action-hash=\"#elementor-action%3Aaction%3Dlightbox%26settings%3DeyJpZCI6MzM1NiwidXJsIjoiaHR0cHM6XC9cL2JldWVsLW1pcmVjb3VydC5ldVwvV1BcL3dwLWNvbnRlbnRcL3VwbG9hZHNcLzIwMjJcLzA2XC93YW5kZXJ1bmdfYXN0cmFnYWxlX2RvbV82XzFfc21hbGwuanBnIiwic2xpZGVzaG93IjoiOGY4NGE0OSJ9\">\n\t\t\t\t\t<div class=\"e-gallery-image elementor-gallery-item__image\" data-thumbnail=\"https:\/\/beuel-mirecourt.eu\/WP\/wp-content\/uploads\/2022\/06\/wanderung_astragale_dom_6_1_small-300x249.jpg\" data-width=\"300\" data-height=\"249\" aria-label=\"\" role=\"img\" ><\/div>\n\t\t\t\t\t\t\t\t\t\t\t<div class=\"elementor-gallery-item__overlay\"><\/div>\n\t\t\t\t\t\t\t\t\t\t\t\t\t\t<\/a>\n\t\t\t\t\t<\/div>\n\t\t\t\t\t<\/div>\n\t\t\t\t<\/div>\n\t\t\t\t\t<\/div>\n\t\t<\/div>\n\t\t\t\t\t<\/div>\n\t\t<\/section>\n\t\t\t\t<\/div>\n\t\t","protected":false},"excerpt":{"rendered":"<p>Un chemin de randonn\u00e9e le long de la fronti\u00e8re franco-allemande, au cours duquel nous nous sommes d\u00e9plac\u00e9s tant\u00f4t d&#8217;un c\u00f4t\u00e9, tant\u00f4t de l&#8217;autre de la fronti\u00e8re &#8211; en fait, rien de particulier et pour nous, c&#8217;est presque une \u00e9vidence. Mais en ces temps mouvement\u00e9s en Europe, il est touchant de pouvoir parcourir ce chemin ensemble [&hellip;]<\/p>\n","protected":false},"author":2,"featured_media":0,"comment_status":"closed","ping_status":"open","sticky":false,"template":"","format":"standard","meta":{"footnotes":""},"categories":[151,9],"tags":[],"class_list":["post-3360","post","type-post","status-publish","format-standard","hentry","category-2022-fr","category-general"],"_links":{"self":[{"href":"https:\/\/beuel-mirecourt.eu\/WP\/wp-json\/wp\/v2\/posts\/3360","targetHints":{"allow":["GET"]}}],"collection":[{"href":"https:\/\/beuel-mirecourt.eu\/WP\/wp-json\/wp\/v2\/posts"}],"about":[{"href":"https:\/\/beuel-mirecourt.eu\/WP\/wp-json\/wp\/v2\/types\/post"}],"author":[{"embeddable":true,"href":"https:\/\/beuel-mirecourt.eu\/WP\/wp-json\/wp\/v2\/users\/2"}],"replies":[{"embeddable":true,"href":"https:\/\/beuel-mirecourt.eu\/WP\/wp-json\/wp\/v2\/comments?post=3360"}],"version-history":[{"count":3,"href":"https:\/\/beuel-mirecourt.eu\/WP\/wp-json\/wp\/v2\/posts\/3360\/revisions"}],"predecessor-version":[{"id":3363,"href":"https:\/\/beuel-mirecourt.eu\/WP\/wp-json\/wp\/v2\/posts\/3360\/revisions\/3363"}],"wp:attachment":[{"href":"https:\/\/beuel-mirecourt.eu\/WP\/wp-json\/wp\/v2\/media?parent=3360"}],"wp:term":[{"taxonomy":"category","embeddable":true,"href":"https:\/\/beuel-mirecourt.eu\/WP\/wp-json\/wp\/v2\/categories?post=3360"},{"taxonomy":"post_tag","embeddable":true,"href":"https:\/\/beuel-mirecourt.eu\/WP\/wp-json\/wp\/v2\/tags?post=3360"}],"curies":[{"name":"wp","href":"https:\/\/api.w.org\/{rel}","templated":true}]}}