{"id":3407,"date":"2022-06-28T22:55:34","date_gmt":"2022-06-28T20:55:34","guid":{"rendered":"https:\/\/beuel-mirecourt.eu\/WP\/?p=3407"},"modified":"2022-06-28T22:57:43","modified_gmt":"2022-06-28T20:57:43","slug":"les-drapeaux-de-la-place-de-mirecourt-sont-a-nouveau-au-complet","status":"publish","type":"post","link":"https:\/\/beuel-mirecourt.eu\/WP\/fr\/les-drapeaux-de-la-place-de-mirecourt-sont-a-nouveau-au-complet\/","title":{"rendered":"Les drapeaux de la place de Mirecourt sont \u00e0 nouveau au complet."},"content":{"rendered":"\t\t<div data-elementor-type=\"wp-post\" data-elementor-id=\"3407\" class=\"elementor elementor-3407\" data-elementor-post-type=\"post\">\n\t\t\t\t\t\t<section class=\"elementor-section elementor-top-section elementor-element elementor-element-90b87e1 elementor-section-boxed elementor-section-height-default elementor-section-height-default\" data-id=\"90b87e1\" data-element_type=\"section\">\n\t\t\t\t\t\t<div class=\"elementor-container elementor-column-gap-default\">\n\t\t\t\t\t<div class=\"elementor-column elementor-col-100 elementor-top-column elementor-element elementor-element-7ae0fe5\" data-id=\"7ae0fe5\" data-element_type=\"column\">\n\t\t\t<div class=\"elementor-widget-wrap elementor-element-populated\">\n\t\t\t\t\t\t<div class=\"elementor-element elementor-element-5506c17 elementor-widget elementor-widget-text-editor\" data-id=\"5506c17\" data-element_type=\"widget\" data-widget_type=\"text-editor.default\">\n\t\t\t\t<div class=\"elementor-widget-container\">\n\t\t\t\t\t\t\t\t\t<p>Gr\u00e2ce au portail de dons &#8222;Hier mit Herz&#8220; de la Sparkasse K\u00f6lnBonn, un nouveau drapeau allemand a pu \u00eatre financ\u00e9 rapidement.<br \/>Une s\u00e9ance photo avec Elisabeth Smilie de la Sparkasse K\u00f6lnBonn et le &#8222;responsable des drapeaux&#8220; et premier vice-pr\u00e9sident du comit\u00e9 de jumelage Beuel-Mirecourt Thomas Fricke a eu lieu sous un soleil radieux sur la place de Mirecourt. &#8222;Nous sommes tr\u00e8s heureux&#8220;, a d\u00e9clar\u00e9 Mme Smilie, &#8222;de pouvoir ainsi soutenir et honorer l&#8217;engagement du comit\u00e9 de jumelage en finan\u00e7ant un nouveau drapeau allemand&#8220;. Comme nous l&#8217;avons rapport\u00e9, un drapeau avait \u00e9t\u00e9 vol\u00e9 peu avant P\u00e2ques sur la place de Mirecourt, alors que l&#8217;association avait justement mis la main \u00e0 la poche cette ann\u00e9e pour renouveler les six drapeaux. &#8222;Nous avons \u00e9t\u00e9 tr\u00e8s heureux de l&#8217;appel de Mme Smilie&#8220;, a racont\u00e9 la pr\u00e9sidente Regina Haunhorst, &#8222;et nous avons directement commenc\u00e9 \u00e0 nous enregistrer sur le portail des dons&#8220;. <br \/>Bien s\u00fbr, tout le monde esp\u00e8re d\u00e9sormais pouvoir profiter \u00e0 long terme des drapeaux qui flottent. Ils sont actuellement un signe de solidarit\u00e9, puisqu&#8217;un drapeau ukrainien a \u00e9galement \u00e9t\u00e9 hiss\u00e9, et bien s\u00fbr un salut constant \u00e0 nos amis de Mirecourt, avec lesquels nous sommes jumel\u00e9s depuis plus de 50 ans. Des amiti\u00e9s et des liens \u00e9troits qui sont plus importants que jamais en ces temps difficiles en Europe !<\/p><p>\u00a0<\/p>\t\t\t\t\t\t\t\t<\/div>\n\t\t\t\t<\/div>\n\t\t\t\t\t<\/div>\n\t\t<\/div>\n\t\t\t\t\t<\/div>\n\t\t<\/section>\n\t\t\t\t<section class=\"elementor-section elementor-top-section elementor-element elementor-element-6571c05 elementor-section-boxed elementor-section-height-default elementor-section-height-default\" data-id=\"6571c05\" data-element_type=\"section\">\n\t\t\t\t\t\t<div class=\"elementor-container elementor-column-gap-default\">\n\t\t\t\t\t<div class=\"elementor-column elementor-col-100 elementor-top-column elementor-element elementor-element-75d87aa\" data-id=\"75d87aa\" data-element_type=\"column\">\n\t\t\t<div class=\"elementor-widget-wrap elementor-element-populated\">\n\t\t\t\t\t\t<div class=\"elementor-element elementor-element-89d8b33 elementor-widget elementor-widget-gallery\" data-id=\"89d8b33\" data-element_type=\"widget\" data-settings=\"{&quot;lazyload&quot;:&quot;yes&quot;,&quot;gallery_layout&quot;:&quot;grid&quot;,&quot;columns&quot;:4,&quot;columns_tablet&quot;:2,&quot;columns_mobile&quot;:1,&quot;gap&quot;:{&quot;unit&quot;:&quot;px&quot;,&quot;size&quot;:10,&quot;sizes&quot;:[]},&quot;gap_tablet&quot;:{&quot;unit&quot;:&quot;px&quot;,&quot;size&quot;:10,&quot;sizes&quot;:[]},&quot;gap_mobile&quot;:{&quot;unit&quot;:&quot;px&quot;,&quot;size&quot;:10,&quot;sizes&quot;:[]},&quot;link_to&quot;:&quot;file&quot;,&quot;aspect_ratio&quot;:&quot;3:2&quot;,&quot;overlay_background&quot;:&quot;yes&quot;,&quot;content_hover_animation&quot;:&quot;fade-in&quot;}\" data-widget_type=\"gallery.default\">\n\t\t\t\t<div class=\"elementor-widget-container\">\n\t\t\t\t\t\t\t<div class=\"elementor-gallery__container\">\n\t\t\t\t\t\t\t<a class=\"e-gallery-item elementor-gallery-item elementor-animated-content\" href=\"https:\/\/beuel-mirecourt.eu\/WP\/wp-content\/uploads\/2022\/06\/DSC00567_small.jpg\" data-elementor-open-lightbox=\"yes\" data-elementor-lightbox-slideshow=\"89d8b33\" data-elementor-lightbox-title=\"Elisabeth Smilie und\/et Thomas Fricke\" data-e-action-hash=\"#elementor-action%3Aaction%3Dlightbox%26settings%3DeyJpZCI6MzM5NywidXJsIjoiaHR0cHM6XC9cL2JldWVsLW1pcmVjb3VydC5ldVwvV1BcL3dwLWNvbnRlbnRcL3VwbG9hZHNcLzIwMjJcLzA2XC9EU0MwMDU2N19zbWFsbC5qcGciLCJzbGlkZXNob3ciOiI4OWQ4YjMzIn0%3D\">\n\t\t\t\t\t<div class=\"e-gallery-image elementor-gallery-item__image\" data-thumbnail=\"https:\/\/beuel-mirecourt.eu\/WP\/wp-content\/uploads\/2022\/06\/DSC00567_small-300x200.jpg\" data-width=\"300\" data-height=\"200\" aria-label=\"\" role=\"img\" ><\/div>\n\t\t\t\t\t\t\t\t\t\t\t<div class=\"elementor-gallery-item__overlay\"><\/div>\n\t\t\t\t\t\t\t\t\t\t\t\t\t\t<\/a>\n\t\t\t\t\t\t\t<a class=\"e-gallery-item elementor-gallery-item elementor-animated-content\" href=\"https:\/\/beuel-mirecourt.eu\/WP\/wp-content\/uploads\/2022\/06\/DSC00570_small.jpg\" data-elementor-open-lightbox=\"yes\" data-elementor-lightbox-slideshow=\"89d8b33\" data-e-action-hash=\"#elementor-action%3Aaction%3Dlightbox%26settings%3DeyJpZCI6MzM5OCwidXJsIjoiaHR0cHM6XC9cL2JldWVsLW1pcmVjb3VydC5ldVwvV1BcL3dwLWNvbnRlbnRcL3VwbG9hZHNcLzIwMjJcLzA2XC9EU0MwMDU3MF9zbWFsbC5qcGciLCJzbGlkZXNob3ciOiI4OWQ4YjMzIn0%3D\">\n\t\t\t\t\t<div class=\"e-gallery-image elementor-gallery-item__image\" data-thumbnail=\"https:\/\/beuel-mirecourt.eu\/WP\/wp-content\/uploads\/2022\/06\/DSC00570_small-200x300.jpg\" data-width=\"200\" data-height=\"300\" aria-label=\"\" role=\"img\" ><\/div>\n\t\t\t\t\t\t\t\t\t\t\t<div class=\"elementor-gallery-item__overlay\"><\/div>\n\t\t\t\t\t\t\t\t\t\t\t\t\t\t<\/a>\n\t\t\t\t\t\t\t<a class=\"e-gallery-item elementor-gallery-item elementor-animated-content\" href=\"https:\/\/beuel-mirecourt.eu\/WP\/wp-content\/uploads\/2022\/06\/DSC00571_small.jpg\" data-elementor-open-lightbox=\"yes\" data-elementor-lightbox-slideshow=\"89d8b33\" data-elementor-lightbox-title=\"Frau Smilie hisst die Flagge\/Mme Smilie l\u00e8ve le drapeau\" data-e-action-hash=\"#elementor-action%3Aaction%3Dlightbox%26settings%3DeyJpZCI6MzM5OSwidXJsIjoiaHR0cHM6XC9cL2JldWVsLW1pcmVjb3VydC5ldVwvV1BcL3dwLWNvbnRlbnRcL3VwbG9hZHNcLzIwMjJcLzA2XC9EU0MwMDU3MV9zbWFsbC5qcGciLCJzbGlkZXNob3ciOiI4OWQ4YjMzIn0%3D\">\n\t\t\t\t\t<div class=\"e-gallery-image elementor-gallery-item__image\" data-thumbnail=\"https:\/\/beuel-mirecourt.eu\/WP\/wp-content\/uploads\/2022\/06\/DSC00571_small-200x300.jpg\" data-width=\"200\" data-height=\"300\" aria-label=\"\" role=\"img\" ><\/div>\n\t\t\t\t\t\t\t\t\t\t\t<div class=\"elementor-gallery-item__overlay\"><\/div>\n\t\t\t\t\t\t\t\t\t\t\t\t\t\t<\/a>\n\t\t\t\t\t\t\t<a class=\"e-gallery-item elementor-gallery-item elementor-animated-content\" href=\"https:\/\/beuel-mirecourt.eu\/WP\/wp-content\/uploads\/2022\/06\/DSC00574_small.jpg\" data-elementor-open-lightbox=\"yes\" data-elementor-lightbox-slideshow=\"89d8b33\" data-e-action-hash=\"#elementor-action%3Aaction%3Dlightbox%26settings%3DeyJpZCI6MzQwMCwidXJsIjoiaHR0cHM6XC9cL2JldWVsLW1pcmVjb3VydC5ldVwvV1BcL3dwLWNvbnRlbnRcL3VwbG9hZHNcLzIwMjJcLzA2XC9EU0MwMDU3NF9zbWFsbC5qcGciLCJzbGlkZXNob3ciOiI4OWQ4YjMzIn0%3D\">\n\t\t\t\t\t<div class=\"e-gallery-image elementor-gallery-item__image\" data-thumbnail=\"https:\/\/beuel-mirecourt.eu\/WP\/wp-content\/uploads\/2022\/06\/DSC00574_small-200x300.jpg\" data-width=\"200\" data-height=\"300\" aria-label=\"\" role=\"img\" ><\/div>\n\t\t\t\t\t\t\t\t\t\t\t<div class=\"elementor-gallery-item__overlay\"><\/div>\n\t\t\t\t\t\t\t\t\t\t\t\t\t\t<\/a>\n\t\t\t\t\t\t\t<a class=\"e-gallery-item elementor-gallery-item elementor-animated-content\" href=\"https:\/\/beuel-mirecourt.eu\/WP\/wp-content\/uploads\/2022\/06\/DSC00575_1_2_small.jpg\" data-elementor-open-lightbox=\"yes\" data-elementor-lightbox-slideshow=\"89d8b33\" data-e-action-hash=\"#elementor-action%3Aaction%3Dlightbox%26settings%3DeyJpZCI6MzQwMiwidXJsIjoiaHR0cHM6XC9cL2JldWVsLW1pcmVjb3VydC5ldVwvV1BcL3dwLWNvbnRlbnRcL3VwbG9hZHNcLzIwMjJcLzA2XC9EU0MwMDU3NV8xXzJfc21hbGwuanBnIiwic2xpZGVzaG93IjoiODlkOGIzMyJ9\">\n\t\t\t\t\t<div class=\"e-gallery-image elementor-gallery-item__image\" data-thumbnail=\"https:\/\/beuel-mirecourt.eu\/WP\/wp-content\/uploads\/2022\/06\/DSC00575_1_2_small-200x300.jpg\" data-width=\"200\" data-height=\"300\" aria-label=\"\" role=\"img\" ><\/div>\n\t\t\t\t\t\t\t\t\t\t\t<div class=\"elementor-gallery-item__overlay\"><\/div>\n\t\t\t\t\t\t\t\t\t\t\t\t\t\t<\/a>\n\t\t\t\t\t\t\t<a class=\"e-gallery-item elementor-gallery-item elementor-animated-content\" href=\"https:\/\/beuel-mirecourt.eu\/WP\/wp-content\/uploads\/2022\/06\/DSC00576_1_small.jpg\" data-elementor-open-lightbox=\"yes\" data-elementor-lightbox-slideshow=\"89d8b33\" data-elementor-lightbox-title=\"Geschafft! \/ R\u00e9ussi!\" data-e-action-hash=\"#elementor-action%3Aaction%3Dlightbox%26settings%3DeyJpZCI6MzQwMywidXJsIjoiaHR0cHM6XC9cL2JldWVsLW1pcmVjb3VydC5ldVwvV1BcL3dwLWNvbnRlbnRcL3VwbG9hZHNcLzIwMjJcLzA2XC9EU0MwMDU3Nl8xX3NtYWxsLmpwZyIsInNsaWRlc2hvdyI6Ijg5ZDhiMzMifQ%3D%3D\">\n\t\t\t\t\t<div class=\"e-gallery-image elementor-gallery-item__image\" data-thumbnail=\"https:\/\/beuel-mirecourt.eu\/WP\/wp-content\/uploads\/2022\/06\/DSC00576_1_small-200x300.jpg\" data-width=\"200\" data-height=\"300\" aria-label=\"\" role=\"img\" ><\/div>\n\t\t\t\t\t\t\t\t\t\t\t<div class=\"elementor-gallery-item__overlay\"><\/div>\n\t\t\t\t\t\t\t\t\t\t\t\t\t\t<\/a>\n\t\t\t\t\t<\/div>\n\t\t\t\t\t<\/div>\n\t\t\t\t<\/div>\n\t\t\t\t\t<\/div>\n\t\t<\/div>\n\t\t\t\t\t<\/div>\n\t\t<\/section>\n\t\t\t\t<\/div>\n\t\t","protected":false},"excerpt":{"rendered":"<p>Gr\u00e2ce au portail de dons &#8222;Hier mit Herz&#8220; de la Sparkasse K\u00f6lnBonn, un nouveau drapeau allemand a pu \u00eatre financ\u00e9 rapidement.Une s\u00e9ance photo avec Elisabeth Smilie de la Sparkasse K\u00f6lnBonn et le &#8222;responsable des drapeaux&#8220; et premier vice-pr\u00e9sident du comit\u00e9 de jumelage Beuel-Mirecourt Thomas Fricke a eu lieu sous un soleil radieux sur la place [&hellip;]<\/p>\n","protected":false},"author":2,"featured_media":0,"comment_status":"closed","ping_status":"open","sticky":false,"template":"","format":"standard","meta":{"footnotes":""},"categories":[151,9],"tags":[],"class_list":["post-3407","post","type-post","status-publish","format-standard","hentry","category-2022-fr","category-general"],"_links":{"self":[{"href":"https:\/\/beuel-mirecourt.eu\/WP\/wp-json\/wp\/v2\/posts\/3407","targetHints":{"allow":["GET"]}}],"collection":[{"href":"https:\/\/beuel-mirecourt.eu\/WP\/wp-json\/wp\/v2\/posts"}],"about":[{"href":"https:\/\/beuel-mirecourt.eu\/WP\/wp-json\/wp\/v2\/types\/post"}],"author":[{"embeddable":true,"href":"https:\/\/beuel-mirecourt.eu\/WP\/wp-json\/wp\/v2\/users\/2"}],"replies":[{"embeddable":true,"href":"https:\/\/beuel-mirecourt.eu\/WP\/wp-json\/wp\/v2\/comments?post=3407"}],"version-history":[{"count":4,"href":"https:\/\/beuel-mirecourt.eu\/WP\/wp-json\/wp\/v2\/posts\/3407\/revisions"}],"predecessor-version":[{"id":3411,"href":"https:\/\/beuel-mirecourt.eu\/WP\/wp-json\/wp\/v2\/posts\/3407\/revisions\/3411"}],"wp:attachment":[{"href":"https:\/\/beuel-mirecourt.eu\/WP\/wp-json\/wp\/v2\/media?parent=3407"}],"wp:term":[{"taxonomy":"category","embeddable":true,"href":"https:\/\/beuel-mirecourt.eu\/WP\/wp-json\/wp\/v2\/categories?post=3407"},{"taxonomy":"post_tag","embeddable":true,"href":"https:\/\/beuel-mirecourt.eu\/WP\/wp-json\/wp\/v2\/tags?post=3407"}],"curies":[{"name":"wp","href":"https:\/\/api.w.org\/{rel}","templated":true}]}}