{"id":3437,"date":"2022-07-11T17:41:16","date_gmt":"2022-07-11T15:41:16","guid":{"rendered":"https:\/\/beuel-mirecourt.eu\/WP\/?p=3437"},"modified":"2022-07-14T10:09:06","modified_gmt":"2022-07-14T08:09:06","slug":"lechange-de-jeunes-avec-des-jeunes-de-mirecourt-a-enfin-lieu-a-nouveau","status":"publish","type":"post","link":"https:\/\/beuel-mirecourt.eu\/WP\/fr\/lechange-de-jeunes-avec-des-jeunes-de-mirecourt-a-enfin-lieu-a-nouveau\/","title":{"rendered":"L&#8217;\u00e9change de jeunes avec des jeunes de Mirecourt a enfin lieu \u00e0 nouveau."},"content":{"rendered":"\t\t<div data-elementor-type=\"wp-post\" data-elementor-id=\"3437\" class=\"elementor elementor-3437\" data-elementor-post-type=\"post\">\n\t\t\t\t\t\t<section class=\"elementor-section elementor-top-section elementor-element elementor-element-e217033 elementor-section-boxed elementor-section-height-default elementor-section-height-default\" data-id=\"e217033\" data-element_type=\"section\">\n\t\t\t\t\t\t<div class=\"elementor-container elementor-column-gap-default\">\n\t\t\t\t\t<div class=\"elementor-column elementor-col-100 elementor-top-column elementor-element elementor-element-01de463\" data-id=\"01de463\" data-element_type=\"column\">\n\t\t\t<div class=\"elementor-widget-wrap elementor-element-populated\">\n\t\t\t\t\t\t<div class=\"elementor-element elementor-element-1ce605f elementor-widget elementor-widget-text-editor\" data-id=\"1ce605f\" data-element_type=\"widget\" data-widget_type=\"text-editor.default\">\n\t\t\t\t<div class=\"elementor-widget-container\">\n\t\t\t\t\t\t\t\t\t<p>La maire de l&#8217;arrondissement, Lara Mohn, a accueilli les jeunes et les familles d&#8217;accueil \u00e0 la mairie de Beuel.<\/p><p>&#8222;Je suis tr\u00e8s heureuse&#8220;, a d\u00e9clar\u00e9 Lara Mohn avec un sourire radieux sur le visage, &#8222;de pouvoir tous vous accueillir ici \u00e0 la mairie de Beuel. Vous \u00eates pr\u00eats \u00e0 vous lancer dans &#8222;l&#8217;aventure&#8220;, \u00e0 rencontrer des personnes d&#8217;un autre pays et \u00e0 passer ensemble un moment int\u00e9ressant&#8220;.<\/p><p>La maire de l&#8217;arrondissement a ajout\u00e9 qu&#8217;au vu de la situation difficile due \u00e0 la guerre en Ukraine, on se rend compte tr\u00e8s clairement que la coexistence, les discussions communes et la volont\u00e9 de s&#8217;ouvrir \u00e0 d&#8217;autres modes de vie sont plus importantes que jamais. Elle a express\u00e9ment remerci\u00e9 les parents d&#8217;accueil qui accueillent encore un &#8222;enfant suppl\u00e9mentaire&#8220; dans la famille et s&#8217;est r\u00e9jouie que Wally Jussy-Koerner du c\u00f4t\u00e9 de Mirecourt et Elke Kiesel du bureau administratif du district de Beuel encadrent \u00e0 nouveau les jeunes. A Beuel, un programme vari\u00e9 attend le groupe, qui doit bien s\u00fbr apporter beaucoup de plaisir, mais aussi faire d\u00e9couvrir aux h\u00f4tes de Mirecourt la ville de Bonn, les environs et le mode de vie local. L&#8217;ann\u00e9e prochaine, les jeunes de Beuel se rendront \u00e0 Mirecourt.<\/p>\t\t\t\t\t\t\t\t<\/div>\n\t\t\t\t<\/div>\n\t\t\t\t\t<\/div>\n\t\t<\/div>\n\t\t\t\t\t<\/div>\n\t\t<\/section>\n\t\t\t\t<section class=\"elementor-section elementor-top-section elementor-element elementor-element-e1a52df elementor-section-boxed elementor-section-height-default elementor-section-height-default\" data-id=\"e1a52df\" data-element_type=\"section\">\n\t\t\t\t\t\t<div class=\"elementor-container elementor-column-gap-default\">\n\t\t\t\t\t<div class=\"elementor-column elementor-col-100 elementor-top-column elementor-element elementor-element-6012853\" data-id=\"6012853\" data-element_type=\"column\">\n\t\t\t<div class=\"elementor-widget-wrap\">\n\t\t\t\t\t\t\t<\/div>\n\t\t<\/div>\n\t\t\t\t\t<\/div>\n\t\t<\/section>\n\t\t\t\t<section class=\"elementor-section elementor-top-section elementor-element elementor-element-d77ec12 elementor-section-boxed elementor-section-height-default elementor-section-height-default\" data-id=\"d77ec12\" data-element_type=\"section\">\n\t\t\t\t\t\t<div class=\"elementor-container elementor-column-gap-default\">\n\t\t\t\t\t<div class=\"elementor-column elementor-col-100 elementor-top-column elementor-element elementor-element-1c84a71\" data-id=\"1c84a71\" data-element_type=\"column\">\n\t\t\t<div class=\"elementor-widget-wrap elementor-element-populated\">\n\t\t\t\t\t\t<div class=\"elementor-element elementor-element-1c649fa elementor-widget elementor-widget-gallery\" data-id=\"1c649fa\" data-element_type=\"widget\" data-settings=\"{&quot;lazyload&quot;:&quot;yes&quot;,&quot;gallery_layout&quot;:&quot;grid&quot;,&quot;columns&quot;:4,&quot;columns_tablet&quot;:2,&quot;columns_mobile&quot;:1,&quot;gap&quot;:{&quot;unit&quot;:&quot;px&quot;,&quot;size&quot;:10,&quot;sizes&quot;:[]},&quot;gap_tablet&quot;:{&quot;unit&quot;:&quot;px&quot;,&quot;size&quot;:10,&quot;sizes&quot;:[]},&quot;gap_mobile&quot;:{&quot;unit&quot;:&quot;px&quot;,&quot;size&quot;:10,&quot;sizes&quot;:[]},&quot;link_to&quot;:&quot;file&quot;,&quot;aspect_ratio&quot;:&quot;3:2&quot;,&quot;overlay_background&quot;:&quot;yes&quot;,&quot;content_hover_animation&quot;:&quot;fade-in&quot;}\" data-widget_type=\"gallery.default\">\n\t\t\t\t<div class=\"elementor-widget-container\">\n\t\t\t\t\t\t\t<div class=\"elementor-gallery__container\">\n\t\t\t\t\t\t\t<a class=\"e-gallery-item elementor-gallery-item elementor-animated-content\" href=\"https:\/\/beuel-mirecourt.eu\/WP\/wp-content\/uploads\/2022\/07\/DSC00645_1_small-1.jpg\" data-elementor-open-lightbox=\"yes\" data-elementor-lightbox-slideshow=\"1c649fa\" data-elementor-lightbox-title=\"la plus jeune a d\u00e9j\u00e0 adopt\u00e9 l&#039;invit\u00e9 de Mirecourt\" data-e-action-hash=\"#elementor-action%3Aaction%3Dlightbox%26settings%3DeyJpZCI6MzQ0NSwidXJsIjoiaHR0cHM6XC9cL2JldWVsLW1pcmVjb3VydC5ldVwvV1BcL3dwLWNvbnRlbnRcL3VwbG9hZHNcLzIwMjJcLzA3XC9EU0MwMDY0NV8xX3NtYWxsLTEuanBnIiwic2xpZGVzaG93IjoiMWM2NDlmYSJ9\">\n\t\t\t\t\t<div class=\"e-gallery-image elementor-gallery-item__image\" data-thumbnail=\"https:\/\/beuel-mirecourt.eu\/WP\/wp-content\/uploads\/2022\/07\/DSC00645_1_small-1-300x205.jpg\" data-width=\"300\" data-height=\"205\" aria-label=\"\" role=\"img\" ><\/div>\n\t\t\t\t\t\t\t\t\t\t\t<div class=\"elementor-gallery-item__overlay\"><\/div>\n\t\t\t\t\t\t\t\t\t\t\t\t\t\t<\/a>\n\t\t\t\t\t\t\t<a class=\"e-gallery-item elementor-gallery-item elementor-animated-content\" href=\"https:\/\/beuel-mirecourt.eu\/WP\/wp-content\/uploads\/2022\/07\/DSC00646_1_small-1.jpg\" data-elementor-open-lightbox=\"yes\" data-elementor-lightbox-slideshow=\"1c649fa\" data-e-action-hash=\"#elementor-action%3Aaction%3Dlightbox%26settings%3DeyJpZCI6MzQ0NywidXJsIjoiaHR0cHM6XC9cL2JldWVsLW1pcmVjb3VydC5ldVwvV1BcL3dwLWNvbnRlbnRcL3VwbG9hZHNcLzIwMjJcLzA3XC9EU0MwMDY0Nl8xX3NtYWxsLTEuanBnIiwic2xpZGVzaG93IjoiMWM2NDlmYSJ9\">\n\t\t\t\t\t<div class=\"e-gallery-image elementor-gallery-item__image\" data-thumbnail=\"https:\/\/beuel-mirecourt.eu\/WP\/wp-content\/uploads\/2022\/07\/DSC00646_1_small-1-175x300.jpg\" data-width=\"175\" data-height=\"300\" aria-label=\"\" role=\"img\" ><\/div>\n\t\t\t\t\t\t\t\t\t\t\t<div class=\"elementor-gallery-item__overlay\"><\/div>\n\t\t\t\t\t\t\t\t\t\t\t\t\t\t<\/a>\n\t\t\t\t\t\t\t<a class=\"e-gallery-item elementor-gallery-item elementor-animated-content\" href=\"https:\/\/beuel-mirecourt.eu\/WP\/wp-content\/uploads\/2022\/07\/DSC00649_1_small-1.jpg\" data-elementor-open-lightbox=\"yes\" data-elementor-lightbox-slideshow=\"1c649fa\" data-e-action-hash=\"#elementor-action%3Aaction%3Dlightbox%26settings%3DeyJpZCI6MzQ0OCwidXJsIjoiaHR0cHM6XC9cL2JldWVsLW1pcmVjb3VydC5ldVwvV1BcL3dwLWNvbnRlbnRcL3VwbG9hZHNcLzIwMjJcLzA3XC9EU0MwMDY0OV8xX3NtYWxsLTEuanBnIiwic2xpZGVzaG93IjoiMWM2NDlmYSJ9\">\n\t\t\t\t\t<div class=\"e-gallery-image elementor-gallery-item__image\" data-thumbnail=\"https:\/\/beuel-mirecourt.eu\/WP\/wp-content\/uploads\/2022\/07\/DSC00649_1_small-1-300x192.jpg\" data-width=\"300\" data-height=\"192\" aria-label=\"\" role=\"img\" ><\/div>\n\t\t\t\t\t\t\t\t\t\t\t<div class=\"elementor-gallery-item__overlay\"><\/div>\n\t\t\t\t\t\t\t\t\t\t\t\t\t\t<\/a>\n\t\t\t\t\t\t\t<a class=\"e-gallery-item elementor-gallery-item elementor-animated-content\" href=\"https:\/\/beuel-mirecourt.eu\/WP\/wp-content\/uploads\/2022\/07\/DSC00650_1_small-1.jpg\" data-elementor-open-lightbox=\"yes\" data-elementor-lightbox-slideshow=\"1c649fa\" data-elementor-lightbox-title=\"DSC00650_1_small\" data-e-action-hash=\"#elementor-action%3Aaction%3Dlightbox%26settings%3DeyJpZCI6MzQ0OSwidXJsIjoiaHR0cHM6XC9cL2JldWVsLW1pcmVjb3VydC5ldVwvV1BcL3dwLWNvbnRlbnRcL3VwbG9hZHNcLzIwMjJcLzA3XC9EU0MwMDY1MF8xX3NtYWxsLTEuanBnIiwic2xpZGVzaG93IjoiMWM2NDlmYSJ9\">\n\t\t\t\t\t<div class=\"e-gallery-image elementor-gallery-item__image\" data-thumbnail=\"https:\/\/beuel-mirecourt.eu\/WP\/wp-content\/uploads\/2022\/07\/DSC00650_1_small-1-300x200.jpg\" data-width=\"300\" data-height=\"200\" aria-label=\"\" role=\"img\" ><\/div>\n\t\t\t\t\t\t\t\t\t\t\t<div class=\"elementor-gallery-item__overlay\"><\/div>\n\t\t\t\t\t\t\t\t\t\t\t\t\t\t<\/a>\n\t\t\t\t\t\t\t<a class=\"e-gallery-item elementor-gallery-item elementor-animated-content\" href=\"https:\/\/beuel-mirecourt.eu\/WP\/wp-content\/uploads\/2022\/07\/DSC00674_1_2_small-1.jpg\" data-elementor-open-lightbox=\"yes\" data-elementor-lightbox-slideshow=\"1c649fa\" data-elementor-lightbox-title=\"Mme le maire Lara Mohn accueille les jeunes\" data-e-action-hash=\"#elementor-action%3Aaction%3Dlightbox%26settings%3DeyJpZCI6MzQ1MCwidXJsIjoiaHR0cHM6XC9cL2JldWVsLW1pcmVjb3VydC5ldVwvV1BcL3dwLWNvbnRlbnRcL3VwbG9hZHNcLzIwMjJcLzA3XC9EU0MwMDY3NF8xXzJfc21hbGwtMS5qcGciLCJzbGlkZXNob3ciOiIxYzY0OWZhIn0%3D\">\n\t\t\t\t\t<div class=\"e-gallery-image elementor-gallery-item__image\" data-thumbnail=\"https:\/\/beuel-mirecourt.eu\/WP\/wp-content\/uploads\/2022\/07\/DSC00674_1_2_small-1-300x223.jpg\" data-width=\"300\" data-height=\"223\" aria-label=\"\" role=\"img\" ><\/div>\n\t\t\t\t\t\t\t\t\t\t\t<div class=\"elementor-gallery-item__overlay\"><\/div>\n\t\t\t\t\t\t\t\t\t\t\t\t\t\t<\/a>\n\t\t\t\t\t\t\t<a class=\"e-gallery-item elementor-gallery-item elementor-animated-content\" href=\"https:\/\/beuel-mirecourt.eu\/WP\/wp-content\/uploads\/2022\/07\/DSC00677_1_small-1.jpg\" data-elementor-open-lightbox=\"yes\" data-elementor-lightbox-slideshow=\"1c649fa\" data-e-action-hash=\"#elementor-action%3Aaction%3Dlightbox%26settings%3DeyJpZCI6MzQ1MSwidXJsIjoiaHR0cHM6XC9cL2JldWVsLW1pcmVjb3VydC5ldVwvV1BcL3dwLWNvbnRlbnRcL3VwbG9hZHNcLzIwMjJcLzA3XC9EU0MwMDY3N18xX3NtYWxsLTEuanBnIiwic2xpZGVzaG93IjoiMWM2NDlmYSJ9\">\n\t\t\t\t\t<div class=\"e-gallery-image elementor-gallery-item__image\" data-thumbnail=\"https:\/\/beuel-mirecourt.eu\/WP\/wp-content\/uploads\/2022\/07\/DSC00677_1_small-1-300x282.jpg\" data-width=\"300\" data-height=\"282\" aria-label=\"\" role=\"img\" ><\/div>\n\t\t\t\t\t\t\t\t\t\t\t<div class=\"elementor-gallery-item__overlay\"><\/div>\n\t\t\t\t\t\t\t\t\t\t\t\t\t\t<\/a>\n\t\t\t\t\t\t\t<a class=\"e-gallery-item elementor-gallery-item elementor-animated-content\" href=\"https:\/\/beuel-mirecourt.eu\/WP\/wp-content\/uploads\/2022\/07\/DSC00681_1_small-1.jpg\" data-elementor-open-lightbox=\"yes\" data-elementor-lightbox-slideshow=\"1c649fa\" data-e-action-hash=\"#elementor-action%3Aaction%3Dlightbox%26settings%3DeyJpZCI6MzQ1MiwidXJsIjoiaHR0cHM6XC9cL2JldWVsLW1pcmVjb3VydC5ldVwvV1BcL3dwLWNvbnRlbnRcL3VwbG9hZHNcLzIwMjJcLzA3XC9EU0MwMDY4MV8xX3NtYWxsLTEuanBnIiwic2xpZGVzaG93IjoiMWM2NDlmYSJ9\">\n\t\t\t\t\t<div class=\"e-gallery-image elementor-gallery-item__image\" data-thumbnail=\"https:\/\/beuel-mirecourt.eu\/WP\/wp-content\/uploads\/2022\/07\/DSC00681_1_small-1-300x200.jpg\" data-width=\"300\" data-height=\"200\" aria-label=\"\" role=\"img\" ><\/div>\n\t\t\t\t\t\t\t\t\t\t\t<div class=\"elementor-gallery-item__overlay\"><\/div>\n\t\t\t\t\t\t\t\t\t\t\t\t\t\t<\/a>\n\t\t\t\t\t\t\t<a class=\"e-gallery-item elementor-gallery-item elementor-animated-content\" href=\"https:\/\/beuel-mirecourt.eu\/WP\/wp-content\/uploads\/2022\/07\/DSC00683_1_small-1.jpg\" data-elementor-open-lightbox=\"yes\" data-elementor-lightbox-slideshow=\"1c649fa\" data-e-action-hash=\"#elementor-action%3Aaction%3Dlightbox%26settings%3DeyJpZCI6MzQ1MywidXJsIjoiaHR0cHM6XC9cL2JldWVsLW1pcmVjb3VydC5ldVwvV1BcL3dwLWNvbnRlbnRcL3VwbG9hZHNcLzIwMjJcLzA3XC9EU0MwMDY4M18xX3NtYWxsLTEuanBnIiwic2xpZGVzaG93IjoiMWM2NDlmYSJ9\">\n\t\t\t\t\t<div class=\"e-gallery-image elementor-gallery-item__image\" data-thumbnail=\"https:\/\/beuel-mirecourt.eu\/WP\/wp-content\/uploads\/2022\/07\/DSC00683_1_small-1-300x200.jpg\" data-width=\"300\" data-height=\"200\" aria-label=\"\" role=\"img\" ><\/div>\n\t\t\t\t\t\t\t\t\t\t\t<div class=\"elementor-gallery-item__overlay\"><\/div>\n\t\t\t\t\t\t\t\t\t\t\t\t\t\t<\/a>\n\t\t\t\t\t<\/div>\n\t\t\t\t\t<\/div>\n\t\t\t\t<\/div>\n\t\t\t\t\t<\/div>\n\t\t<\/div>\n\t\t\t\t\t<\/div>\n\t\t<\/section>\n\t\t\t\t<\/div>\n\t\t","protected":false},"excerpt":{"rendered":"<p>La maire de l&#8217;arrondissement, Lara Mohn, a accueilli les jeunes et les familles d&#8217;accueil \u00e0 la mairie de Beuel. &#8222;Je suis tr\u00e8s heureuse&#8220;, a d\u00e9clar\u00e9 Lara Mohn avec un sourire radieux sur le visage, &#8222;de pouvoir tous vous accueillir ici \u00e0 la mairie de Beuel. Vous \u00eates pr\u00eats \u00e0 vous lancer dans &#8222;l&#8217;aventure&#8220;, \u00e0 rencontrer [&hellip;]<\/p>\n","protected":false},"author":2,"featured_media":0,"comment_status":"closed","ping_status":"open","sticky":false,"template":"","format":"standard","meta":{"footnotes":""},"categories":[151,9],"tags":[],"class_list":["post-3437","post","type-post","status-publish","format-standard","hentry","category-2022-fr","category-general"],"_links":{"self":[{"href":"https:\/\/beuel-mirecourt.eu\/WP\/wp-json\/wp\/v2\/posts\/3437","targetHints":{"allow":["GET"]}}],"collection":[{"href":"https:\/\/beuel-mirecourt.eu\/WP\/wp-json\/wp\/v2\/posts"}],"about":[{"href":"https:\/\/beuel-mirecourt.eu\/WP\/wp-json\/wp\/v2\/types\/post"}],"author":[{"embeddable":true,"href":"https:\/\/beuel-mirecourt.eu\/WP\/wp-json\/wp\/v2\/users\/2"}],"replies":[{"embeddable":true,"href":"https:\/\/beuel-mirecourt.eu\/WP\/wp-json\/wp\/v2\/comments?post=3437"}],"version-history":[{"count":10,"href":"https:\/\/beuel-mirecourt.eu\/WP\/wp-json\/wp\/v2\/posts\/3437\/revisions"}],"predecessor-version":[{"id":3462,"href":"https:\/\/beuel-mirecourt.eu\/WP\/wp-json\/wp\/v2\/posts\/3437\/revisions\/3462"}],"wp:attachment":[{"href":"https:\/\/beuel-mirecourt.eu\/WP\/wp-json\/wp\/v2\/media?parent=3437"}],"wp:term":[{"taxonomy":"category","embeddable":true,"href":"https:\/\/beuel-mirecourt.eu\/WP\/wp-json\/wp\/v2\/categories?post=3437"},{"taxonomy":"post_tag","embeddable":true,"href":"https:\/\/beuel-mirecourt.eu\/WP\/wp-json\/wp\/v2\/tags?post=3437"}],"curies":[{"name":"wp","href":"https:\/\/api.w.org\/{rel}","templated":true}]}}