{"id":3846,"date":"2022-10-18T19:13:09","date_gmt":"2022-10-18T17:13:09","guid":{"rendered":"https:\/\/beuel-mirecourt.eu\/WP\/?p=3846"},"modified":"2022-10-18T19:15:13","modified_gmt":"2022-10-18T17:15:13","slug":"voyage-citoyen-leurope-nous-concerne-tous","status":"publish","type":"post","link":"https:\/\/beuel-mirecourt.eu\/WP\/fr\/voyage-citoyen-leurope-nous-concerne-tous\/","title":{"rendered":"Voyage citoyen &#8211; L&#8217;Europe nous concerne tous"},"content":{"rendered":"\t\t<div data-elementor-type=\"wp-post\" data-elementor-id=\"3846\" class=\"elementor elementor-3846\" data-elementor-post-type=\"post\">\n\t\t\t\t\t\t<section class=\"elementor-section elementor-top-section elementor-element elementor-element-e2abc4b elementor-section-boxed elementor-section-height-default elementor-section-height-default\" data-id=\"e2abc4b\" data-element_type=\"section\">\n\t\t\t\t\t\t<div class=\"elementor-container elementor-column-gap-default\">\n\t\t\t\t\t<div class=\"elementor-column elementor-col-100 elementor-top-column elementor-element elementor-element-66fc435\" data-id=\"66fc435\" data-element_type=\"column\">\n\t\t\t<div class=\"elementor-widget-wrap elementor-element-populated\">\n\t\t\t\t\t\t<div class=\"elementor-element elementor-element-45bee34 elementor-widget elementor-widget-text-editor\" data-id=\"45bee34\" data-element_type=\"widget\" data-widget_type=\"text-editor.default\">\n\t\t\t\t<div class=\"elementor-widget-container\">\n\t\t\t\t\t\t\t\t\t<p>Premier voyage citoyen de Beuel \u00e0 Mirecourt depuis trois ans<\/p><p>Ce fut un &#8222;moment de chair de poule&#8220; et l&#8217;\u00e9motion se lisait sur le visage des gens lorsque le &#8222;Stammbaum&#8220; des Bl\u00e4ck F\u00f6\u00f6ss a \u00e9t\u00e9 chant\u00e9 en allemand et en fran\u00e7ais pour cl\u00f4turer le merveilleux week-end pass\u00e9 avec nos amis de Mirecourt.<\/p><p>Le d\u00eener d&#8217;adieu, auquel ont particip\u00e9 au total 70 personnes de Mirecourt et de Beuel, s&#8217;est d\u00e9roul\u00e9 dans un cadre rustique, dans une grange, apr\u00e8s que le groupe ait visit\u00e9 le village du 19\u00e8me si\u00e8cle, Xaronval (http:\/\/www.xaronvalvillage1900.fr\/), sous un soleil radieux. La maire de l&#8217;arrondissement, Lara Mohn, a conclu en remerciant tous ceux qui ont contribu\u00e9 \u00e0 rendre ces rencontres possibles, notamment, du c\u00f4t\u00e9 de Mirecourt, Nathalie Babouhot, Bernard Schmitt et Lucie Claude. &#8222;J&#8217;ai \u00e9t\u00e9 tr\u00e8s touch\u00e9e de voir,&#8220; a d\u00e9clar\u00e9 Lara Mohn, &#8222;avec quelle chaleur des amis de longue date se sont salu\u00e9s et ont abord\u00e9 avec la m\u00eame cordialit\u00e9 et ouverture d&#8217;esprit les participants* qui se rendaient pour la premi\u00e8re fois \u00e0 Mirecourt ! Je me r\u00e9jouis beaucoup de pouvoir vous accueillir \u00e0 nouveau \u00e0 Beuel l&#8217;ann\u00e9e prochaine&#8220;.<\/p><p>Le voyage citoyen a d\u00e9but\u00e9 sous la direction d&#8217;Elke Kiesel (bureau administratif du district de Beuel) et du directeur du bureau administratif du district, Ralf Birkner, le vendredi 16 septembre 2022 et a conduit, apr\u00e8s une halte dans la pittoresque ville de Sarrebourg, \u00e0 nos amis de Mirecourt. Outre Mohn, de nombreux autres repr\u00e9sentants* du monde politique ont particip\u00e9 au voyage. Ainsi, l&#8217;adjointe au maire de l&#8217;arrondissement Heidi Froese-Jauch \u00e9tait \u00e0 bord, tout comme la d\u00e9put\u00e9e de l&#8217;arrondissement Silke Uckermann, les d\u00e9put\u00e9s de l&#8217;arrondissement Marco Rudolph et Gerhard Baumg\u00e4rtel et les conseillers municipaux de la rive droite du Rhin Fenja Wittneven-Welter, Reiner Burgunder Rainer Haid. La plupart d&#8217;entre eux se rendaient pour la premi\u00e8re fois \u00e0 Mirecourt et \u00e9taient visiblement enthousiastes et touch\u00e9s par la cordialit\u00e9 et l&#8217;engagement du c\u00f4t\u00e9 de Mirecourt. Parmi les autres passagers*, il y avait \u00e9galement de nombreux &#8222;novices&#8220; qui ont \u00e9t\u00e9 volontiers pris sous l&#8217;aile de voyageurs exp\u00e9riment\u00e9s de Mirecour, issus du comit\u00e9 de jumelage.<\/p><p>A Mirecourt, les participants* de Beuel ont eu la possibilit\u00e9 de visiter les mus\u00e9es, de participer \u00e0 une visite guid\u00e9e de la ville ou encore de jeter un coup d&#8217;\u0153il dans un atelier de lutherie. Les repr\u00e9sentants politiques se sont vus pr\u00e9senter diff\u00e9rents projets de la ville et ont eu l&#8217;occasion de jeter un coup d&#8217;\u0153il dans les coulisses. Le samedi apr\u00e8s-midi, le groupe a visit\u00e9 le petit village de Bouxurulles, o\u00f9 il a eu l&#8217;occasion d&#8217;observer un vannier et de voir un ancien atelier de charron.<\/p><p>A Vittel, une r\u00e9ception a ensuite eu lieu \u00e0 l&#8217;h\u00f4tel de ville, o\u00f9 le maire Franck Perry a chaleureusement accueilli le groupe et donn\u00e9 un aper\u00e7u de la coop\u00e9ration entre Mirecourt et Vittel et des projets \u00e0 venir. Le d\u00e9put\u00e9 de l&#8217;Assembl\u00e9e nationale fran\u00e7aise pr\u00e9sent, Jean-Jacques Gaultier (membre du groupe parlementaire franco-allemand qui s&#8217;occupe particuli\u00e8rement des relations franco-allemandes), a fait l&#8217;\u00e9loge des activit\u00e9s et de la vitalit\u00e9 du jumelage entre Mirecourt et Beuel et a soulign\u00e9 l&#8217;importance du renforcement de l&#8217;amiti\u00e9 franco-allemande. &#8222;Cette amiti\u00e9 est au c\u0153ur de l&#8217;Europe&#8220;, a-t-il d\u00e9clar\u00e9. &#8222;Nous comparons cette coop\u00e9ration \u00e0 l&#8217;image d&#8217;un oiseau. Si une aile manque ou est bless\u00e9e, l&#8217;oiseau ne peut plus voler et il manque une force essentielle \u00e0 l&#8217;\u00e9difice europ\u00e9en&#8220;.<\/p><p>A Vittel comme \u00e0 Mirecourt, Lara Mohn a remis une photo de la visite de Charles de Gaulle \u00e0 Bonn le 5 septembre 1963, o\u00f9 il avait \u00e9t\u00e9 accueilli par trente mille Bonnois* enthousiastes et o\u00f9 il avait ensuite prononc\u00e9 un discours plein d&#8217;\u00e9motion en rapport avec l&#8217;amiti\u00e9 franco-allemande et pour la r\u00e9conciliation entre les deux pays.<\/p><p>C&#8217;est dans l&#8217;esprit de l&#8217;Europe et plus particuli\u00e8rement des d\u00e9fis actuels que le programme du voyage a \u00e9t\u00e9 con\u00e7u et intitul\u00e9 : &#8222;L&#8217;Europe nous concerne tous&#8220;. Le concept du voyage a convaincu les d\u00e9cideurs du &#8222;Fonds citoyen franco-allemand&#8220; (https:\/\/www.buergerfonds.eu\/startseite) ont \u00e9galement \u00e9t\u00e9 convaincus et le voyage a donc \u00e9t\u00e9 soutenu financi\u00e8rement. Gr\u00e2ce \u00e0 ce soutien, les frais de voyage ont pu \u00eatre r\u00e9duits et il a \u00e9t\u00e9 possible d&#8217;inviter nos amis fran\u00e7ais \u00e0 tous les repas sur place. Cette appr\u00e9ciation de la part du Fonds Civique, qui soutient les rencontres franco-allemandes \u00e0 de nombreux niveaux, est pour nous tous une motivation pour continuer \u00e0 nous engager en faveur du jumelage, une pi\u00e8ce de mosa\u00efque dans l&#8217;\u00e9difice de la paix europ\u00e9enne.<\/p><p>\u00a0<\/p>\t\t\t\t\t\t\t\t<\/div>\n\t\t\t\t<\/div>\n\t\t\t\t\t<\/div>\n\t\t<\/div>\n\t\t\t\t\t<\/div>\n\t\t<\/section>\n\t\t\t\t<\/div>\n\t\t","protected":false},"excerpt":{"rendered":"<p>Premier voyage citoyen de Beuel \u00e0 Mirecourt depuis trois ans Ce fut un &#8222;moment de chair de poule&#8220; et l&#8217;\u00e9motion se lisait sur le visage des gens lorsque le &#8222;Stammbaum&#8220; des Bl\u00e4ck F\u00f6\u00f6ss a \u00e9t\u00e9 chant\u00e9 en allemand et en fran\u00e7ais pour cl\u00f4turer le merveilleux week-end pass\u00e9 avec nos amis de Mirecourt. Le d\u00eener d&#8217;adieu, [&hellip;]<\/p>\n","protected":false},"author":2,"featured_media":0,"comment_status":"closed","ping_status":"open","sticky":false,"template":"","format":"standard","meta":{"footnotes":""},"categories":[151,9],"tags":[],"class_list":["post-3846","post","type-post","status-publish","format-standard","hentry","category-2022-fr","category-general"],"_links":{"self":[{"href":"https:\/\/beuel-mirecourt.eu\/WP\/wp-json\/wp\/v2\/posts\/3846","targetHints":{"allow":["GET"]}}],"collection":[{"href":"https:\/\/beuel-mirecourt.eu\/WP\/wp-json\/wp\/v2\/posts"}],"about":[{"href":"https:\/\/beuel-mirecourt.eu\/WP\/wp-json\/wp\/v2\/types\/post"}],"author":[{"embeddable":true,"href":"https:\/\/beuel-mirecourt.eu\/WP\/wp-json\/wp\/v2\/users\/2"}],"replies":[{"embeddable":true,"href":"https:\/\/beuel-mirecourt.eu\/WP\/wp-json\/wp\/v2\/comments?post=3846"}],"version-history":[{"count":4,"href":"https:\/\/beuel-mirecourt.eu\/WP\/wp-json\/wp\/v2\/posts\/3846\/revisions"}],"predecessor-version":[{"id":3850,"href":"https:\/\/beuel-mirecourt.eu\/WP\/wp-json\/wp\/v2\/posts\/3846\/revisions\/3850"}],"wp:attachment":[{"href":"https:\/\/beuel-mirecourt.eu\/WP\/wp-json\/wp\/v2\/media?parent=3846"}],"wp:term":[{"taxonomy":"category","embeddable":true,"href":"https:\/\/beuel-mirecourt.eu\/WP\/wp-json\/wp\/v2\/categories?post=3846"},{"taxonomy":"post_tag","embeddable":true,"href":"https:\/\/beuel-mirecourt.eu\/WP\/wp-json\/wp\/v2\/tags?post=3846"}],"curies":[{"name":"wp","href":"https:\/\/api.w.org\/{rel}","templated":true}]}}