{"id":4074,"date":"2023-03-27T15:54:58","date_gmt":"2023-03-27T13:54:58","guid":{"rendered":"https:\/\/beuel-mirecourt.eu\/WP\/?p=4074"},"modified":"2023-03-27T15:56:17","modified_gmt":"2023-03-27T13:56:17","slug":"weiberfastnacht-2","status":"publish","type":"post","link":"https:\/\/beuel-mirecourt.eu\/WP\/weiberfastnacht-2\/","title":{"rendered":"Weiberfastnacht"},"content":{"rendered":"\t\t<div data-elementor-type=\"wp-post\" data-elementor-id=\"4074\" class=\"elementor elementor-4074\" data-elementor-post-type=\"post\">\n\t\t\t\t\t\t<section class=\"elementor-section elementor-top-section elementor-element elementor-element-0a79724 elementor-section-boxed elementor-section-height-default elementor-section-height-default\" data-id=\"0a79724\" data-element_type=\"section\">\n\t\t\t\t\t\t<div class=\"elementor-container elementor-column-gap-default\">\n\t\t\t\t\t<div class=\"elementor-column elementor-col-100 elementor-top-column elementor-element elementor-element-2e9fda7\" data-id=\"2e9fda7\" data-element_type=\"column\">\n\t\t\t<div class=\"elementor-widget-wrap elementor-element-populated\">\n\t\t\t\t\t\t<div class=\"elementor-element elementor-element-bca4750 elementor-widget elementor-widget-text-editor\" data-id=\"bca4750\" data-element_type=\"widget\" data-widget_type=\"text-editor.default\">\n\t\t\t\t<div class=\"elementor-widget-container\">\n\t\t\t\t\t\t\t\t\t<p>Karneval mit unseren franz\u00f6sischen Freunden<\/p><p>Besuch im Konrad-Adenauer-Haus und im Karnevalskonzert in der Oper Bonn bescherten besondere Moment.<\/p><p>Unter Leitung vom Pr\u00e4sidenten des Komitees aus Mirecourt, Barnard Schmitt, kamen knapp 10 G\u00e4ste aus den Vogesen, um mit uns Weiberfastnacht zu feiern.<\/p><p>Schon das traditionelle gemeinsame Essen im \u201eHotel zur Post\u201c verlief in ausgelassener Stimmung, die ihren H\u00f6hepunkt erreichte, als die W\u00e4scherprinzessin Lena I. und anschlie\u00dfend die LiK\u00fcRa Angela I. mit ihren Gefolgen der Gruppe einen Besuch abstatteten. Begeistert wurden beide Tollit\u00e4ten gefeiert und insbesondere die in franz\u00f6sischer Sprache vorgetragenen Beitr\u00e4ge der LiK\u00fcRa und ihrer Mannschaft wurden mit Jubel honoriert.<\/p><p>Am Donnerstag wurde gemeinsam der Zug der W\u00e4scherprinzessin angeschaut und anschlie\u00dfend im Beueler Rathaus gefeiert.<\/p><p>Am Freitag bot sich f\u00fcr die deutsch-franz\u00f6sische Gruppe die Gelegenheit, bei einer F\u00fchrung das Konrad-Adenauer-Haus in Rh\u00f6ndorf anzuschauen. Bei einer interessanten F\u00fchrung, die durch Marie M\u00e9chineau-Moorman \u00fcbersetzt wurde, wurde so manche Anekdoten und Wissenswertes aus dem Leben Adenauers in Erfahrung gebracht. Am Freitagabend feierten einige der Gruppe im Polizeipr\u00e4sidium und andere erlebten ein abwechslungsreiches und wunderbares Karnevalskonzert in der Bonner Oper.<\/p><p>Am Samstag ging es nach dem Karnevalszug in Schwarzrheindorf wieder zur\u00fcck nach Mirecourt und wie immer fiel der Abschied schwer.<\/p>\t\t\t\t\t\t\t\t<\/div>\n\t\t\t\t<\/div>\n\t\t\t\t\t<\/div>\n\t\t<\/div>\n\t\t\t\t\t<\/div>\n\t\t<\/section>\n\t\t\t\t<\/div>\n\t\t","protected":false},"excerpt":{"rendered":"<p>Karneval mit unseren franz\u00f6sischen Freunden Besuch im Konrad-Adenauer-Haus und im Karnevalskonzert in der Oper Bonn bescherten besondere Moment. Unter Leitung vom Pr\u00e4sidenten des Komitees aus Mirecourt, Barnard Schmitt, kamen knapp 10 G\u00e4ste aus den Vogesen, um mit uns Weiberfastnacht zu feiern. Schon das traditionelle gemeinsame Essen im \u201eHotel zur Post\u201c verlief in ausgelassener Stimmung, die [&hellip;]<\/p>\n","protected":false},"author":2,"featured_media":0,"comment_status":"closed","ping_status":"open","sticky":false,"template":"","format":"standard","meta":{"footnotes":""},"categories":[186,1],"tags":[],"class_list":["post-4074","post","type-post","status-publish","format-standard","hentry","category-186","category-allgemein"],"_links":{"self":[{"href":"https:\/\/beuel-mirecourt.eu\/WP\/wp-json\/wp\/v2\/posts\/4074","targetHints":{"allow":["GET"]}}],"collection":[{"href":"https:\/\/beuel-mirecourt.eu\/WP\/wp-json\/wp\/v2\/posts"}],"about":[{"href":"https:\/\/beuel-mirecourt.eu\/WP\/wp-json\/wp\/v2\/types\/post"}],"author":[{"embeddable":true,"href":"https:\/\/beuel-mirecourt.eu\/WP\/wp-json\/wp\/v2\/users\/2"}],"replies":[{"embeddable":true,"href":"https:\/\/beuel-mirecourt.eu\/WP\/wp-json\/wp\/v2\/comments?post=4074"}],"version-history":[{"count":4,"href":"https:\/\/beuel-mirecourt.eu\/WP\/wp-json\/wp\/v2\/posts\/4074\/revisions"}],"predecessor-version":[{"id":4078,"href":"https:\/\/beuel-mirecourt.eu\/WP\/wp-json\/wp\/v2\/posts\/4074\/revisions\/4078"}],"wp:attachment":[{"href":"https:\/\/beuel-mirecourt.eu\/WP\/wp-json\/wp\/v2\/media?parent=4074"}],"wp:term":[{"taxonomy":"category","embeddable":true,"href":"https:\/\/beuel-mirecourt.eu\/WP\/wp-json\/wp\/v2\/categories?post=4074"},{"taxonomy":"post_tag","embeddable":true,"href":"https:\/\/beuel-mirecourt.eu\/WP\/wp-json\/wp\/v2\/tags?post=4074"}],"curies":[{"name":"wp","href":"https:\/\/api.w.org\/{rel}","templated":true}]}}