{"id":4079,"date":"2023-03-27T15:56:33","date_gmt":"2023-03-27T13:56:33","guid":{"rendered":"https:\/\/beuel-mirecourt.eu\/WP\/?p=4079"},"modified":"2023-03-27T15:57:40","modified_gmt":"2023-03-27T13:57:40","slug":"cranaval-des-femmes","status":"publish","type":"post","link":"https:\/\/beuel-mirecourt.eu\/WP\/fr\/cranaval-des-femmes\/","title":{"rendered":"Cranaval des femmes"},"content":{"rendered":"\t\t<div data-elementor-type=\"wp-post\" data-elementor-id=\"4079\" class=\"elementor elementor-4079\" data-elementor-post-type=\"post\">\n\t\t\t\t\t\t<section class=\"elementor-section elementor-top-section elementor-element elementor-element-0a79724 elementor-section-boxed elementor-section-height-default elementor-section-height-default\" data-id=\"0a79724\" data-element_type=\"section\">\n\t\t\t\t\t\t<div class=\"elementor-container elementor-column-gap-default\">\n\t\t\t\t\t<div class=\"elementor-column elementor-col-100 elementor-top-column elementor-element elementor-element-2e9fda7\" data-id=\"2e9fda7\" data-element_type=\"column\">\n\t\t\t<div class=\"elementor-widget-wrap elementor-element-populated\">\n\t\t\t\t\t\t<div class=\"elementor-element elementor-element-bca4750 elementor-widget elementor-widget-text-editor\" data-id=\"bca4750\" data-element_type=\"widget\" data-widget_type=\"text-editor.default\">\n\t\t\t\t<div class=\"elementor-widget-container\">\n\t\t\t\t\t\t\t\t\t<p>Carnaval avec nos amis fran\u00e7ais<br \/>La visite de la Maison Konrad Adenauer et le concert de carnaval \u00e0 l&#8217;Op\u00e9ra de Bonn ont donn\u00e9 lieu \u00e0 des moments particuliers.<\/p><p><br \/>Sous la direction du pr\u00e9sident du comit\u00e9 de Mirecourt, Barnard Schmitt, une dizaine d&#8217;invit\u00e9s sont venus des Vosges pour f\u00eater le carnaval de printemps avec nous.<br \/>Le traditionnel repas commun \u00e0 l'&#8220;Hotel zur Post&#8220; s&#8217;est d\u00e9roul\u00e9 dans une ambiance festive qui a atteint son apog\u00e9e lorsque la princesse des blanchisseurs Lena I., puis la LiK\u00fcRa Angela I., accompagn\u00e9es de leurs suites, ont rendu visite au groupe. Les deux autorit\u00e9s ont \u00e9t\u00e9 f\u00eat\u00e9es avec enthousiasme et les contributions de la LiK\u00fcRa et de son \u00e9quipe, pr\u00e9sent\u00e9es en fran\u00e7ais, ont \u00e9t\u00e9 particuli\u00e8rement appr\u00e9ci\u00e9es. <br \/>Le jeudi, les participants ont assist\u00e9 ensemble au d\u00e9fil\u00e9 de la princesse blanchisseuse avant de faire la f\u00eate \u00e0 l&#8217;h\u00f4tel de ville de Beuel.<br \/>Le vendredi, le groupe franco-allemand a eu l&#8217;occasion de visiter la maison de Konrad Adenauer \u00e0 Rh\u00f6ndorf. Une visite int\u00e9ressante, traduite par Marie M\u00e9chineau-Moorman, a permis de d\u00e9couvrir de nombreuses anecdotes et informations int\u00e9ressantes sur la vie d&#8217;Adenauer. Le vendredi soir, certains membres du groupe ont fait la f\u00eate \u00e0 la pr\u00e9fecture de police et d&#8217;autres ont assist\u00e9 \u00e0 un concert de carnaval vari\u00e9 et magnifique \u00e0 l&#8217;op\u00e9ra de Bonn.<br \/>Le samedi, apr\u00e8s le d\u00e9fil\u00e9 de carnaval \u00e0 Schwarzrheindorf, le groupe est retourn\u00e9 \u00e0 Mirecourt et, comme toujours, les adieux ont \u00e9t\u00e9 difficiles.<\/p>\t\t\t\t\t\t\t\t<\/div>\n\t\t\t\t<\/div>\n\t\t\t\t\t<\/div>\n\t\t<\/div>\n\t\t\t\t\t<\/div>\n\t\t<\/section>\n\t\t\t\t<\/div>\n\t\t","protected":false},"excerpt":{"rendered":"<p>Carnaval avec nos amis fran\u00e7aisLa visite de la Maison Konrad Adenauer et le concert de carnaval \u00e0 l&#8217;Op\u00e9ra de Bonn ont donn\u00e9 lieu \u00e0 des moments particuliers. Sous la direction du pr\u00e9sident du comit\u00e9 de Mirecourt, Barnard Schmitt, une dizaine d&#8217;invit\u00e9s sont venus des Vosges pour f\u00eater le carnaval de printemps avec nous.Le traditionnel repas [&hellip;]<\/p>\n","protected":false},"author":2,"featured_media":0,"comment_status":"closed","ping_status":"open","sticky":false,"template":"","format":"standard","meta":{"footnotes":""},"categories":[188,9],"tags":[],"class_list":["post-4079","post","type-post","status-publish","format-standard","hentry","category-2023-fr","category-general"],"_links":{"self":[{"href":"https:\/\/beuel-mirecourt.eu\/WP\/wp-json\/wp\/v2\/posts\/4079","targetHints":{"allow":["GET"]}}],"collection":[{"href":"https:\/\/beuel-mirecourt.eu\/WP\/wp-json\/wp\/v2\/posts"}],"about":[{"href":"https:\/\/beuel-mirecourt.eu\/WP\/wp-json\/wp\/v2\/types\/post"}],"author":[{"embeddable":true,"href":"https:\/\/beuel-mirecourt.eu\/WP\/wp-json\/wp\/v2\/users\/2"}],"replies":[{"embeddable":true,"href":"https:\/\/beuel-mirecourt.eu\/WP\/wp-json\/wp\/v2\/comments?post=4079"}],"version-history":[{"count":4,"href":"https:\/\/beuel-mirecourt.eu\/WP\/wp-json\/wp\/v2\/posts\/4079\/revisions"}],"predecessor-version":[{"id":4083,"href":"https:\/\/beuel-mirecourt.eu\/WP\/wp-json\/wp\/v2\/posts\/4079\/revisions\/4083"}],"wp:attachment":[{"href":"https:\/\/beuel-mirecourt.eu\/WP\/wp-json\/wp\/v2\/media?parent=4079"}],"wp:term":[{"taxonomy":"category","embeddable":true,"href":"https:\/\/beuel-mirecourt.eu\/WP\/wp-json\/wp\/v2\/categories?post=4079"},{"taxonomy":"post_tag","embeddable":true,"href":"https:\/\/beuel-mirecourt.eu\/WP\/wp-json\/wp\/v2\/tags?post=4079"}],"curies":[{"name":"wp","href":"https:\/\/api.w.org\/{rel}","templated":true}]}}