{"id":4273,"date":"2024-10-09T15:00:05","date_gmt":"2024-10-09T13:00:05","guid":{"rendered":"https:\/\/beuel-mirecourt.eu\/WP\/?p=4273"},"modified":"2024-10-09T15:06:41","modified_gmt":"2024-10-09T13:06:41","slug":"voyage-du-comite","status":"publish","type":"post","link":"https:\/\/beuel-mirecourt.eu\/WP\/fr\/voyage-du-comite\/","title":{"rendered":"Voyage du comit\u00e9"},"content":{"rendered":"\t\t<div data-elementor-type=\"wp-post\" data-elementor-id=\"4273\" class=\"elementor elementor-4273\" data-elementor-post-type=\"post\">\n\t\t\t\t\t\t<section class=\"elementor-section elementor-top-section elementor-element elementor-element-c31cd10 elementor-section-boxed elementor-section-height-default elementor-section-height-default\" data-id=\"c31cd10\" data-element_type=\"section\">\n\t\t\t\t\t\t<div class=\"elementor-container elementor-column-gap-default\">\n\t\t\t\t\t<div class=\"elementor-column elementor-col-100 elementor-top-column elementor-element elementor-element-cc1f7d0\" data-id=\"cc1f7d0\" data-element_type=\"column\">\n\t\t\t<div class=\"elementor-widget-wrap elementor-element-populated\">\n\t\t\t\t\t\t<div class=\"elementor-element elementor-element-6b0f84c elementor-widget elementor-widget-heading\" data-id=\"6b0f84c\" data-element_type=\"widget\" data-widget_type=\"heading.default\">\n\t\t\t\t<div class=\"elementor-widget-container\">\n\t\t\t\t\t<h3 class=\"elementor-heading-title elementor-size-default\">Des moments d'\u00e9motion \u00e0 Mirecourt et un soleil radieux lors du voyage <br>du comit\u00e9 de jumelage Beuel-Mirecourt<\/h3>\t\t\t\t<\/div>\n\t\t\t\t<\/div>\n\t\t\t\t<div class=\"elementor-element elementor-element-acaf8b7 elementor-widget elementor-widget-text-editor\" data-id=\"acaf8b7\" data-element_type=\"widget\" data-widget_type=\"text-editor.default\">\n\t\t\t\t<div class=\"elementor-widget-container\">\n\t\t\t\t\t\t\t\t\t<p>C&#8217;est avec \u00e9motion et les larmes aux yeux que l&#8217;ancien pr\u00e9sident du comit\u00e9 de Mirecourt, Bernard Schmitt, a re\u00e7u les remerciements des habitants de Beuel, qui lui ont \u00e9galement remis une toile avec un collage de photos et un bonhomme en p\u00e2te d&#8217;amande, r\u00e9alis\u00e9 par Reiner Burgunder. Un\u00a0 emerciement pour les nombreuses ann\u00e9es d&#8217;\u00e9troite collaboration et d&#8217;engagement en faveur du jumelage. <br \/><br \/>Auparavant, les nouvelles copr\u00e9sidentes Maria Mulot et Silvia Ropa avaient exprim\u00e9 leurs remerciements au nom de Mirecourt. Les deux pr\u00e9sidentes ont re\u00e7u un fer \u00e0 cheval en massepain (\u00e9galement de Reiner Burgunder) et deux vrais fers \u00e0 cheval, afin que le bonheur soit pr\u00e9serv\u00e9 lorsque la friandise en massepain aura \u00e9t\u00e9 mang\u00e9e. La dotation compl\u00e8te comprend bien entendu les boucles d&#8217;oreilles Beuel, afin que les deux dames soient parfaitement \u00e9quip\u00e9es lors de leur prochaine visite.<br \/><br \/>Lucie Claude (Princesse de la lavandi\u00e8re de 1994) a \u00e9galement \u00e9t\u00e9 remerci\u00e9e pour avoir organis\u00e9 sur place tout ce qui \u00e9tait n\u00e9cessaire pour le groupe de Beuel.<br \/><br \/>L&#8217;adjointe au maire de Mirecourt, Nathalie Babouhot, a salu\u00e9 les invit\u00e9s de Beuel et s&#8217;est r\u00e9jouie de la tenue d&#8217;une rencontre amicale \u00e0 Mirecourt <br \/>pour la deuxi\u00e8me fois cette ann\u00e9e. Elle a remerci\u00e9 les h\u00f4tes et h\u00f4tesses, car plus de la moiti\u00e9 des membres de Beuel ont pu loger chez des\u00a0 particuliers.<br \/><br \/>Sous la direction de la pr\u00e9sidente Regina Haunhorst et des coorganisateurs Petra Wayand et Mario Haunhorst, le groupe de voyage de 54 personnes \u00e9tait parti de la mairie de Beuel le 3 octobre \u00e0 7 heures du matin. En passant par Sedan et Reims, deux villes o\u00f9 l&#8217;histoire franco-allemande se retrouve sous de nombreuses facettes, le groupe s&#8217;est rendu vendredi \u00e0 Epernay, o\u00f9 une partie r\u00e9cr\u00e9ative \u00e9tait au programme sous la forme d&#8217;une visite des caves de champagne en train suivie d&#8217;une d\u00e9gustation.<br \/><br \/>A Mirecourt, les footballeurs ont une nouvelle fois fait une excellente cuisine et accueilli leurs h\u00f4tes dans la bonne humeur. Le samedi a commenc\u00e9 par la visite de Grand, une ar\u00e8ne romaine, et l&#8217;apr\u00e8s-midi a \u00e9t\u00e9 plac\u00e9 sous le signe de la convivialit\u00e9. On a mang\u00e9 ensemble, on a jou\u00e9 \u00e0 la p\u00e9tanque, on a particip\u00e9 \u00e0 une randonn\u00e9e ou on s&#8217;est entra\u00een\u00e9 en aquabike.<br \/><br \/>Comme toujours, les adieux \u00e0 Mirecourt ont \u00e9t\u00e9 difficiles. Sur le chemin du retour, il y a eu un arr\u00eat \u00e0 Rodemack, un petit village magnifique avec <br \/>des murs de fortification, et beaucoup de discussions et d&#8217;id\u00e9es sur ce qui sera \u00e0 l&#8217;ordre du jour l&#8217;ann\u00e9e prochaine.<br \/><br \/>Pour la plus grande joie de tous les participants, la pr\u00e9sidente a pu annoncer que le Fonds citoyen franco-allemand consid\u00e9rait le programme comme suffisamment \u00e9quilibr\u00e9 pour qu&#8217;une aide financi\u00e8re soit accord\u00e9e au week-end d&#8217;amiti\u00e9.<br \/><br \/>Malheureusement, le voyage s&#8217;est termin\u00e9 \u00e0 Epernay pour deux compagnons de route, car une dame s&#8217;\u00e9tait foul\u00e9 le pied \u00e0 Reims et, comme il s&#8217;est av\u00e9r\u00e9 \u00e0 l&#8217;h\u00f4pital d&#8217;Epernay, s&#8217;\u00e9tait cass\u00e9 la cheville. Nous lui souhaitons un bon r\u00e9tablissement et une gu\u00e9rison rapide. Jennifer Haunhorst s&#8217;est propos\u00e9e pour assurer l&#8217;encadrement et la traduction sur place, ce dont nous la remercions tous et lui t\u00e9moignons un grand respect.<\/p>\t\t\t\t\t\t\t\t<\/div>\n\t\t\t\t<\/div>\n\t\t\t\t\t<\/div>\n\t\t<\/div>\n\t\t\t\t\t<\/div>\n\t\t<\/section>\n\t\t\t\t<section class=\"elementor-section elementor-top-section elementor-element elementor-element-1dd6588 elementor-section-boxed elementor-section-height-default elementor-section-height-default\" data-id=\"1dd6588\" data-element_type=\"section\">\n\t\t\t\t\t\t<div class=\"elementor-container elementor-column-gap-default\">\n\t\t\t\t\t<div class=\"elementor-column elementor-col-100 elementor-top-column elementor-element elementor-element-dde85cf\" data-id=\"dde85cf\" data-element_type=\"column\">\n\t\t\t<div class=\"elementor-widget-wrap elementor-element-populated\">\n\t\t\t\t\t\t<div class=\"elementor-element elementor-element-9524ebf elementor-widget elementor-widget-gallery\" data-id=\"9524ebf\" data-element_type=\"widget\" data-settings=\"{&quot;aspect_ratio&quot;:&quot;1:1&quot;,&quot;lazyload&quot;:&quot;yes&quot;,&quot;gallery_layout&quot;:&quot;grid&quot;,&quot;columns&quot;:4,&quot;columns_tablet&quot;:2,&quot;columns_mobile&quot;:1,&quot;gap&quot;:{&quot;unit&quot;:&quot;px&quot;,&quot;size&quot;:10,&quot;sizes&quot;:[]},&quot;gap_tablet&quot;:{&quot;unit&quot;:&quot;px&quot;,&quot;size&quot;:10,&quot;sizes&quot;:[]},&quot;gap_mobile&quot;:{&quot;unit&quot;:&quot;px&quot;,&quot;size&quot;:10,&quot;sizes&quot;:[]},&quot;link_to&quot;:&quot;file&quot;,&quot;overlay_background&quot;:&quot;yes&quot;,&quot;content_hover_animation&quot;:&quot;fade-in&quot;}\" data-widget_type=\"gallery.default\">\n\t\t\t\t<div class=\"elementor-widget-container\">\n\t\t\t\t\t\t\t<div class=\"elementor-gallery__container\">\n\t\t\t\t\t\t\t<a class=\"e-gallery-item elementor-gallery-item elementor-animated-content\" href=\"https:\/\/beuel-mirecourt.eu\/WP\/wp-content\/uploads\/2024\/02\/Bernard_2_us.jpg\" data-elementor-open-lightbox=\"yes\" data-elementor-lightbox-slideshow=\"9524ebf\" data-elementor-lightbox-title=\"Bernard_2_us\" data-e-action-hash=\"#elementor-action%3Aaction%3Dlightbox%26settings%3DeyJpZCI6NDI2MiwidXJsIjoiaHR0cHM6XC9cL2JldWVsLW1pcmVjb3VydC5ldVwvV1BcL3dwLWNvbnRlbnRcL3VwbG9hZHNcLzIwMjRcLzAyXC9CZXJuYXJkXzJfdXMuanBnIiwic2xpZGVzaG93IjoiOTUyNGViZiJ9\">\n\t\t\t\t\t<div class=\"e-gallery-image elementor-gallery-item__image\" data-thumbnail=\"https:\/\/beuel-mirecourt.eu\/WP\/wp-content\/uploads\/2024\/02\/Bernard_2_us-256x300.jpg\" data-width=\"256\" data-height=\"300\" aria-label=\"\" role=\"img\" ><\/div>\n\t\t\t\t\t\t\t\t\t\t\t<div class=\"elementor-gallery-item__overlay\"><\/div>\n\t\t\t\t\t\t\t\t\t\t\t\t\t\t<\/a>\n\t\t\t\t\t\t\t<a class=\"e-gallery-item elementor-gallery-item elementor-animated-content\" href=\"https:\/\/beuel-mirecourt.eu\/WP\/wp-content\/uploads\/2024\/02\/Bernard_us.jpg\" data-elementor-open-lightbox=\"yes\" data-elementor-lightbox-slideshow=\"9524ebf\" data-elementor-lightbox-title=\"Bernard_us\" data-e-action-hash=\"#elementor-action%3Aaction%3Dlightbox%26settings%3DeyJpZCI6NDI2MywidXJsIjoiaHR0cHM6XC9cL2JldWVsLW1pcmVjb3VydC5ldVwvV1BcL3dwLWNvbnRlbnRcL3VwbG9hZHNcLzIwMjRcLzAyXC9CZXJuYXJkX3VzLmpwZyIsInNsaWRlc2hvdyI6Ijk1MjRlYmYifQ%3D%3D\">\n\t\t\t\t\t<div class=\"e-gallery-image elementor-gallery-item__image\" data-thumbnail=\"https:\/\/beuel-mirecourt.eu\/WP\/wp-content\/uploads\/2024\/02\/Bernard_us-300x193.jpg\" data-width=\"300\" data-height=\"193\" aria-label=\"\" role=\"img\" ><\/div>\n\t\t\t\t\t\t\t\t\t\t\t<div class=\"elementor-gallery-item__overlay\"><\/div>\n\t\t\t\t\t\t\t\t\t\t\t\t\t\t<\/a>\n\t\t\t\t\t\t\t<a class=\"e-gallery-item elementor-gallery-item elementor-animated-content\" href=\"https:\/\/beuel-mirecourt.eu\/WP\/wp-content\/uploads\/2024\/02\/Broecke_1.jpg\" data-elementor-open-lightbox=\"yes\" data-elementor-lightbox-slideshow=\"9524ebf\" data-elementor-lightbox-title=\"Br\u00f6cke_1\" data-e-action-hash=\"#elementor-action%3Aaction%3Dlightbox%26settings%3DeyJpZCI6NDI2NSwidXJsIjoiaHR0cHM6XC9cL2JldWVsLW1pcmVjb3VydC5ldVwvV1BcL3dwLWNvbnRlbnRcL3VwbG9hZHNcLzIwMjRcLzAyXC9Ccm9lY2tlXzEuanBnIiwic2xpZGVzaG93IjoiOTUyNGViZiJ9\">\n\t\t\t\t\t<div class=\"e-gallery-image elementor-gallery-item__image\" data-thumbnail=\"https:\/\/beuel-mirecourt.eu\/WP\/wp-content\/uploads\/2024\/02\/Broecke_1-225x300.jpg\" data-width=\"225\" data-height=\"300\" aria-label=\"\" role=\"img\" ><\/div>\n\t\t\t\t\t\t\t\t\t\t\t<div class=\"elementor-gallery-item__overlay\"><\/div>\n\t\t\t\t\t\t\t\t\t\t\t\t\t\t<\/a>\n\t\t\t\t\t\t\t<a class=\"e-gallery-item elementor-gallery-item elementor-animated-content\" href=\"https:\/\/beuel-mirecourt.eu\/WP\/wp-content\/uploads\/2024\/02\/Mercier_t_c_1.jpg\" data-elementor-open-lightbox=\"yes\" data-elementor-lightbox-slideshow=\"9524ebf\" data-elementor-lightbox-title=\"Mercier_t_c_1\" data-e-action-hash=\"#elementor-action%3Aaction%3Dlightbox%26settings%3DeyJpZCI6NDI2NiwidXJsIjoiaHR0cHM6XC9cL2JldWVsLW1pcmVjb3VydC5ldVwvV1BcL3dwLWNvbnRlbnRcL3VwbG9hZHNcLzIwMjRcLzAyXC9NZXJjaWVyX3RfY18xLmpwZyIsInNsaWRlc2hvdyI6Ijk1MjRlYmYifQ%3D%3D\">\n\t\t\t\t\t<div class=\"e-gallery-image elementor-gallery-item__image\" data-thumbnail=\"https:\/\/beuel-mirecourt.eu\/WP\/wp-content\/uploads\/2024\/02\/Mercier_t_c_1-300x225.jpg\" data-width=\"300\" data-height=\"225\" aria-label=\"\" role=\"img\" ><\/div>\n\t\t\t\t\t\t\t\t\t\t\t<div class=\"elementor-gallery-item__overlay\"><\/div>\n\t\t\t\t\t\t\t\t\t\t\t\t\t\t<\/a>\n\t\t\t\t\t\t\t<a class=\"e-gallery-item elementor-gallery-item elementor-animated-content\" href=\"https:\/\/beuel-mirecourt.eu\/WP\/wp-content\/uploads\/2024\/02\/Orden_lucie.jpg\" data-elementor-open-lightbox=\"yes\" data-elementor-lightbox-slideshow=\"9524ebf\" data-elementor-lightbox-title=\"Orden_lucie\" data-e-action-hash=\"#elementor-action%3Aaction%3Dlightbox%26settings%3DeyJpZCI6NDI2NywidXJsIjoiaHR0cHM6XC9cL2JldWVsLW1pcmVjb3VydC5ldVwvV1BcL3dwLWNvbnRlbnRcL3VwbG9hZHNcLzIwMjRcLzAyXC9PcmRlbl9sdWNpZS5qcGciLCJzbGlkZXNob3ciOiI5NTI0ZWJmIn0%3D\">\n\t\t\t\t\t<div class=\"e-gallery-image elementor-gallery-item__image\" data-thumbnail=\"https:\/\/beuel-mirecourt.eu\/WP\/wp-content\/uploads\/2024\/02\/Orden_lucie-228x300.jpg\" data-width=\"228\" data-height=\"300\" aria-label=\"\" role=\"img\" ><\/div>\n\t\t\t\t\t\t\t\t\t\t\t<div class=\"elementor-gallery-item__overlay\"><\/div>\n\t\t\t\t\t\t\t\t\t\t\t\t\t\t<\/a>\n\t\t\t\t\t\t\t<a class=\"e-gallery-item elementor-gallery-item elementor-animated-content\" href=\"https:\/\/beuel-mirecourt.eu\/WP\/wp-content\/uploads\/2024\/02\/Reims_kath.jpg\" data-elementor-open-lightbox=\"yes\" data-elementor-lightbox-slideshow=\"9524ebf\" data-elementor-lightbox-title=\"Reims_kath\" data-e-action-hash=\"#elementor-action%3Aaction%3Dlightbox%26settings%3DeyJpZCI6NDI2OCwidXJsIjoiaHR0cHM6XC9cL2JldWVsLW1pcmVjb3VydC5ldVwvV1BcL3dwLWNvbnRlbnRcL3VwbG9hZHNcLzIwMjRcLzAyXC9SZWltc19rYXRoLmpwZyIsInNsaWRlc2hvdyI6Ijk1MjRlYmYifQ%3D%3D\">\n\t\t\t\t\t<div class=\"e-gallery-image elementor-gallery-item__image\" data-thumbnail=\"https:\/\/beuel-mirecourt.eu\/WP\/wp-content\/uploads\/2024\/02\/Reims_kath-225x300.jpg\" data-width=\"225\" data-height=\"300\" aria-label=\"\" role=\"img\" ><\/div>\n\t\t\t\t\t\t\t\t\t\t\t<div class=\"elementor-gallery-item__overlay\"><\/div>\n\t\t\t\t\t\t\t\t\t\t\t\t\t\t<\/a>\n\t\t\t\t\t\t\t<a class=\"e-gallery-item elementor-gallery-item elementor-animated-content\" href=\"https:\/\/beuel-mirecourt.eu\/WP\/wp-content\/uploads\/2024\/02\/Vorsitzende_us_5.jpg\" data-elementor-open-lightbox=\"yes\" data-elementor-lightbox-slideshow=\"9524ebf\" data-elementor-lightbox-title=\"Vorsitzende_us_5\" data-e-action-hash=\"#elementor-action%3Aaction%3Dlightbox%26settings%3DeyJpZCI6NDI2OSwidXJsIjoiaHR0cHM6XC9cL2JldWVsLW1pcmVjb3VydC5ldVwvV1BcL3dwLWNvbnRlbnRcL3VwbG9hZHNcLzIwMjRcLzAyXC9Wb3JzaXR6ZW5kZV91c181LmpwZyIsInNsaWRlc2hvdyI6Ijk1MjRlYmYifQ%3D%3D\">\n\t\t\t\t\t<div class=\"e-gallery-image elementor-gallery-item__image\" data-thumbnail=\"https:\/\/beuel-mirecourt.eu\/WP\/wp-content\/uploads\/2024\/02\/Vorsitzende_us_5-230x300.jpg\" data-width=\"230\" data-height=\"300\" aria-label=\"\" role=\"img\" ><\/div>\n\t\t\t\t\t\t\t\t\t\t\t<div class=\"elementor-gallery-item__overlay\"><\/div>\n\t\t\t\t\t\t\t\t\t\t\t\t\t\t<\/a>\n\t\t\t\t\t<\/div>\n\t\t\t\t\t<\/div>\n\t\t\t\t<\/div>\n\t\t\t\t\t<\/div>\n\t\t<\/div>\n\t\t\t\t\t<\/div>\n\t\t<\/section>\n\t\t\t\t<section class=\"elementor-section elementor-top-section elementor-element elementor-element-7f8af74 elementor-section-boxed elementor-section-height-default elementor-section-height-default\" data-id=\"7f8af74\" data-element_type=\"section\">\n\t\t\t\t\t\t<div class=\"elementor-container elementor-column-gap-default\">\n\t\t\t\t\t<div class=\"elementor-column elementor-col-100 elementor-top-column elementor-element elementor-element-f4c7863\" data-id=\"f4c7863\" data-element_type=\"column\">\n\t\t\t<div class=\"elementor-widget-wrap elementor-element-populated\">\n\t\t\t\t\t\t<div class=\"elementor-element elementor-element-31afdea elementor-widget elementor-widget-image\" data-id=\"31afdea\" data-element_type=\"widget\" data-widget_type=\"image.default\">\n\t\t\t\t<div class=\"elementor-widget-container\">\n\t\t\t\t\t\t\t\t\t\t\t\t\t\t\t<img fetchpriority=\"high\" decoding=\"async\" width=\"1500\" height=\"1124\" src=\"https:\/\/beuel-mirecourt.eu\/WP\/wp-content\/uploads\/2024\/02\/Bildfonds-Kopie.jpg\" class=\"attachment-full size-full wp-image-4264\" alt=\"\" srcset=\"https:\/\/beuel-mirecourt.eu\/WP\/wp-content\/uploads\/2024\/02\/Bildfonds-Kopie.jpg 1500w, https:\/\/beuel-mirecourt.eu\/WP\/wp-content\/uploads\/2024\/02\/Bildfonds-Kopie-300x225.jpg 300w, https:\/\/beuel-mirecourt.eu\/WP\/wp-content\/uploads\/2024\/02\/Bildfonds-Kopie-1024x767.jpg 1024w, https:\/\/beuel-mirecourt.eu\/WP\/wp-content\/uploads\/2024\/02\/Bildfonds-Kopie-768x575.jpg 768w\" sizes=\"(max-width: 1500px) 100vw, 1500px\" \/>\t\t\t\t\t\t\t\t\t\t\t\t\t\t\t<\/div>\n\t\t\t\t<\/div>\n\t\t\t\t\t<\/div>\n\t\t<\/div>\n\t\t\t\t\t<\/div>\n\t\t<\/section>\n\t\t\t\t<\/div>\n\t\t","protected":false},"excerpt":{"rendered":"<p>Des moments d&#8217;\u00e9motion \u00e0 Mirecourt et un soleil radieux lors du voyage du comit\u00e9 de jumelage Beuel-Mirecourt C&#8217;est avec \u00e9motion et les larmes aux yeux que l&#8217;ancien pr\u00e9sident du comit\u00e9 de Mirecourt, Bernard Schmitt, a re\u00e7u les remerciements des habitants de Beuel, qui lui ont \u00e9galement remis une toile avec un collage de photos et [&hellip;]<\/p>\n","protected":false},"author":1,"featured_media":0,"comment_status":"closed","ping_status":"open","sticky":false,"template":"","format":"standard","meta":{"footnotes":""},"categories":[9],"tags":[],"class_list":["post-4273","post","type-post","status-publish","format-standard","hentry","category-general"],"_links":{"self":[{"href":"https:\/\/beuel-mirecourt.eu\/WP\/wp-json\/wp\/v2\/posts\/4273","targetHints":{"allow":["GET"]}}],"collection":[{"href":"https:\/\/beuel-mirecourt.eu\/WP\/wp-json\/wp\/v2\/posts"}],"about":[{"href":"https:\/\/beuel-mirecourt.eu\/WP\/wp-json\/wp\/v2\/types\/post"}],"author":[{"embeddable":true,"href":"https:\/\/beuel-mirecourt.eu\/WP\/wp-json\/wp\/v2\/users\/1"}],"replies":[{"embeddable":true,"href":"https:\/\/beuel-mirecourt.eu\/WP\/wp-json\/wp\/v2\/comments?post=4273"}],"version-history":[{"count":4,"href":"https:\/\/beuel-mirecourt.eu\/WP\/wp-json\/wp\/v2\/posts\/4273\/revisions"}],"predecessor-version":[{"id":4277,"href":"https:\/\/beuel-mirecourt.eu\/WP\/wp-json\/wp\/v2\/posts\/4273\/revisions\/4277"}],"wp:attachment":[{"href":"https:\/\/beuel-mirecourt.eu\/WP\/wp-json\/wp\/v2\/media?parent=4273"}],"wp:term":[{"taxonomy":"category","embeddable":true,"href":"https:\/\/beuel-mirecourt.eu\/WP\/wp-json\/wp\/v2\/categories?post=4273"},{"taxonomy":"post_tag","embeddable":true,"href":"https:\/\/beuel-mirecourt.eu\/WP\/wp-json\/wp\/v2\/tags?post=4273"}],"curies":[{"name":"wp","href":"https:\/\/api.w.org\/{rel}","templated":true}]}}