{"id":4512,"date":"2025-03-21T14:37:00","date_gmt":"2025-03-21T13:37:00","guid":{"rendered":"https:\/\/beuel-mirecourt.eu\/WP\/?p=4512"},"modified":"2025-03-21T14:37:47","modified_gmt":"2025-03-21T13:37:47","slug":"reunion-generale-2025","status":"publish","type":"post","link":"https:\/\/beuel-mirecourt.eu\/WP\/fr\/reunion-generale-2025\/","title":{"rendered":"R\u00e9union g\u00e9n\u00e9rale 2025"},"content":{"rendered":"\t\t<div data-elementor-type=\"wp-post\" data-elementor-id=\"4512\" class=\"elementor elementor-4512\" data-elementor-post-type=\"post\">\n\t\t\t\t\t\t<section class=\"elementor-section elementor-top-section elementor-element elementor-element-5c6baa3 elementor-section-boxed elementor-section-height-default elementor-section-height-default\" data-id=\"5c6baa3\" data-element_type=\"section\">\n\t\t\t\t\t\t<div class=\"elementor-container elementor-column-gap-default\">\n\t\t\t\t\t<div class=\"elementor-column elementor-col-100 elementor-top-column elementor-element elementor-element-f2ca48e\" data-id=\"f2ca48e\" data-element_type=\"column\">\n\t\t\t<div class=\"elementor-widget-wrap elementor-element-populated\">\n\t\t\t\t\t\t<div class=\"elementor-element elementor-element-bb38d4a elementor-widget elementor-widget-text-editor\" data-id=\"bb38d4a\" data-element_type=\"widget\" data-widget_type=\"text-editor.default\">\n\t\t\t\t<div class=\"elementor-widget-container\">\n\t\t\t\t\t\t\t\t\t\u201eIrgendwann kommt der Moment, wo es gilt, langj\u00e4hrige\nVorstandsmitglieder in Vorstandsrente gehen zu lassen,\u201c sagte Regina\nHaunhorst. \u201eIn unserem Fall ist es ein gro\u00dfer Umbruch, da vier Mitglieder\nsich gleichzeitig verabschieden werden. Aber, wir wissen, dass sie mit\nihrem Herzen der St\u00e4dtepartnerschaft verbunden bleiben\u201c, erg\u00e4nzte sie.\nMit viel Applaus und Dankesworten von allen Seiten wurde Brigitte\nLehmann (Gr\u00fcndungsmitglied und somit seit 25 Jahren t\u00e4tig), Thomas\nFricke (nach 15 Jahren), Ingrid Lenze (nach 12 Jahren) und Bernhard Ortner\n(nach 6 Jahren) vom Restvorstand und dem Plenum verabschiedet.\nBezirksb\u00fcrgermeister Guido Pfeiffer bedankte sich bei allen\nVorstandsmitgliedern f\u00fcr ihre intensive Arbeit f\u00fcr die deutsch-franz\u00f6sische\nFreundschaft. \u201eIhr und alle hier im Plenum engagiert euch unerm\u00fcdlich, um\nmit den Freunden in Mirecourt im Gespr\u00e4ch zu bleiben und geht auf die\nanderen zu, was insbesondere in der heutigen Zeit mit den zahlreichen\nKrisen in der Welt besonders wichtig ist.\u201c\nMit 93 Mitgliedern war der Rathaussaal gut gef\u00fcllt, was den alten als auch\nneuen Vorstand besonders freute. Einstimmig wurde Regina Haunhorst als\nVorsitzende wiedergew\u00e4hlt, ebenso Klaus Bayer als Schriftf\u00fchrer, Christel\nMpouma als Schatzmeisterin und Helmut Dierks, der vom Beisitzer zum 1.\nStellvertretenden Vorsitzenden aufr\u00fcckte. Neu hinzugekommen ist Silke\nEsch als 2.Stellvertretende Vorsitzende, Birgit Schuh als stellvertretende\nSchatzmeisterin und als Beisitzerinnen Jennifer Haunhorst und Marie\nM\u00e9chineau-Moormann. \u201eMit Helmut Dierks haben wir ein erfahrenes\nVorstandsmitglied in die Spitze geholt, auch, wenn er sich auf Grund seines\nAlters nicht als \u201eZukunft\u201c des Vorstandes sieht, wie er eben selbst erkl\u00e4rte\nund hofft, dass in zwei Jahren ein j\u00fcngeres Mitglied den Posten \u00fcbernehmen\nkann,\u201c erl\u00e4uterte die Vorsitzende. Die neuen Mitglieder sind daf\u00fcr alle &#8211;\nteilweise wesentlich &#8211; j\u00fcnger, was f\u00fcr die weitere Entwicklung des Vereins\nvon gro\u00dfer Bedeutung ist. \u201eWir haben das Gl\u00fcck, dass unsere\nMitgliederanzahl stetig w\u00e4chst, was ohne Zweifel dem stetigen Engagement\nvieler Komiteemitglieder zu verdanken ist,\u201c berichtete Haunhorst. Ein\ngro\u00dfer Dank wurde insofern den Vereinsmitgliedern f\u00fcr ihre Unterst\u00fctzung\nausgesprochen, als auch dem Rathausteam in Beuel mit Guido Pfeiffer und\ninsbesondere Elke Kiesel f\u00fcr die gute Zusammenarbeit.\t\t\t\t\t\t\t\t<\/div>\n\t\t\t\t<\/div>\n\t\t\t\t\t<\/div>\n\t\t<\/div>\n\t\t\t\t\t<\/div>\n\t\t<\/section>\n\t\t\t\t<section class=\"elementor-section elementor-top-section elementor-element elementor-element-88eabd1 elementor-section-boxed elementor-section-height-default elementor-section-height-default\" data-id=\"88eabd1\" data-element_type=\"section\">\n\t\t\t\t\t\t<div class=\"elementor-container elementor-column-gap-default\">\n\t\t\t\t\t<div class=\"elementor-column elementor-col-100 elementor-top-column elementor-element elementor-element-4489d7b\" data-id=\"4489d7b\" data-element_type=\"column\">\n\t\t\t<div class=\"elementor-widget-wrap elementor-element-populated\">\n\t\t\t\t\t\t<div class=\"elementor-element elementor-element-55a755c elementor-widget elementor-widget-gallery\" data-id=\"55a755c\" data-element_type=\"widget\" data-settings=\"{&quot;lazyload&quot;:&quot;yes&quot;,&quot;gallery_layout&quot;:&quot;grid&quot;,&quot;columns&quot;:4,&quot;columns_tablet&quot;:2,&quot;columns_mobile&quot;:1,&quot;gap&quot;:{&quot;unit&quot;:&quot;px&quot;,&quot;size&quot;:10,&quot;sizes&quot;:[]},&quot;gap_tablet&quot;:{&quot;unit&quot;:&quot;px&quot;,&quot;size&quot;:10,&quot;sizes&quot;:[]},&quot;gap_mobile&quot;:{&quot;unit&quot;:&quot;px&quot;,&quot;size&quot;:10,&quot;sizes&quot;:[]},&quot;link_to&quot;:&quot;file&quot;,&quot;aspect_ratio&quot;:&quot;3:2&quot;,&quot;overlay_background&quot;:&quot;yes&quot;,&quot;content_hover_animation&quot;:&quot;fade-in&quot;}\" data-widget_type=\"gallery.default\">\n\t\t\t\t<div class=\"elementor-widget-container\">\n\t\t\t\t\t\t\t<div class=\"elementor-gallery__container\">\n\t\t\t\t\t\t\t<a class=\"e-gallery-item elementor-gallery-item elementor-animated-content\" href=\"https:\/\/beuel-mirecourt.eu\/WP\/wp-content\/uploads\/2025\/03\/Vorstand_tc_1.jpg\" data-elementor-open-lightbox=\"yes\" data-elementor-lightbox-slideshow=\"55a755c\" data-elementor-lightbox-title=\"Vorstand_tc_1\" data-e-action-hash=\"#elementor-action%3Aaction%3Dlightbox%26settings%3DeyJpZCI6NDUwNywidXJsIjoiaHR0cHM6XC9cL2JldWVsLW1pcmVjb3VydC5ldVwvV1BcL3dwLWNvbnRlbnRcL3VwbG9hZHNcLzIwMjVcLzAzXC9Wb3JzdGFuZF90Y18xLmpwZyIsInNsaWRlc2hvdyI6IjU1YTc1NWMifQ%3D%3D\">\n\t\t\t\t\t<div class=\"e-gallery-image elementor-gallery-item__image\" data-thumbnail=\"https:\/\/beuel-mirecourt.eu\/WP\/wp-content\/uploads\/2025\/03\/Vorstand_tc_1-300x225.jpg\" data-width=\"300\" data-height=\"225\" aria-label=\"\" role=\"img\" ><\/div>\n\t\t\t\t\t\t\t\t\t\t\t<div class=\"elementor-gallery-item__overlay\"><\/div>\n\t\t\t\t\t\t\t\t\t\t\t\t\t\t<\/a>\n\t\t\t\t\t\t\t<a class=\"e-gallery-item elementor-gallery-item elementor-animated-content\" href=\"https:\/\/beuel-mirecourt.eu\/WP\/wp-content\/uploads\/2025\/03\/JHV_tc_2.jpg\" data-elementor-open-lightbox=\"yes\" data-elementor-lightbox-slideshow=\"55a755c\" data-elementor-lightbox-title=\"JHV_tc_2\" data-e-action-hash=\"#elementor-action%3Aaction%3Dlightbox%26settings%3DeyJpZCI6NDUwOCwidXJsIjoiaHR0cHM6XC9cL2JldWVsLW1pcmVjb3VydC5ldVwvV1BcL3dwLWNvbnRlbnRcL3VwbG9hZHNcLzIwMjVcLzAzXC9KSFZfdGNfMi5qcGciLCJzbGlkZXNob3ciOiI1NWE3NTVjIn0%3D\">\n\t\t\t\t\t<div class=\"e-gallery-image elementor-gallery-item__image\" data-thumbnail=\"https:\/\/beuel-mirecourt.eu\/WP\/wp-content\/uploads\/2025\/03\/JHV_tc_2-300x225.jpg\" data-width=\"300\" data-height=\"225\" aria-label=\"\" role=\"img\" ><\/div>\n\t\t\t\t\t\t\t\t\t\t\t<div class=\"elementor-gallery-item__overlay\"><\/div>\n\t\t\t\t\t\t\t\t\t\t\t\t\t\t<\/a>\n\t\t\t\t\t<\/div>\n\t\t\t\t\t<\/div>\n\t\t\t\t<\/div>\n\t\t\t\t\t<\/div>\n\t\t<\/div>\n\t\t\t\t\t<\/div>\n\t\t<\/section>\n\t\t\t\t<\/div>\n\t\t","protected":false},"excerpt":{"rendered":"","protected":false},"author":1,"featured_media":0,"comment_status":"closed","ping_status":"open","sticky":false,"template":"","format":"standard","meta":{"footnotes":""},"categories":[9],"tags":[],"class_list":["post-4512","post","type-post","status-publish","format-standard","hentry","category-general"],"_links":{"self":[{"href":"https:\/\/beuel-mirecourt.eu\/WP\/wp-json\/wp\/v2\/posts\/4512","targetHints":{"allow":["GET"]}}],"collection":[{"href":"https:\/\/beuel-mirecourt.eu\/WP\/wp-json\/wp\/v2\/posts"}],"about":[{"href":"https:\/\/beuel-mirecourt.eu\/WP\/wp-json\/wp\/v2\/types\/post"}],"author":[{"embeddable":true,"href":"https:\/\/beuel-mirecourt.eu\/WP\/wp-json\/wp\/v2\/users\/1"}],"replies":[{"embeddable":true,"href":"https:\/\/beuel-mirecourt.eu\/WP\/wp-json\/wp\/v2\/comments?post=4512"}],"version-history":[{"count":1,"href":"https:\/\/beuel-mirecourt.eu\/WP\/wp-json\/wp\/v2\/posts\/4512\/revisions"}],"predecessor-version":[{"id":4513,"href":"https:\/\/beuel-mirecourt.eu\/WP\/wp-json\/wp\/v2\/posts\/4512\/revisions\/4513"}],"wp:attachment":[{"href":"https:\/\/beuel-mirecourt.eu\/WP\/wp-json\/wp\/v2\/media?parent=4512"}],"wp:term":[{"taxonomy":"category","embeddable":true,"href":"https:\/\/beuel-mirecourt.eu\/WP\/wp-json\/wp\/v2\/categories?post=4512"},{"taxonomy":"post_tag","embeddable":true,"href":"https:\/\/beuel-mirecourt.eu\/WP\/wp-json\/wp\/v2\/tags?post=4512"}],"curies":[{"name":"wp","href":"https:\/\/api.w.org\/{rel}","templated":true}]}}