{"id":546,"date":"2019-05-12T12:05:35","date_gmt":"2019-05-12T10:05:35","guid":{"rendered":"https:\/\/beuel-mirecourt.eu\/WP\/?p=546"},"modified":"2021-01-16T15:01:57","modified_gmt":"2021-01-16T14:01:57","slug":"fete-du-jumelage","status":"publish","type":"post","link":"https:\/\/beuel-mirecourt.eu\/WP\/fr\/fete-du-jumelage\/","title":{"rendered":"F\u00eate du 50e anniversaire du jumelage"},"content":{"rendered":"\t\t<div data-elementor-type=\"wp-post\" data-elementor-id=\"546\" class=\"elementor elementor-546\" data-elementor-post-type=\"post\">\n\t\t\t\t\t\t<section class=\"elementor-section elementor-top-section elementor-element elementor-element-8a827c9 elementor-section-boxed elementor-section-height-default elementor-section-height-default\" data-id=\"8a827c9\" data-element_type=\"section\">\n\t\t\t\t\t\t<div class=\"elementor-container elementor-column-gap-default\">\n\t\t\t\t\t<div class=\"elementor-column elementor-col-100 elementor-top-column elementor-element elementor-element-06b2aa3\" data-id=\"06b2aa3\" data-element_type=\"column\">\n\t\t\t<div class=\"elementor-widget-wrap elementor-element-populated\">\n\t\t\t\t\t\t<div class=\"elementor-element elementor-element-2bb6914 elementor-widget elementor-widget-text-editor\" data-id=\"2bb6914\" data-element_type=\"widget\" data-widget_type=\"text-editor.default\">\n\t\t\t\t<div class=\"elementor-widget-container\">\n\t\t\t\t\t\t\t\t\t<p>On fait la f\u00eate trois jours \u00e0 Beuel\u00a0!<\/p><p>Apr\u00e8s l\u2019arriv\u00e9e des 80 amis mirecourtiens, accompagn\u00e9s par le pr\u00e9sident du comit\u00e9, Bernard Schmitt, et le maire, Yves S\u00e9journ\u00e9, tous se rassemblaient \u00e0 l\u2019\u00e9glise de Schwarzrheindorf pour comm\u00e9morer la naissance du jumelage lors d\u2019un recueillement \u0153cum\u00e9nique en fran\u00e7ais et allemand pr\u00e9par\u00e9 par notre pr\u00e9sident d\u2019honneur, Hans Lennarz.<\/p>\t\t\t\t\t\t\t\t<\/div>\n\t\t\t\t<\/div>\n\t\t\t\t\t<\/div>\n\t\t<\/div>\n\t\t\t\t\t<\/div>\n\t\t<\/section>\n\t\t\t\t<section class=\"elementor-section elementor-top-section elementor-element elementor-element-ee57a49 elementor-section-boxed elementor-section-height-default elementor-section-height-default\" data-id=\"ee57a49\" data-element_type=\"section\">\n\t\t\t\t\t\t<div class=\"elementor-container elementor-column-gap-default\">\n\t\t\t\t\t<div class=\"elementor-column elementor-col-100 elementor-top-column elementor-element elementor-element-aa524fd\" data-id=\"aa524fd\" data-element_type=\"column\">\n\t\t\t<div class=\"elementor-widget-wrap elementor-element-populated\">\n\t\t\t\t\t\t<div class=\"elementor-element elementor-element-6d40394 elementor-widget elementor-widget-image\" data-id=\"6d40394\" data-element_type=\"widget\" data-widget_type=\"image.default\">\n\t\t\t\t<div class=\"elementor-widget-container\">\n\t\t\t\t\t\t\t\t\t\t\t\t\t\t\t<img fetchpriority=\"high\" decoding=\"async\" width=\"775\" height=\"517\" src=\"https:\/\/beuel-mirecourt.eu\/WP\/wp-content\/uploads\/2020\/09\/Jubi1.jpg\" class=\"attachment-large size-large wp-image-543\" alt=\"\" srcset=\"https:\/\/beuel-mirecourt.eu\/WP\/wp-content\/uploads\/2020\/09\/Jubi1.jpg 775w, https:\/\/beuel-mirecourt.eu\/WP\/wp-content\/uploads\/2020\/09\/Jubi1-300x200.jpg 300w, https:\/\/beuel-mirecourt.eu\/WP\/wp-content\/uploads\/2020\/09\/Jubi1-768x512.jpg 768w, https:\/\/beuel-mirecourt.eu\/WP\/wp-content\/uploads\/2020\/09\/Jubi1-391x260.jpg 391w\" sizes=\"(max-width: 775px) 100vw, 775px\" \/>\t\t\t\t\t\t\t\t\t\t\t\t\t\t\t<\/div>\n\t\t\t\t<\/div>\n\t\t\t\t\t<\/div>\n\t\t<\/div>\n\t\t\t\t\t<\/div>\n\t\t<\/section>\n\t\t\t\t<section class=\"elementor-section elementor-top-section elementor-element elementor-element-6d9e4fe elementor-section-boxed elementor-section-height-default elementor-section-height-default\" data-id=\"6d9e4fe\" data-element_type=\"section\">\n\t\t\t\t\t\t<div class=\"elementor-container elementor-column-gap-default\">\n\t\t\t\t\t<div class=\"elementor-column elementor-col-100 elementor-top-column elementor-element elementor-element-a4877eb\" data-id=\"a4877eb\" data-element_type=\"column\">\n\t\t\t<div class=\"elementor-widget-wrap elementor-element-populated\">\n\t\t\t\t\t\t<div class=\"elementor-element elementor-element-33a86bf elementor-widget elementor-widget-text-editor\" data-id=\"33a86bf\" data-element_type=\"widget\" data-widget_type=\"text-editor.default\">\n\t\t\t\t<div class=\"elementor-widget-container\">\n\t\t\t\t\t\t\t\t\t<p>Puis, 170 passagers se rendaient \u00e0 bord de la \u00ab\u00a0MS Beethoven\u00a0\u00bb pour une croisi\u00e8re sur le Rhin. Cela donnait en outre l\u2019occasion de retrouver de nombreux membres du comit\u00e9 de Beuel et d\u2019\u00e9changer plein d\u2019id\u00e9es. Tous \u00e9taient ravis par le paysage merveilleux et un coucher du soleil magnifique.<\/p>\t\t\t\t\t\t\t\t<\/div>\n\t\t\t\t<\/div>\n\t\t\t\t\t<\/div>\n\t\t<\/div>\n\t\t\t\t\t<\/div>\n\t\t<\/section>\n\t\t\t\t<section class=\"elementor-section elementor-top-section elementor-element elementor-element-c5d1fa4 elementor-section-boxed elementor-section-height-default elementor-section-height-default\" data-id=\"c5d1fa4\" data-element_type=\"section\">\n\t\t\t\t\t\t<div class=\"elementor-container elementor-column-gap-default\">\n\t\t\t\t\t<div class=\"elementor-column elementor-col-100 elementor-top-column elementor-element elementor-element-97dfba4\" data-id=\"97dfba4\" data-element_type=\"column\">\n\t\t\t<div class=\"elementor-widget-wrap elementor-element-populated\">\n\t\t\t\t\t\t<div class=\"elementor-element elementor-element-ec1c0b9 elementor-widget elementor-widget-image\" data-id=\"ec1c0b9\" data-element_type=\"widget\" data-widget_type=\"image.default\">\n\t\t\t\t<div class=\"elementor-widget-container\">\n\t\t\t\t\t\t\t\t\t\t\t\t\t\t\t<img decoding=\"async\" width=\"800\" height=\"534\" src=\"https:\/\/beuel-mirecourt.eu\/WP\/wp-content\/uploads\/2020\/09\/Jubi2.jpg\" class=\"attachment-large size-large wp-image-542\" alt=\"\" srcset=\"https:\/\/beuel-mirecourt.eu\/WP\/wp-content\/uploads\/2020\/09\/Jubi2.jpg 902w, https:\/\/beuel-mirecourt.eu\/WP\/wp-content\/uploads\/2020\/09\/Jubi2-300x200.jpg 300w, https:\/\/beuel-mirecourt.eu\/WP\/wp-content\/uploads\/2020\/09\/Jubi2-768x513.jpg 768w, https:\/\/beuel-mirecourt.eu\/WP\/wp-content\/uploads\/2020\/09\/Jubi2-391x260.jpg 391w\" sizes=\"(max-width: 800px) 100vw, 800px\" \/>\t\t\t\t\t\t\t\t\t\t\t\t\t\t\t<\/div>\n\t\t\t\t<\/div>\n\t\t\t\t\t<\/div>\n\t\t<\/div>\n\t\t\t\t\t<\/div>\n\t\t<\/section>\n\t\t\t\t<section class=\"elementor-section elementor-top-section elementor-element elementor-element-dfb203d elementor-section-boxed elementor-section-height-default elementor-section-height-default\" data-id=\"dfb203d\" data-element_type=\"section\">\n\t\t\t\t\t\t<div class=\"elementor-container elementor-column-gap-default\">\n\t\t\t\t\t<div class=\"elementor-column elementor-col-100 elementor-top-column elementor-element elementor-element-aacfa8f\" data-id=\"aacfa8f\" data-element_type=\"column\">\n\t\t\t<div class=\"elementor-widget-wrap elementor-element-populated\">\n\t\t\t\t\t\t<div class=\"elementor-element elementor-element-bc88eb6 elementor-widget elementor-widget-text-editor\" data-id=\"bc88eb6\" data-element_type=\"widget\" data-widget_type=\"text-editor.default\">\n\t\t\t\t<div class=\"elementor-widget-container\">\n\t\t\t\t\t\t\t\t\t<p>Malheureusement, le lendemain le beau temps n\u2019\u00e9tait plus de parti. Sous une pluie torrentielle, on cherchait un peu d\u2019abri sous des parapluies. La \u00ab\u00a0Place de Mirecourt\u00a0\u00bb fut inaugur\u00e9e pendant une c\u00e9r\u00e9monie solennelle, la plaque d\u2019information d\u00e9voil\u00e9e, les six drapeaux arbor\u00e9s. \u00ab\u00a0Nous sommes fiers d\u2019avoir eu l\u2019id\u00e9e de nommer ce lieu\u00a0\u00bb, dit Klaus Ebert, pr\u00e9sident du comit\u00e9 de jumelage en souriant. \u00ab\u00a0Les drapeaux et la plaque d\u2019information sont un compl\u00e9ment magnifique.\u00a0\u00bb<\/p>\t\t\t\t\t\t\t\t<\/div>\n\t\t\t\t<\/div>\n\t\t\t\t\t<\/div>\n\t\t<\/div>\n\t\t\t\t\t<\/div>\n\t\t<\/section>\n\t\t\t\t<section class=\"elementor-section elementor-top-section elementor-element elementor-element-8b61d58 elementor-section-boxed elementor-section-height-default elementor-section-height-default\" data-id=\"8b61d58\" data-element_type=\"section\">\n\t\t\t\t\t\t<div class=\"elementor-container elementor-column-gap-default\">\n\t\t\t\t\t<div class=\"elementor-column elementor-col-50 elementor-top-column elementor-element elementor-element-890e5b4\" data-id=\"890e5b4\" data-element_type=\"column\">\n\t\t\t<div class=\"elementor-widget-wrap elementor-element-populated\">\n\t\t\t\t\t\t<div class=\"elementor-element elementor-element-c4b85cc elementor-widget elementor-widget-image\" data-id=\"c4b85cc\" data-element_type=\"widget\" data-widget_type=\"image.default\">\n\t\t\t\t<div class=\"elementor-widget-container\">\n\t\t\t\t\t\t\t\t\t\t\t\t\t\t\t<img decoding=\"async\" width=\"480\" height=\"320\" src=\"https:\/\/beuel-mirecourt.eu\/WP\/wp-content\/uploads\/2020\/09\/Jubi3.jpg\" class=\"attachment-large size-large wp-image-541\" alt=\"\" srcset=\"https:\/\/beuel-mirecourt.eu\/WP\/wp-content\/uploads\/2020\/09\/Jubi3.jpg 480w, https:\/\/beuel-mirecourt.eu\/WP\/wp-content\/uploads\/2020\/09\/Jubi3-300x200.jpg 300w, https:\/\/beuel-mirecourt.eu\/WP\/wp-content\/uploads\/2020\/09\/Jubi3-391x260.jpg 391w\" sizes=\"(max-width: 480px) 100vw, 480px\" \/>\t\t\t\t\t\t\t\t\t\t\t\t\t\t\t<\/div>\n\t\t\t\t<\/div>\n\t\t\t\t\t<\/div>\n\t\t<\/div>\n\t\t\t\t<div class=\"elementor-column elementor-col-50 elementor-top-column elementor-element elementor-element-c938fdf\" data-id=\"c938fdf\" data-element_type=\"column\">\n\t\t\t<div class=\"elementor-widget-wrap elementor-element-populated\">\n\t\t\t\t\t\t<div class=\"elementor-element elementor-element-38899e5 elementor-widget elementor-widget-image\" data-id=\"38899e5\" data-element_type=\"widget\" data-widget_type=\"image.default\">\n\t\t\t\t<div class=\"elementor-widget-container\">\n\t\t\t\t\t\t\t\t\t\t\t\t\t\t\t<img loading=\"lazy\" decoding=\"async\" width=\"484\" height=\"323\" src=\"https:\/\/beuel-mirecourt.eu\/WP\/wp-content\/uploads\/2020\/09\/Jubi4.jpg\" class=\"attachment-large size-large wp-image-540\" alt=\"\" srcset=\"https:\/\/beuel-mirecourt.eu\/WP\/wp-content\/uploads\/2020\/09\/Jubi4.jpg 484w, https:\/\/beuel-mirecourt.eu\/WP\/wp-content\/uploads\/2020\/09\/Jubi4-300x200.jpg 300w, https:\/\/beuel-mirecourt.eu\/WP\/wp-content\/uploads\/2020\/09\/Jubi4-391x260.jpg 391w\" sizes=\"(max-width: 484px) 100vw, 484px\" \/>\t\t\t\t\t\t\t\t\t\t\t\t\t\t\t<\/div>\n\t\t\t\t<\/div>\n\t\t\t\t\t<\/div>\n\t\t<\/div>\n\t\t\t\t\t<\/div>\n\t\t<\/section>\n\t\t\t\t<section class=\"elementor-section elementor-top-section elementor-element elementor-element-7d20b42 elementor-section-boxed elementor-section-height-default elementor-section-height-default\" data-id=\"7d20b42\" data-element_type=\"section\">\n\t\t\t\t\t\t<div class=\"elementor-container elementor-column-gap-default\">\n\t\t\t\t\t<div class=\"elementor-column elementor-col-100 elementor-top-column elementor-element elementor-element-518d009\" data-id=\"518d009\" data-element_type=\"column\">\n\t\t\t<div class=\"elementor-widget-wrap elementor-element-populated\">\n\t\t\t\t\t\t<div class=\"elementor-element elementor-element-fe721cd elementor-widget elementor-widget-text-editor\" data-id=\"fe721cd\" data-element_type=\"widget\" data-widget_type=\"text-editor.default\">\n\t\t\t\t<div class=\"elementor-widget-container\">\n\t\t\t\t\t\t\t\t\t<p>Lors du d\u00e9jeuner commun \u00e0 l\u2019h\u00f4tel de ville tous se r\u00e9chauffaient et \u00e0 la grande joie de tout le monde, le soleil \u00e9tait de retour pour l\u2019ouverture de la f\u00eate sur le parvis de l\u2019h\u00f4tel de ville.<\/p><p>Guido D\u00e9us, maire de Beuel, et son coll\u00e8gue de Mirecourt souhaitaient un merveilleux apr\u00e8s-midi \u00e0 tous les invit\u00e9s et remerciaient tous qui avaient aid\u00e9 \u00e0 organiser la f\u00eate\u00a0: la Bezirksverwaltungsstelle \/ la mairie de Beuel, l\u2019Institut Fran\u00e7ais, le Comit\u00e9 de jumelage, les h\u00f4tes et beaucoup d\u2019autres. L\u2019Institut Fran\u00e7ais \u00e9tait responsable pour la musique fran\u00e7aise tr\u00e8s vari\u00e9e qui motivait les invit\u00e9s \u00e0 danser et \u00e0 faire la f\u00eate ensemble.<\/p><p>Le dimanche matin \u00e9tait consacr\u00e9 \u00e0 un match de foot amical entre des footballeurs des deux villes et \u00e0 une discussion \u00ab\u00a0Beueler Treff\u00a0\u00bb \/ \u00ab\u00a0Rencontre \u00e0 Beuel\u00a0\u00bb, organis\u00e9 par le \u00ab\u00a0General-Anzeiger\u00a0\u00bb sur le sujet du \u00ab\u00a0Jumelage\u00a0\u00bb.<\/p>\t\t\t\t\t\t\t\t<\/div>\n\t\t\t\t<\/div>\n\t\t\t\t\t<\/div>\n\t\t<\/div>\n\t\t\t\t\t<\/div>\n\t\t<\/section>\n\t\t\t\t<section class=\"elementor-section elementor-top-section elementor-element elementor-element-3242f7b elementor-section-boxed elementor-section-height-default elementor-section-height-default\" data-id=\"3242f7b\" data-element_type=\"section\">\n\t\t\t\t\t\t<div class=\"elementor-container elementor-column-gap-default\">\n\t\t\t\t\t<div class=\"elementor-column elementor-col-100 elementor-top-column elementor-element elementor-element-6ba69dc\" data-id=\"6ba69dc\" data-element_type=\"column\">\n\t\t\t<div class=\"elementor-widget-wrap elementor-element-populated\">\n\t\t\t\t\t\t<div class=\"elementor-element elementor-element-911786a elementor-widget elementor-widget-image\" data-id=\"911786a\" data-element_type=\"widget\" data-widget_type=\"image.default\">\n\t\t\t\t<div class=\"elementor-widget-container\">\n\t\t\t\t\t\t\t\t\t\t\t\t\t\t\t<img loading=\"lazy\" decoding=\"async\" width=\"800\" height=\"534\" src=\"https:\/\/beuel-mirecourt.eu\/WP\/wp-content\/uploads\/2020\/09\/Jubi5-1024x683.jpg\" class=\"attachment-large size-large wp-image-539\" alt=\"\" srcset=\"https:\/\/beuel-mirecourt.eu\/WP\/wp-content\/uploads\/2020\/09\/Jubi5-1024x683.jpg 1024w, https:\/\/beuel-mirecourt.eu\/WP\/wp-content\/uploads\/2020\/09\/Jubi5-300x200.jpg 300w, https:\/\/beuel-mirecourt.eu\/WP\/wp-content\/uploads\/2020\/09\/Jubi5-768x512.jpg 768w, https:\/\/beuel-mirecourt.eu\/WP\/wp-content\/uploads\/2020\/09\/Jubi5-391x260.jpg 391w, https:\/\/beuel-mirecourt.eu\/WP\/wp-content\/uploads\/2020\/09\/Jubi5.jpg 1065w\" sizes=\"(max-width: 800px) 100vw, 800px\" \/>\t\t\t\t\t\t\t\t\t\t\t\t\t\t\t<\/div>\n\t\t\t\t<\/div>\n\t\t\t\t\t<\/div>\n\t\t<\/div>\n\t\t\t\t\t<\/div>\n\t\t<\/section>\n\t\t\t\t<section class=\"elementor-section elementor-top-section elementor-element elementor-element-e65bdb2 elementor-section-boxed elementor-section-height-default elementor-section-height-default\" data-id=\"e65bdb2\" data-element_type=\"section\">\n\t\t\t\t\t\t<div class=\"elementor-container elementor-column-gap-default\">\n\t\t\t\t\t<div class=\"elementor-column elementor-col-100 elementor-top-column elementor-element elementor-element-6a9a87d\" data-id=\"6a9a87d\" data-element_type=\"column\">\n\t\t\t<div class=\"elementor-widget-wrap elementor-element-populated\">\n\t\t\t\t\t\t<div class=\"elementor-element elementor-element-1792668 elementor-widget elementor-widget-text-editor\" data-id=\"1792668\" data-element_type=\"widget\" data-widget_type=\"text-editor.default\">\n\t\t\t\t<div class=\"elementor-widget-container\">\n\t\t\t\t\t\t\t\t\t<p>Le repas de d\u00e9part, parfaitement organis\u00e9 et pr\u00e9par\u00e9 par le \u00ab Caf\u00e9 Sonnendeck\u00a0\u00bb et des membres de la paroisse protestante Nord \u00e9tait un d\u00e9lice. Le g\u00e2teau merveilleux en forme de cloche, pr\u00e9par\u00e9 par Julia Nawara \u00e0 l\u2019occasion de l\u2019anniversaire du jumelage, \u00e9tait un autre point culminant de ces jours de f\u00eate r\u00e9ussis.<\/p>\t\t\t\t\t\t\t\t<\/div>\n\t\t\t\t<\/div>\n\t\t\t\t\t<\/div>\n\t\t<\/div>\n\t\t\t\t\t<\/div>\n\t\t<\/section>\n\t\t\t\t<section class=\"elementor-section elementor-top-section elementor-element elementor-element-09cbfa8 elementor-section-boxed elementor-section-height-default elementor-section-height-default\" data-id=\"09cbfa8\" data-element_type=\"section\">\n\t\t\t\t\t\t<div class=\"elementor-container elementor-column-gap-default\">\n\t\t\t\t\t<div class=\"elementor-column elementor-col-100 elementor-top-column elementor-element elementor-element-61d856e\" data-id=\"61d856e\" data-element_type=\"column\">\n\t\t\t<div class=\"elementor-widget-wrap elementor-element-populated\">\n\t\t\t\t\t\t<div class=\"elementor-element elementor-element-9438f07 elementor-widget elementor-widget-image\" data-id=\"9438f07\" data-element_type=\"widget\" data-widget_type=\"image.default\">\n\t\t\t\t<div class=\"elementor-widget-container\">\n\t\t\t\t\t\t\t\t\t\t\t\t\t\t\t<img loading=\"lazy\" decoding=\"async\" width=\"683\" height=\"1024\" src=\"https:\/\/beuel-mirecourt.eu\/WP\/wp-content\/uploads\/2020\/09\/Jubi6-683x1024.jpg\" class=\"attachment-large size-large wp-image-538\" alt=\"\" srcset=\"https:\/\/beuel-mirecourt.eu\/WP\/wp-content\/uploads\/2020\/09\/Jubi6-683x1024.jpg 683w, https:\/\/beuel-mirecourt.eu\/WP\/wp-content\/uploads\/2020\/09\/Jubi6-200x300.jpg 200w, https:\/\/beuel-mirecourt.eu\/WP\/wp-content\/uploads\/2020\/09\/Jubi6-768x1151.jpg 768w, https:\/\/beuel-mirecourt.eu\/WP\/wp-content\/uploads\/2020\/09\/Jubi6.jpg 810w\" sizes=\"(max-width: 683px) 100vw, 683px\" \/>\t\t\t\t\t\t\t\t\t\t\t\t\t\t\t<\/div>\n\t\t\t\t<\/div>\n\t\t\t\t\t<\/div>\n\t\t<\/div>\n\t\t\t\t\t<\/div>\n\t\t<\/section>\n\t\t\t\t<\/div>\n\t\t","protected":false},"excerpt":{"rendered":"<p>On fait la f\u00eate trois jours \u00e0 Beuel\u00a0! Apr\u00e8s l\u2019arriv\u00e9e des 80 amis mirecourtiens, accompagn\u00e9s par le pr\u00e9sident du comit\u00e9, Bernard Schmitt, et le maire, Yves S\u00e9journ\u00e9, tous se rassemblaient \u00e0 l\u2019\u00e9glise de Schwarzrheindorf pour comm\u00e9morer la naissance du jumelage lors d\u2019un recueillement \u0153cum\u00e9nique en fran\u00e7ais et allemand pr\u00e9par\u00e9 par notre pr\u00e9sident d\u2019honneur, Hans Lennarz. [&hellip;]<\/p>\n","protected":false},"author":1,"featured_media":0,"comment_status":"closed","ping_status":"open","sticky":false,"template":"","format":"standard","meta":{"footnotes":""},"categories":[99,9],"tags":[],"class_list":["post-546","post","type-post","status-publish","format-standard","hentry","category-2019-fr","category-general"],"_links":{"self":[{"href":"https:\/\/beuel-mirecourt.eu\/WP\/wp-json\/wp\/v2\/posts\/546","targetHints":{"allow":["GET"]}}],"collection":[{"href":"https:\/\/beuel-mirecourt.eu\/WP\/wp-json\/wp\/v2\/posts"}],"about":[{"href":"https:\/\/beuel-mirecourt.eu\/WP\/wp-json\/wp\/v2\/types\/post"}],"author":[{"embeddable":true,"href":"https:\/\/beuel-mirecourt.eu\/WP\/wp-json\/wp\/v2\/users\/1"}],"replies":[{"embeddable":true,"href":"https:\/\/beuel-mirecourt.eu\/WP\/wp-json\/wp\/v2\/comments?post=546"}],"version-history":[{"count":7,"href":"https:\/\/beuel-mirecourt.eu\/WP\/wp-json\/wp\/v2\/posts\/546\/revisions"}],"predecessor-version":[{"id":1651,"href":"https:\/\/beuel-mirecourt.eu\/WP\/wp-json\/wp\/v2\/posts\/546\/revisions\/1651"}],"wp:attachment":[{"href":"https:\/\/beuel-mirecourt.eu\/WP\/wp-json\/wp\/v2\/media?parent=546"}],"wp:term":[{"taxonomy":"category","embeddable":true,"href":"https:\/\/beuel-mirecourt.eu\/WP\/wp-json\/wp\/v2\/categories?post=546"},{"taxonomy":"post_tag","embeddable":true,"href":"https:\/\/beuel-mirecourt.eu\/WP\/wp-json\/wp\/v2\/tags?post=546"}],"curies":[{"name":"wp","href":"https:\/\/api.w.org\/{rel}","templated":true}]}}