{"id":569,"date":"2019-04-27T13:18:38","date_gmt":"2019-04-27T11:18:38","guid":{"rendered":"https:\/\/beuel-mirecourt.eu\/WP\/?p=569"},"modified":"2021-01-16T15:02:01","modified_gmt":"2021-01-16T14:02:01","slug":"exposition","status":"publish","type":"post","link":"https:\/\/beuel-mirecourt.eu\/WP\/fr\/exposition\/","title":{"rendered":"Exposition d\u2019\u0153uvres d\u2019art \u00e0 Mirecourt\u200b"},"content":{"rendered":"\t\t<div data-elementor-type=\"wp-post\" data-elementor-id=\"569\" class=\"elementor elementor-569\" data-elementor-post-type=\"post\">\n\t\t\t\t\t\t<section class=\"elementor-section elementor-top-section elementor-element elementor-element-8e274a1 elementor-section-boxed elementor-section-height-default elementor-section-height-default\" data-id=\"8e274a1\" data-element_type=\"section\">\n\t\t\t\t\t\t<div class=\"elementor-container elementor-column-gap-default\">\n\t\t\t\t\t<div class=\"elementor-column elementor-col-100 elementor-top-column elementor-element elementor-element-50ee62e\" data-id=\"50ee62e\" data-element_type=\"column\">\n\t\t\t<div class=\"elementor-widget-wrap elementor-element-populated\">\n\t\t\t\t\t\t<div class=\"elementor-element elementor-element-b84e13f elementor-widget elementor-widget-text-editor\" data-id=\"b84e13f\" data-element_type=\"widget\" data-widget_type=\"text-editor.default\">\n\t\t\t\t<div class=\"elementor-widget-container\">\n\t\t\t\t\t\t\t\t\t<p>L\u2019attribution du premier prix pour les artistes eut pendant la derni\u00e8re journ\u00e9e de l\u2019exposition, le dimanche. \u00ab\u00a0Nous \u00e9tions tous tendus et nerveux. J\u2019\u00e9tais pr\u00eate \u00e0 prendre en photo le laur\u00e9at\u00a0\u00bb, raconte Ulla Spekowius qui avait entrepris le voyage en compagnie de huit autres artistes de Beuel pour pr\u00e9senter ses photographies \u00e0 Mirecourt. Quand elle entendit son propre nom elle \u00e9tait ravie et re\u00e7ut le prix, f\u00e9licit\u00e9e par ses amis de Beuel.<\/p><p>L\u2019exposition intitul\u00e9e \u00ab\u00a0Amiti\u00e9 \u2013 Freundschaft\u00a0\u00bb refl\u00e9tait le th\u00e8me principal du 50<sup>e<\/sup> anniversaire du jumelage Beuel \u2013 Mirecourt, ce qui allait de soi pour le pr\u00e9sident de l\u2019association d\u2019artistes \u00ab\u00a0Les Lez\u2019Art\u00a0\u00bb, Philippe Mangin et son \u00e9pouse Christiane, organisateurs de l\u2019exposition. \u00ab\u00a0Il ne nous fallait pas r\u00e9fl\u00e9chir longtemps\u00a0\u00bb, dit Mangin en souriant, \u00ab\u00a0le mot <em>amiti\u00e9<\/em> nous est venu tout de suite \u00e0 l\u2019esprit. C\u2019est l\u2019\u00e9l\u00e9ment cl\u00e9 du jumelage Beuel \u2013 Mirecourt.\u00a0\u00bb<\/p><p>Mangin \u00e9tait tr\u00e8s content du d\u00e9roulement de l\u2019exposition. 64 artistes, dont 9 de Beuel, pr\u00e9sentaient leurs \u0153uvres dans <em>l\u2019Espace Flambeau<\/em>, salle polyvalente de Mirecourt et re\u00e7evaient plus que 1500 visiteurs qui avaient la possibilit\u00e9 de regarder des \u0153uvres tr\u00e8s divers\u00a0comme des peintures, des sculptures, des mosa\u00efques ou des photos. En plus, ils \u00e9taient invit\u00e9s \u00e0 participer \u00e0 des activit\u00e9s artistiques ainsi qu\u2019\u00e0 observer le travail des artistes.<\/p><p>Les artistes de Beuel \u00e9taient partis le vendredi 25 avril 2019, munis des meilleurs v\u0153ux du maire adjoint, Ralf Laubenthal. Christine Backhaus, Dagmar Friesecke, Michael Jastrzembski, Helga Knauth, Irene Lackmann, Julia Nawara, Irene Ortner, Ulrike Reutlinger et Ulla Spekowius avaient \u00e9t\u00e9 invit\u00e9s \u00e0 participer \u00e0 l\u2019exposition l\u2019ann\u00e9e derni\u00e8re lors de l\u2019exposition \u00e0 Beuel.<\/p><p>Plusieurs entre eux \u00e9taient log\u00e9s chez des amis mirecurtiens, parfois m\u00eame chez ceux qu\u2019ils avaient log\u00e9s lors de la derni\u00e8re rencontre artistique \u00e0 Beuel.<\/p>\t\t\t\t\t\t\t\t<\/div>\n\t\t\t\t<\/div>\n\t\t\t\t\t<\/div>\n\t\t<\/div>\n\t\t\t\t\t<\/div>\n\t\t<\/section>\n\t\t\t\t<\/div>\n\t\t","protected":false},"excerpt":{"rendered":"<p>L\u2019attribution du premier prix pour les artistes eut pendant la derni\u00e8re journ\u00e9e de l\u2019exposition, le dimanche. \u00ab\u00a0Nous \u00e9tions tous tendus et nerveux. J\u2019\u00e9tais pr\u00eate \u00e0 prendre en photo le laur\u00e9at\u00a0\u00bb, raconte Ulla Spekowius qui avait entrepris le voyage en compagnie de huit autres artistes de Beuel pour pr\u00e9senter ses photographies \u00e0 Mirecourt. Quand elle entendit [&hellip;]<\/p>\n","protected":false},"author":1,"featured_media":0,"comment_status":"closed","ping_status":"open","sticky":false,"template":"","format":"standard","meta":{"footnotes":""},"categories":[99,9],"tags":[],"class_list":["post-569","post","type-post","status-publish","format-standard","hentry","category-2019-fr","category-general"],"_links":{"self":[{"href":"https:\/\/beuel-mirecourt.eu\/WP\/wp-json\/wp\/v2\/posts\/569","targetHints":{"allow":["GET"]}}],"collection":[{"href":"https:\/\/beuel-mirecourt.eu\/WP\/wp-json\/wp\/v2\/posts"}],"about":[{"href":"https:\/\/beuel-mirecourt.eu\/WP\/wp-json\/wp\/v2\/types\/post"}],"author":[{"embeddable":true,"href":"https:\/\/beuel-mirecourt.eu\/WP\/wp-json\/wp\/v2\/users\/1"}],"replies":[{"embeddable":true,"href":"https:\/\/beuel-mirecourt.eu\/WP\/wp-json\/wp\/v2\/comments?post=569"}],"version-history":[{"count":8,"href":"https:\/\/beuel-mirecourt.eu\/WP\/wp-json\/wp\/v2\/posts\/569\/revisions"}],"predecessor-version":[{"id":1647,"href":"https:\/\/beuel-mirecourt.eu\/WP\/wp-json\/wp\/v2\/posts\/569\/revisions\/1647"}],"wp:attachment":[{"href":"https:\/\/beuel-mirecourt.eu\/WP\/wp-json\/wp\/v2\/media?parent=569"}],"wp:term":[{"taxonomy":"category","embeddable":true,"href":"https:\/\/beuel-mirecourt.eu\/WP\/wp-json\/wp\/v2\/categories?post=569"},{"taxonomy":"post_tag","embeddable":true,"href":"https:\/\/beuel-mirecourt.eu\/WP\/wp-json\/wp\/v2\/tags?post=569"}],"curies":[{"name":"wp","href":"https:\/\/api.w.org\/{rel}","templated":true}]}}