{"id":573,"date":"2019-02-27T13:35:24","date_gmt":"2019-02-27T12:35:24","guid":{"rendered":"https:\/\/beuel-mirecourt.eu\/WP\/?p=573"},"modified":"2021-01-16T15:02:11","modified_gmt":"2021-01-16T14:02:11","slug":"carnaval-de-femmes","status":"publish","type":"post","link":"https:\/\/beuel-mirecourt.eu\/WP\/fr\/carnaval-de-femmes\/","title":{"rendered":"Carnaval de femmes"},"content":{"rendered":"\t\t<div data-elementor-type=\"wp-post\" data-elementor-id=\"573\" class=\"elementor elementor-573\" data-elementor-post-type=\"post\">\n\t\t\t\t\t\t<section class=\"elementor-section elementor-top-section elementor-element elementor-element-37c4906 elementor-section-boxed elementor-section-height-default elementor-section-height-default\" data-id=\"37c4906\" data-element_type=\"section\">\n\t\t\t\t\t\t<div class=\"elementor-container elementor-column-gap-default\">\n\t\t\t\t\t<div class=\"elementor-column elementor-col-100 elementor-top-column elementor-element elementor-element-06277d9\" data-id=\"06277d9\" data-element_type=\"column\">\n\t\t\t<div class=\"elementor-widget-wrap elementor-element-populated\">\n\t\t\t\t\t\t<div class=\"elementor-element elementor-element-7a7089a elementor-widget elementor-widget-text-editor\" data-id=\"7a7089a\" data-element_type=\"widget\" data-widget_type=\"text-editor.default\">\n\t\t\t\t<div class=\"elementor-widget-container\">\n\t\t\t\t\t\t\t\t\t<p>Le groupe franco-allemand de Beuel et Mirecourt accompagne la princesse lavandi\u00e8re Ariane I dans le cort\u00e8ge<\/p><p>\u00ab Nous sommes bien s\u00fbr ravis\u00bb, a rayonn\u00e9 Klaus Ebert, pr\u00e9sident du comit\u00e9 de partenariat de Beuel, \u00abque la devise d&#8217;Ariane I honore le 50e anniversaire du jumelage de villes entre Beuel et Mirecourt et que Ariane I et la princesse LiK\u00fcRa nous rendent visite ! \u00ab A la veille de la Weiberfastnacht, les amis germano-fran\u00e7ais se sont r\u00e9unis pour le d\u00eener et ont c\u00e9l\u00e9br\u00e9 avec enthousiasme et fort la princesse lavandi\u00e8re et la princesse LiK\u00fcRa, qui avec leur entourage ont presque fait irruption dans la salle.<\/p>\t\t\t\t\t\t\t\t<\/div>\n\t\t\t\t<\/div>\n\t\t\t\t\t<\/div>\n\t\t<\/div>\n\t\t\t\t\t<\/div>\n\t\t<\/section>\n\t\t\t\t<section class=\"elementor-section elementor-top-section elementor-element elementor-element-8b02992 elementor-section-boxed elementor-section-height-default elementor-section-height-default\" data-id=\"8b02992\" data-element_type=\"section\">\n\t\t\t\t\t\t<div class=\"elementor-container elementor-column-gap-default\">\n\t\t\t\t\t<div class=\"elementor-column elementor-col-100 elementor-top-column elementor-element elementor-element-b5cd012\" data-id=\"b5cd012\" data-element_type=\"column\">\n\t\t\t<div class=\"elementor-widget-wrap elementor-element-populated\">\n\t\t\t\t\t\t<div class=\"elementor-element elementor-element-788127d elementor-widget elementor-widget-image\" data-id=\"788127d\" data-element_type=\"widget\" data-widget_type=\"image.default\">\n\t\t\t\t<div class=\"elementor-widget-container\">\n\t\t\t\t\t\t\t\t\t\t\t\t<figure class=\"wp-caption\">\n\t\t\t\t\t\t\t\t\t\t<img fetchpriority=\"high\" decoding=\"async\" width=\"800\" height=\"480\" src=\"https:\/\/beuel-mirecourt.eu\/WP\/wp-content\/uploads\/2019\/02\/weiberfastnacht2019_1-1024x614.jpg\" class=\"attachment-large size-large wp-image-558\" alt=\"\" srcset=\"https:\/\/beuel-mirecourt.eu\/WP\/wp-content\/uploads\/2019\/02\/weiberfastnacht2019_1-1024x614.jpg 1024w, https:\/\/beuel-mirecourt.eu\/WP\/wp-content\/uploads\/2019\/02\/weiberfastnacht2019_1-300x180.jpg 300w, https:\/\/beuel-mirecourt.eu\/WP\/wp-content\/uploads\/2019\/02\/weiberfastnacht2019_1-768x461.jpg 768w, https:\/\/beuel-mirecourt.eu\/WP\/wp-content\/uploads\/2019\/02\/weiberfastnacht2019_1.jpg 1387w\" sizes=\"(max-width: 800px) 100vw, 800px\" \/>\t\t\t\t\t\t\t\t\t\t\t<figcaption class=\"widget-image-caption wp-caption-text\">Visite de la princesse lavandi\u00e8re Ariane I, <br>Photo: Helmut M\u00fcller<\/figcaption>\n\t\t\t\t\t\t\t\t\t\t<\/figure>\n\t\t\t\t\t\t\t\t\t<\/div>\n\t\t\t\t<\/div>\n\t\t\t\t\t<\/div>\n\t\t<\/div>\n\t\t\t\t\t<\/div>\n\t\t<\/section>\n\t\t\t\t<section class=\"elementor-section elementor-top-section elementor-element elementor-element-3dbeb36 elementor-section-boxed elementor-section-height-default elementor-section-height-default\" data-id=\"3dbeb36\" data-element_type=\"section\">\n\t\t\t\t\t\t<div class=\"elementor-container elementor-column-gap-default\">\n\t\t\t\t\t<div class=\"elementor-column elementor-col-100 elementor-top-column elementor-element elementor-element-fe2b091\" data-id=\"fe2b091\" data-element_type=\"column\">\n\t\t\t<div class=\"elementor-widget-wrap elementor-element-populated\">\n\t\t\t\t\t\t<div class=\"elementor-element elementor-element-0acf673 elementor-widget elementor-widget-text-editor\" data-id=\"0acf673\" data-element_type=\"widget\" data-widget_type=\"text-editor.default\">\n\t\t\t\t<div class=\"elementor-widget-container\">\n\t\t\t\t\t\t\t\t\t<p>&#8222;C&#8217;est une merveilleuse tradition que nous mangeons avec de nombreux membres du comit\u00e9 Beuel mercredi, et cette ann\u00e9e il n&#8217;y a encore plus de place dans la salle&#8220;, a ajout\u00e9 Ebert, visiblement enthousiaste. Son coll\u00e8gue, Bernard Schmitt de Mirecourt, a remerci\u00e9 les h\u00f4tes de Beuel, qui ont si chaleureusement accueilli les participants de Mirecourt, et Elke Kiesel, responsable de l&#8217;organisation de l&#8217;administration du district.<\/p>\t\t\t\t\t\t\t\t<\/div>\n\t\t\t\t<\/div>\n\t\t\t\t\t<\/div>\n\t\t<\/div>\n\t\t\t\t\t<\/div>\n\t\t<\/section>\n\t\t\t\t<section class=\"elementor-section elementor-top-section elementor-element elementor-element-3498889 elementor-section-boxed elementor-section-height-default elementor-section-height-default\" data-id=\"3498889\" data-element_type=\"section\">\n\t\t\t\t\t\t<div class=\"elementor-container elementor-column-gap-default\">\n\t\t\t\t\t<div class=\"elementor-column elementor-col-100 elementor-top-column elementor-element elementor-element-1fb7b61\" data-id=\"1fb7b61\" data-element_type=\"column\">\n\t\t\t<div class=\"elementor-widget-wrap elementor-element-populated\">\n\t\t\t\t\t\t<div class=\"elementor-element elementor-element-a3ae789 elementor-widget elementor-widget-image\" data-id=\"a3ae789\" data-element_type=\"widget\" data-widget_type=\"image.default\">\n\t\t\t\t<div class=\"elementor-widget-container\">\n\t\t\t\t\t\t\t\t\t\t\t\t<figure class=\"wp-caption\">\n\t\t\t\t\t\t\t\t\t\t<img decoding=\"async\" width=\"800\" height=\"450\" src=\"https:\/\/beuel-mirecourt.eu\/WP\/wp-content\/uploads\/2019\/02\/weiberfastnacht2019_2-1024x576.jpg\" class=\"attachment-large size-large wp-image-557\" alt=\"\" srcset=\"https:\/\/beuel-mirecourt.eu\/WP\/wp-content\/uploads\/2019\/02\/weiberfastnacht2019_2-1024x576.jpg 1024w, https:\/\/beuel-mirecourt.eu\/WP\/wp-content\/uploads\/2019\/02\/weiberfastnacht2019_2-300x169.jpg 300w, https:\/\/beuel-mirecourt.eu\/WP\/wp-content\/uploads\/2019\/02\/weiberfastnacht2019_2-768x432.jpg 768w, https:\/\/beuel-mirecourt.eu\/WP\/wp-content\/uploads\/2019\/02\/weiberfastnacht2019_2.jpg 1385w\" sizes=\"(max-width: 800px) 100vw, 800px\" \/>\t\t\t\t\t\t\t\t\t\t\t<figcaption class=\"widget-image-caption wp-caption-text\">Groupe franco-allemand au cort\u00e8ge de la princesse   Photo : Helmut M\u00fcller<\/figcaption>\n\t\t\t\t\t\t\t\t\t\t<\/figure>\n\t\t\t\t\t\t\t\t\t<\/div>\n\t\t\t\t<\/div>\n\t\t\t\t\t<\/div>\n\t\t<\/div>\n\t\t\t\t\t<\/div>\n\t\t<\/section>\n\t\t\t\t<section class=\"elementor-section elementor-top-section elementor-element elementor-element-68d22e6 elementor-section-boxed elementor-section-height-default elementor-section-height-default\" data-id=\"68d22e6\" data-element_type=\"section\">\n\t\t\t\t\t\t<div class=\"elementor-container elementor-column-gap-default\">\n\t\t\t\t\t<div class=\"elementor-column elementor-col-100 elementor-top-column elementor-element elementor-element-1043974\" data-id=\"1043974\" data-element_type=\"column\">\n\t\t\t<div class=\"elementor-widget-wrap elementor-element-populated\">\n\t\t\t\t\t\t<div class=\"elementor-element elementor-element-6fb1ccc elementor-widget elementor-widget-image\" data-id=\"6fb1ccc\" data-element_type=\"widget\" data-widget_type=\"image.default\">\n\t\t\t\t<div class=\"elementor-widget-container\">\n\t\t\t\t\t\t\t\t\t\t\t\t<figure class=\"wp-caption\">\n\t\t\t\t\t\t\t\t\t\t<img decoding=\"async\" width=\"694\" height=\"882\" src=\"https:\/\/beuel-mirecourt.eu\/WP\/wp-content\/uploads\/2019\/02\/weiberfastnacht2019_3.jpg\" class=\"attachment-large size-large wp-image-556\" alt=\"\" srcset=\"https:\/\/beuel-mirecourt.eu\/WP\/wp-content\/uploads\/2019\/02\/weiberfastnacht2019_3.jpg 694w, https:\/\/beuel-mirecourt.eu\/WP\/wp-content\/uploads\/2019\/02\/weiberfastnacht2019_3-236x300.jpg 236w\" sizes=\"(max-width: 694px) 100vw, 694px\" \/>\t\t\t\t\t\t\t\t\t\t\t<figcaption class=\"widget-image-caption wp-caption-text\">Le pr\u00e9sident d\u2019honneur Hans Lennarz dans une 2CV<\/figcaption>\n\t\t\t\t\t\t\t\t\t\t<\/figure>\n\t\t\t\t\t\t\t\t\t<\/div>\n\t\t\t\t<\/div>\n\t\t\t\t\t<\/div>\n\t\t<\/div>\n\t\t\t\t\t<\/div>\n\t\t<\/section>\n\t\t\t\t<section class=\"elementor-section elementor-top-section elementor-element elementor-element-c4541f9 elementor-section-boxed elementor-section-height-default elementor-section-height-default\" data-id=\"c4541f9\" data-element_type=\"section\">\n\t\t\t\t\t\t<div class=\"elementor-container elementor-column-gap-default\">\n\t\t\t\t\t<div class=\"elementor-column elementor-col-100 elementor-top-column elementor-element elementor-element-848f1cb\" data-id=\"848f1cb\" data-element_type=\"column\">\n\t\t\t<div class=\"elementor-widget-wrap elementor-element-populated\">\n\t\t\t\t\t\t<div class=\"elementor-element elementor-element-f17a43e elementor-widget elementor-widget-text-editor\" data-id=\"f17a43e\" data-element_type=\"widget\" data-widget_type=\"text-editor.default\">\n\t\t\t\t<div class=\"elementor-widget-container\">\n\t\t\t\t\t\t\t\t\t<p>Le point culminant sera bien s\u00fbr le d\u00e9fil\u00e9 de la princesse laveuse, o\u00f9 le groupe se prom\u00e8ne ensemble en ponchos rouges et b\u00e9rets noirs sur la t\u00eate devant le chariot de l&#8217;administration du district. Des petits c\u0153urs en pain d&#8217;\u00e9pices portant l&#8217;inscription Beuel-Mirecourt sont distribu\u00e9s aux spectateurs en cours de route, dont l&#8217;ancienne princesse lavandi\u00e8re Lucie I (Claude, 1994), le pr\u00e9sident d&#8217;honneur, Hans Lennarz et l&#8217;adjointe au maire de Mirecourt, Nathalie Babouhot, qui est en haut de la voiture du conseil de district. Le programme pendant les jours de carnaval ne consiste pas seulement en de joyeuses c\u00e9l\u00e9brations, mais est compl\u00e9t\u00e9 par une visite guid\u00e9e de la ville et le concert populaire du carnaval.<\/p><p>&#8222;Ces jours sont un merveilleux pr\u00e9lude \u00e0 nos activit\u00e9s futures en cette ann\u00e9e anniversaire, que nous attendons tous avec impatience et \u00e0 laquelle nous esp\u00e9rons que de nombreux citoyens de Beuel participeront&#8220;, a d\u00e9clar\u00e9 Klaus Ebert \u00e0 la fin.<\/p>\t\t\t\t\t\t\t\t<\/div>\n\t\t\t\t<\/div>\n\t\t\t\t\t<\/div>\n\t\t<\/div>\n\t\t\t\t\t<\/div>\n\t\t<\/section>\n\t\t\t\t<\/div>\n\t\t","protected":false},"excerpt":{"rendered":"<p>Le groupe franco-allemand de Beuel et Mirecourt accompagne la princesse lavandi\u00e8re Ariane I dans le cort\u00e8ge \u00ab Nous sommes bien s\u00fbr ravis\u00bb, a rayonn\u00e9 Klaus Ebert, pr\u00e9sident du comit\u00e9 de partenariat de Beuel, \u00abque la devise d&#8217;Ariane I honore le 50e anniversaire du jumelage de villes entre Beuel et Mirecourt et que Ariane I et [&hellip;]<\/p>\n","protected":false},"author":1,"featured_media":0,"comment_status":"closed","ping_status":"open","sticky":false,"template":"","format":"standard","meta":{"footnotes":""},"categories":[99,9],"tags":[],"class_list":["post-573","post","type-post","status-publish","format-standard","hentry","category-2019-fr","category-general"],"_links":{"self":[{"href":"https:\/\/beuel-mirecourt.eu\/WP\/wp-json\/wp\/v2\/posts\/573","targetHints":{"allow":["GET"]}}],"collection":[{"href":"https:\/\/beuel-mirecourt.eu\/WP\/wp-json\/wp\/v2\/posts"}],"about":[{"href":"https:\/\/beuel-mirecourt.eu\/WP\/wp-json\/wp\/v2\/types\/post"}],"author":[{"embeddable":true,"href":"https:\/\/beuel-mirecourt.eu\/WP\/wp-json\/wp\/v2\/users\/1"}],"replies":[{"embeddable":true,"href":"https:\/\/beuel-mirecourt.eu\/WP\/wp-json\/wp\/v2\/comments?post=573"}],"version-history":[{"count":6,"href":"https:\/\/beuel-mirecourt.eu\/WP\/wp-json\/wp\/v2\/posts\/573\/revisions"}],"predecessor-version":[{"id":1637,"href":"https:\/\/beuel-mirecourt.eu\/WP\/wp-json\/wp\/v2\/posts\/573\/revisions\/1637"}],"wp:attachment":[{"href":"https:\/\/beuel-mirecourt.eu\/WP\/wp-json\/wp\/v2\/media?parent=573"}],"wp:term":[{"taxonomy":"category","embeddable":true,"href":"https:\/\/beuel-mirecourt.eu\/WP\/wp-json\/wp\/v2\/categories?post=573"},{"taxonomy":"post_tag","embeddable":true,"href":"https:\/\/beuel-mirecourt.eu\/WP\/wp-json\/wp\/v2\/tags?post=573"}],"curies":[{"name":"wp","href":"https:\/\/api.w.org\/{rel}","templated":true}]}}