{"id":615,"date":"2020-07-28T14:26:25","date_gmt":"2020-07-28T12:26:25","guid":{"rendered":"https:\/\/beuel-mirecourt.eu\/WP\/?p=615"},"modified":"2021-01-16T15:01:01","modified_gmt":"2021-01-16T14:01:01","slug":"vorstandssitzung-28-07-2020","status":"publish","type":"post","link":"https:\/\/beuel-mirecourt.eu\/WP\/vorstandssitzung-28-07-2020\/","title":{"rendered":"Vorstandssitzung im Heimatmuseum Beuel"},"content":{"rendered":"\t\t<div data-elementor-type=\"wp-post\" data-elementor-id=\"615\" class=\"elementor elementor-615\" data-elementor-post-type=\"post\">\n\t\t\t\t\t\t<section class=\"elementor-section elementor-top-section elementor-element elementor-element-562f724 elementor-section-boxed elementor-section-height-default elementor-section-height-default\" data-id=\"562f724\" data-element_type=\"section\">\n\t\t\t\t\t\t<div class=\"elementor-container elementor-column-gap-default\">\n\t\t\t\t\t<div class=\"elementor-column elementor-col-100 elementor-top-column elementor-element elementor-element-7ed71cb\" data-id=\"7ed71cb\" data-element_type=\"column\">\n\t\t\t<div class=\"elementor-widget-wrap elementor-element-populated\">\n\t\t\t\t\t\t<div class=\"elementor-element elementor-element-0b65a6a elementor-widget elementor-widget-text-editor\" data-id=\"0b65a6a\" data-element_type=\"widget\" data-widget_type=\"text-editor.default\">\n\t\t\t\t<div class=\"elementor-widget-container\">\n\t\t\t\t\t\t\t\t\t<p>In sch\u00f6ner, aber ungewohnter Umgebung fand 28.07.2020 Vorstandssitzung des Beueler Partnerschaftskomitees statt. Museumleiter Hans Lennarz hatte die alte Scheune als Tagungsort angeboten, da die R\u00e4umlichkeiten im Rathaus Beuel auf Grund der Pandemie noch nicht genutzt werden k\u00f6nnen.\u00a0 Zwischen alter Waschb\u00fctt, W\u00e4sche und B\u00fcgeleisen diskutierten die Teilnehmer\/Innen intensiv \u00fcber alternative Formate, wie man die Beziehungen zu unseren Freunden in Mirecourt lebendig halten kann, solange pers\u00f6nliche Begegnungen auf Grund der Covid-19 Pandemie nicht m\u00f6glich sind. \u201eDie pers\u00f6nlichen Begegnungen sind bei uns das Kernst\u00fcck der deutsch-franz\u00f6sischen Freundschaft,\u201c unterstrich Regina Haunhorst, Vorsitzende des Vereins. Sie fallen komplett aus und konnten bislang nur durch kleine Gesten, wie das Versenden von Stoffmasken oder einer virtuellen Sitzung mit einem Teil des Vorstandes in Mirecourt, ersetzt werden. Auch der Wanderbeauftragte Helmut Dierks musste eine Absage des Mirecourter Wandervereins l\u2019Astragale f\u00fcr die deutsch-franz\u00f6sische Wanderung Ende September verzeichnen. Die Sorge vor einer eventuellen Covid-19 Infektion ist auf franz\u00f6sischer Seite einfach zu gro\u00df.<\/p><p>Aber auch in Beuel liegt das Vereinsleben des Partnerschaftskomitees weitgehend brach. Die geplante Feier zum 20. Geburtstag des Komitees am 05.09.2020 ist jetzt endg\u00fcltig gestrichen worden. \u201eAlle gr\u00f6\u00dferen Veranstaltungen sind in Beuel abgesagt worden,\u201c erkl\u00e4rte Hans Lennarz, \u201eda k\u00f6nnen und wollen wir nicht eine Ausnahme machen.\u201c \u00a0<\/p><p>Das Augenmerk liegt nun auf die letzten Monate des Jahres 2020 bzw. Fr\u00fchjahr 2021. \u201eWir w\u00fcrden uns freuen, wenn wir zum Abschluss des Jahres wenigstens ein Adventstreffen anbieten k\u00f6nnen,\u201c sagte die Vorsitzende,\u201c um das Jahr hoffnungsvoll beenden zu k\u00f6nnen.\u201c Weitere Planungen f\u00fcr 2021 werden im Hintergrund laufen, so f\u00fcr ein Wanderwochenende mit den franz\u00f6sischen Freunden oder auch f\u00fcr eine Komiteefahrt. Ob diese Pl\u00e4ne umgesetzt werden k\u00f6nnen, das wird die Zeit zeigen.<\/p>\t\t\t\t\t\t\t\t<\/div>\n\t\t\t\t<\/div>\n\t\t\t\t\t<\/div>\n\t\t<\/div>\n\t\t\t\t\t<\/div>\n\t\t<\/section>\n\t\t\t\t<section class=\"elementor-section elementor-top-section elementor-element elementor-element-e3eb6e7 elementor-section-boxed elementor-section-height-default elementor-section-height-default\" data-id=\"e3eb6e7\" data-element_type=\"section\">\n\t\t\t\t\t\t<div class=\"elementor-container elementor-column-gap-default\">\n\t\t\t\t\t<div class=\"elementor-column elementor-col-100 elementor-top-column elementor-element elementor-element-8bd1508\" data-id=\"8bd1508\" data-element_type=\"column\">\n\t\t\t<div class=\"elementor-widget-wrap elementor-element-populated\">\n\t\t\t\t\t\t<div class=\"elementor-element elementor-element-5ec9b66 elementor-widget elementor-widget-image\" data-id=\"5ec9b66\" data-element_type=\"widget\" data-widget_type=\"image.default\">\n\t\t\t\t<div class=\"elementor-widget-container\">\n\t\t\t\t\t\t\t\t\t\t\t\t\t\t\t<img fetchpriority=\"high\" decoding=\"async\" width=\"800\" height=\"532\" src=\"https:\/\/beuel-mirecourt.eu\/WP\/wp-content\/uploads\/2020\/09\/Vorstandssitzung-1024x681.jpg\" class=\"attachment-large size-large wp-image-619\" alt=\"\" srcset=\"https:\/\/beuel-mirecourt.eu\/WP\/wp-content\/uploads\/2020\/09\/Vorstandssitzung-1024x681.jpg 1024w, https:\/\/beuel-mirecourt.eu\/WP\/wp-content\/uploads\/2020\/09\/Vorstandssitzung-300x200.jpg 300w, https:\/\/beuel-mirecourt.eu\/WP\/wp-content\/uploads\/2020\/09\/Vorstandssitzung-768x511.jpg 768w, https:\/\/beuel-mirecourt.eu\/WP\/wp-content\/uploads\/2020\/09\/Vorstandssitzung-391x260.jpg 391w, https:\/\/beuel-mirecourt.eu\/WP\/wp-content\/uploads\/2020\/09\/Vorstandssitzung.jpg 1387w\" sizes=\"(max-width: 800px) 100vw, 800px\" \/>\t\t\t\t\t\t\t\t\t\t\t\t\t\t\t<\/div>\n\t\t\t\t<\/div>\n\t\t\t\t\t<\/div>\n\t\t<\/div>\n\t\t\t\t\t<\/div>\n\t\t<\/section>\n\t\t\t\t<\/div>\n\t\t","protected":false},"excerpt":{"rendered":"<p>In sch\u00f6ner, aber ungewohnter Umgebung fand 28.07.2020 Vorstandssitzung des Beueler Partnerschaftskomitees statt. Museumleiter Hans Lennarz hatte die alte Scheune als Tagungsort angeboten, da die R\u00e4umlichkeiten im Rathaus Beuel auf Grund der Pandemie noch nicht genutzt werden k\u00f6nnen.\u00a0 Zwischen alter Waschb\u00fctt, W\u00e4sche und B\u00fcgeleisen diskutierten die Teilnehmer\/Innen intensiv \u00fcber alternative Formate, wie man die Beziehungen zu [&hellip;]<\/p>\n","protected":false},"author":1,"featured_media":0,"comment_status":"closed","ping_status":"open","sticky":false,"template":"","format":"standard","meta":{"footnotes":""},"categories":[95,1],"tags":[],"class_list":["post-615","post","type-post","status-publish","format-standard","hentry","category-95","category-allgemein"],"_links":{"self":[{"href":"https:\/\/beuel-mirecourt.eu\/WP\/wp-json\/wp\/v2\/posts\/615","targetHints":{"allow":["GET"]}}],"collection":[{"href":"https:\/\/beuel-mirecourt.eu\/WP\/wp-json\/wp\/v2\/posts"}],"about":[{"href":"https:\/\/beuel-mirecourt.eu\/WP\/wp-json\/wp\/v2\/types\/post"}],"author":[{"embeddable":true,"href":"https:\/\/beuel-mirecourt.eu\/WP\/wp-json\/wp\/v2\/users\/1"}],"replies":[{"embeddable":true,"href":"https:\/\/beuel-mirecourt.eu\/WP\/wp-json\/wp\/v2\/comments?post=615"}],"version-history":[{"count":7,"href":"https:\/\/beuel-mirecourt.eu\/WP\/wp-json\/wp\/v2\/posts\/615\/revisions"}],"predecessor-version":[{"id":1692,"href":"https:\/\/beuel-mirecourt.eu\/WP\/wp-json\/wp\/v2\/posts\/615\/revisions\/1692"}],"wp:attachment":[{"href":"https:\/\/beuel-mirecourt.eu\/WP\/wp-json\/wp\/v2\/media?parent=615"}],"wp:term":[{"taxonomy":"category","embeddable":true,"href":"https:\/\/beuel-mirecourt.eu\/WP\/wp-json\/wp\/v2\/categories?post=615"},{"taxonomy":"post_tag","embeddable":true,"href":"https:\/\/beuel-mirecourt.eu\/WP\/wp-json\/wp\/v2\/tags?post=615"}],"curies":[{"name":"wp","href":"https:\/\/api.w.org\/{rel}","templated":true}]}}