{"id":866,"date":"2020-11-30T17:34:21","date_gmt":"2020-11-30T16:34:21","guid":{"rendered":"https:\/\/beuel-mirecourt.eu\/WP\/?p=866"},"modified":"2021-01-16T15:00:46","modified_gmt":"2021-01-16T14:00:46","slug":"gruss-von-den-wanderfreunden-von-lastragale","status":"publish","type":"post","link":"https:\/\/beuel-mirecourt.eu\/WP\/gruss-von-den-wanderfreunden-von-lastragale\/","title":{"rendered":"Gru\u00df von den Wanderfreunden von l&#8217;Astragale"},"content":{"rendered":"\t\t<div data-elementor-type=\"wp-post\" data-elementor-id=\"866\" class=\"elementor elementor-866\" data-elementor-post-type=\"post\">\n\t\t\t\t\t\t<section class=\"elementor-section elementor-top-section elementor-element elementor-element-8b7542e elementor-section-boxed elementor-section-height-default elementor-section-height-default\" data-id=\"8b7542e\" data-element_type=\"section\">\n\t\t\t\t\t\t<div class=\"elementor-container elementor-column-gap-default\">\n\t\t\t\t\t<div class=\"elementor-column elementor-col-100 elementor-top-column elementor-element elementor-element-23e4ec4\" data-id=\"23e4ec4\" data-element_type=\"column\">\n\t\t\t<div class=\"elementor-widget-wrap elementor-element-populated\">\n\t\t\t\t\t\t<div class=\"elementor-element elementor-element-9df96a6 elementor-widget elementor-widget-text-editor\" data-id=\"9df96a6\" data-element_type=\"widget\" data-widget_type=\"text-editor.default\">\n\t\t\t\t<div class=\"elementor-widget-container\">\n\t\t\t\t\t\t\t\t\t<p>Nach unserer Wanderung zum Leyberg Anfang Oktober haben wir einen Gru\u00df an l\u2018Astragale, dem Wanderverein in Mirecourt, geschickt und einige Fotos beigef\u00fcgt. Die Pr\u00e4sidentin, Dominique Satori hat sich daf\u00fcr bedankt, dass wir an die Freunde von l\u2018Astragale und an die Partnerstadt Mirecourt denken.<\/p><p>Seit Juni hat l\u2018Astragale wieder Wanderungen durchgef\u00fchrt, wobei entsprechende Corona-Regelungen zu beachten waren und das Programm reduziert wurde. Hinzu kamen die heftige Trockenheit und teilweise hohe Temperaturen, so dass einige Wanderungen in die etwas k\u00fchleren Abendstunden verlegt wurden.\u00a0 Alle waren froh, dass sie wieder gemeinsam in die Natur hinauskonnten. Auf Grund der aktuellen Entwicklungen in Frankreich musste l\u2018Astragale Ende Oktober leider wieder alle Aktivit\u00e4ten einstellen.<\/p><p>L\u2018Astragale sendet viele Gr\u00fc\u00dfe an die Komiteemitglieder in Beuel verbunden mit der Hoffnung, dass im n\u00e4chsten Jahr wieder Treffen und ein gemeinsames Wander-Wochenende m\u00f6glich sind.<\/p><p>Hans-Helmut Dierks<\/p><p>Wanderbeauftragter des Komitees Beuel-Mirecourt<\/p>\t\t\t\t\t\t\t\t<\/div>\n\t\t\t\t<\/div>\n\t\t\t\t\t<\/div>\n\t\t<\/div>\n\t\t\t\t\t<\/div>\n\t\t<\/section>\n\t\t\t\t<section class=\"elementor-section elementor-top-section elementor-element elementor-element-167de16 elementor-section-boxed elementor-section-height-default elementor-section-height-default\" data-id=\"167de16\" data-element_type=\"section\">\n\t\t\t\t\t\t<div class=\"elementor-container elementor-column-gap-default\">\n\t\t\t\t\t<div class=\"elementor-column elementor-col-100 elementor-top-column elementor-element elementor-element-e007cae\" data-id=\"e007cae\" data-element_type=\"column\">\n\t\t\t<div class=\"elementor-widget-wrap elementor-element-populated\">\n\t\t\t\t\t\t<div class=\"elementor-element elementor-element-32913b8 elementor-widget elementor-widget-image\" data-id=\"32913b8\" data-element_type=\"widget\" data-widget_type=\"image.default\">\n\t\t\t\t<div class=\"elementor-widget-container\">\n\t\t\t\t\t\t\t\t\t\t\t\t\t\t\t<img fetchpriority=\"high\" decoding=\"async\" width=\"800\" height=\"600\" src=\"https:\/\/beuel-mirecourt.eu\/WP\/wp-content\/uploads\/2020\/11\/astragale_october_2.jpg\" class=\"attachment-large size-large wp-image-868\" alt=\"\" srcset=\"https:\/\/beuel-mirecourt.eu\/WP\/wp-content\/uploads\/2020\/11\/astragale_october_2.jpg 1024w, https:\/\/beuel-mirecourt.eu\/WP\/wp-content\/uploads\/2020\/11\/astragale_october_2-300x225.jpg 300w, https:\/\/beuel-mirecourt.eu\/WP\/wp-content\/uploads\/2020\/11\/astragale_october_2-768x576.jpg 768w\" sizes=\"(max-width: 800px) 100vw, 800px\" \/>\t\t\t\t\t\t\t\t\t\t\t\t\t\t\t<\/div>\n\t\t\t\t<\/div>\n\t\t\t\t\t<\/div>\n\t\t<\/div>\n\t\t\t\t\t<\/div>\n\t\t<\/section>\n\t\t\t\t<\/div>\n\t\t","protected":false},"excerpt":{"rendered":"<p>Nach unserer Wanderung zum Leyberg Anfang Oktober haben wir einen Gru\u00df an l\u2018Astragale, dem Wanderverein in Mirecourt, geschickt und einige Fotos beigef\u00fcgt. Die Pr\u00e4sidentin, Dominique Satori hat sich daf\u00fcr bedankt, dass wir an die Freunde von l\u2018Astragale und an die Partnerstadt Mirecourt denken. Seit Juni hat l\u2018Astragale wieder Wanderungen durchgef\u00fchrt, wobei entsprechende Corona-Regelungen zu beachten [&hellip;]<\/p>\n","protected":false},"author":2,"featured_media":0,"comment_status":"closed","ping_status":"open","sticky":false,"template":"","format":"standard","meta":{"footnotes":""},"categories":[95,1],"tags":[],"class_list":["post-866","post","type-post","status-publish","format-standard","hentry","category-95","category-allgemein"],"_links":{"self":[{"href":"https:\/\/beuel-mirecourt.eu\/WP\/wp-json\/wp\/v2\/posts\/866","targetHints":{"allow":["GET"]}}],"collection":[{"href":"https:\/\/beuel-mirecourt.eu\/WP\/wp-json\/wp\/v2\/posts"}],"about":[{"href":"https:\/\/beuel-mirecourt.eu\/WP\/wp-json\/wp\/v2\/types\/post"}],"author":[{"embeddable":true,"href":"https:\/\/beuel-mirecourt.eu\/WP\/wp-json\/wp\/v2\/users\/2"}],"replies":[{"embeddable":true,"href":"https:\/\/beuel-mirecourt.eu\/WP\/wp-json\/wp\/v2\/comments?post=866"}],"version-history":[{"count":7,"href":"https:\/\/beuel-mirecourt.eu\/WP\/wp-json\/wp\/v2\/posts\/866\/revisions"}],"predecessor-version":[{"id":1716,"href":"https:\/\/beuel-mirecourt.eu\/WP\/wp-json\/wp\/v2\/posts\/866\/revisions\/1716"}],"wp:attachment":[{"href":"https:\/\/beuel-mirecourt.eu\/WP\/wp-json\/wp\/v2\/media?parent=866"}],"wp:term":[{"taxonomy":"category","embeddable":true,"href":"https:\/\/beuel-mirecourt.eu\/WP\/wp-json\/wp\/v2\/categories?post=866"},{"taxonomy":"post_tag","embeddable":true,"href":"https:\/\/beuel-mirecourt.eu\/WP\/wp-json\/wp\/v2\/tags?post=866"}],"curies":[{"name":"wp","href":"https:\/\/api.w.org\/{rel}","templated":true}]}}