{"id":871,"date":"2020-11-30T17:56:53","date_gmt":"2020-11-30T16:56:53","guid":{"rendered":"https:\/\/beuel-mirecourt.eu\/WP\/?p=871"},"modified":"2021-01-16T15:00:42","modified_gmt":"2021-01-16T14:00:42","slug":"salut-des-amis-de-lastragale","status":"publish","type":"post","link":"https:\/\/beuel-mirecourt.eu\/WP\/fr\/salut-des-amis-de-lastragale\/","title":{"rendered":"Salut des amis de l&#8217;Astragale"},"content":{"rendered":"\t\t<div data-elementor-type=\"wp-post\" data-elementor-id=\"871\" class=\"elementor elementor-871\" data-elementor-post-type=\"post\">\n\t\t\t\t\t\t<section class=\"elementor-section elementor-top-section elementor-element elementor-element-8b7542e elementor-section-boxed elementor-section-height-default elementor-section-height-default\" data-id=\"8b7542e\" data-element_type=\"section\">\n\t\t\t\t\t\t<div class=\"elementor-container elementor-column-gap-default\">\n\t\t\t\t\t<div class=\"elementor-column elementor-col-100 elementor-top-column elementor-element elementor-element-23e4ec4\" data-id=\"23e4ec4\" data-element_type=\"column\">\n\t\t\t<div class=\"elementor-widget-wrap elementor-element-populated\">\n\t\t\t\t\t\t<div class=\"elementor-element elementor-element-9df96a6 elementor-widget elementor-widget-text-editor\" data-id=\"9df96a6\" data-element_type=\"widget\" data-widget_type=\"text-editor.default\">\n\t\t\t\t<div class=\"elementor-widget-container\">\n\t\t\t\t\t\t\t\t\t<p><strong>Salut de l\u2018Astragale<\/strong><\/p><p>Apr\u00e8s notre radonn\u00e9e fin octobre au \u201eLeyberg\u201c dans les \u201eSept Montagnes\u201c on a envoy\u00e9 un bonjour aux amis de l\u2019Astragale \u00e0 Mirecourt, quelques photos ajout\u00e9es. La pr\u00e9sidente, Dominique Satori, a repondu avec un merci pour nos pens\u00e9es aux amis de l\u2019Astragale et de Mirecourt.<\/p><p>A partir de juin l\u2019Astragale a repris l\u2019organisation des randonn\u00e9es avec un programme r\u00e9duit sous les r\u00e8gles de Covid-19. A cause de la chaleur et de la s\u00e9cheresse on faisait plusieurs randonn\u00e9e assez tot dans les heures du soir. Tout le monde \u00e9tait content de passer des heures dans la nautre. A partit fin d\u2019octobre la situation de Covid-19 \u00e9tait devenue si grave qu\u2019on ne peut plus organiser des randonn\u00e9es communes.<\/p><p>L\u2018Astragale nous envoie des salutations avec toute leur amiti\u00e9 en \u00e9sp\u00e9rant de reprendre des randonn\u00e9es communes\u00a0 dans l\u2019ann\u00e9e 2021!<\/p><p>Hans-Helmut Dierks<\/p><p>Directeur des randonn\u00e9es du Comit\u00e9 Beuel-Mirecour<\/p>\t\t\t\t\t\t\t\t<\/div>\n\t\t\t\t<\/div>\n\t\t\t\t\t<\/div>\n\t\t<\/div>\n\t\t\t\t\t<\/div>\n\t\t<\/section>\n\t\t\t\t<section class=\"elementor-section elementor-top-section elementor-element elementor-element-167de16 elementor-section-boxed elementor-section-height-default elementor-section-height-default\" data-id=\"167de16\" data-element_type=\"section\">\n\t\t\t\t\t\t<div class=\"elementor-container elementor-column-gap-default\">\n\t\t\t\t\t<div class=\"elementor-column elementor-col-100 elementor-top-column elementor-element elementor-element-e007cae\" data-id=\"e007cae\" data-element_type=\"column\">\n\t\t\t<div class=\"elementor-widget-wrap elementor-element-populated\">\n\t\t\t\t\t\t<div class=\"elementor-element elementor-element-32913b8 elementor-widget elementor-widget-image\" data-id=\"32913b8\" data-element_type=\"widget\" data-widget_type=\"image.default\">\n\t\t\t\t<div class=\"elementor-widget-container\">\n\t\t\t\t\t\t\t\t\t\t\t\t\t\t\t<img fetchpriority=\"high\" decoding=\"async\" width=\"800\" height=\"600\" src=\"https:\/\/beuel-mirecourt.eu\/WP\/wp-content\/uploads\/2020\/11\/astragale_october_2.jpg\" class=\"attachment-large size-large wp-image-868\" alt=\"\" srcset=\"https:\/\/beuel-mirecourt.eu\/WP\/wp-content\/uploads\/2020\/11\/astragale_october_2.jpg 1024w, https:\/\/beuel-mirecourt.eu\/WP\/wp-content\/uploads\/2020\/11\/astragale_october_2-300x225.jpg 300w, https:\/\/beuel-mirecourt.eu\/WP\/wp-content\/uploads\/2020\/11\/astragale_october_2-768x576.jpg 768w\" sizes=\"(max-width: 800px) 100vw, 800px\" \/>\t\t\t\t\t\t\t\t\t\t\t\t\t\t\t<\/div>\n\t\t\t\t<\/div>\n\t\t\t\t\t<\/div>\n\t\t<\/div>\n\t\t\t\t\t<\/div>\n\t\t<\/section>\n\t\t\t\t<\/div>\n\t\t","protected":false},"excerpt":{"rendered":"<p>Salut de l\u2018Astragale Apr\u00e8s notre radonn\u00e9e fin octobre au \u201eLeyberg\u201c dans les \u201eSept Montagnes\u201c on a envoy\u00e9 un bonjour aux amis de l\u2019Astragale \u00e0 Mirecourt, quelques photos ajout\u00e9es. La pr\u00e9sidente, Dominique Satori, a repondu avec un merci pour nos pens\u00e9es aux amis de l\u2019Astragale et de Mirecourt. A partir de juin l\u2019Astragale a repris l\u2019organisation [&hellip;]<\/p>\n","protected":false},"author":2,"featured_media":0,"comment_status":"closed","ping_status":"open","sticky":false,"template":"","format":"standard","meta":{"footnotes":""},"categories":[101,9],"tags":[],"class_list":["post-871","post","type-post","status-publish","format-standard","hentry","category-2020-fr","category-general"],"_links":{"self":[{"href":"https:\/\/beuel-mirecourt.eu\/WP\/wp-json\/wp\/v2\/posts\/871","targetHints":{"allow":["GET"]}}],"collection":[{"href":"https:\/\/beuel-mirecourt.eu\/WP\/wp-json\/wp\/v2\/posts"}],"about":[{"href":"https:\/\/beuel-mirecourt.eu\/WP\/wp-json\/wp\/v2\/types\/post"}],"author":[{"embeddable":true,"href":"https:\/\/beuel-mirecourt.eu\/WP\/wp-json\/wp\/v2\/users\/2"}],"replies":[{"embeddable":true,"href":"https:\/\/beuel-mirecourt.eu\/WP\/wp-json\/wp\/v2\/comments?post=871"}],"version-history":[{"count":6,"href":"https:\/\/beuel-mirecourt.eu\/WP\/wp-json\/wp\/v2\/posts\/871\/revisions"}],"predecessor-version":[{"id":1719,"href":"https:\/\/beuel-mirecourt.eu\/WP\/wp-json\/wp\/v2\/posts\/871\/revisions\/1719"}],"wp:attachment":[{"href":"https:\/\/beuel-mirecourt.eu\/WP\/wp-json\/wp\/v2\/media?parent=871"}],"wp:term":[{"taxonomy":"category","embeddable":true,"href":"https:\/\/beuel-mirecourt.eu\/WP\/wp-json\/wp\/v2\/categories?post=871"},{"taxonomy":"post_tag","embeddable":true,"href":"https:\/\/beuel-mirecourt.eu\/WP\/wp-json\/wp\/v2\/tags?post=871"}],"curies":[{"name":"wp","href":"https:\/\/api.w.org\/{rel}","templated":true}]}}