{"id":898,"date":"2020-12-05T19:40:37","date_gmt":"2020-12-05T18:40:37","guid":{"rendered":"https:\/\/beuel-mirecourt.eu\/WP\/?p=898"},"modified":"2021-01-10T17:38:52","modified_gmt":"2021-01-10T16:38:52","slug":"tarte-de-mirabelles-au-flan","status":"publish","type":"post","link":"https:\/\/beuel-mirecourt.eu\/WP\/fr\/tarte-de-mirabelles-au-flan\/","title":{"rendered":"Tarte de mirabelles au flan"},"content":{"rendered":"\t\t<div data-elementor-type=\"wp-post\" data-elementor-id=\"898\" class=\"elementor elementor-898\" data-elementor-post-type=\"post\">\n\t\t\t\t\t\t<section class=\"elementor-section elementor-top-section elementor-element elementor-element-8fb9f88 elementor-section-boxed elementor-section-height-default elementor-section-height-default\" data-id=\"8fb9f88\" data-element_type=\"section\">\n\t\t\t\t\t\t<div class=\"elementor-container elementor-column-gap-default\">\n\t\t\t\t\t<div class=\"elementor-column elementor-col-100 elementor-top-column elementor-element elementor-element-ec67c44\" data-id=\"ec67c44\" data-element_type=\"column\">\n\t\t\t<div class=\"elementor-widget-wrap elementor-element-populated\">\n\t\t\t\t\t\t<div class=\"elementor-element elementor-element-4629066 elementor-widget elementor-widget-image\" data-id=\"4629066\" data-element_type=\"widget\" data-widget_type=\"image.default\">\n\t\t\t\t<div class=\"elementor-widget-container\">\n\t\t\t\t\t\t\t\t\t\t\t\t\t\t\t<img fetchpriority=\"high\" decoding=\"async\" width=\"768\" height=\"512\" src=\"https:\/\/beuel-mirecourt.eu\/WP\/wp-content\/uploads\/2020\/12\/DSC06731-1-768x512.jpg\" class=\"attachment-medium_large size-medium_large wp-image-931\" alt=\"\" srcset=\"https:\/\/beuel-mirecourt.eu\/WP\/wp-content\/uploads\/2020\/12\/DSC06731-1-768x512.jpg 768w, https:\/\/beuel-mirecourt.eu\/WP\/wp-content\/uploads\/2020\/12\/DSC06731-1-300x200.jpg 300w, https:\/\/beuel-mirecourt.eu\/WP\/wp-content\/uploads\/2020\/12\/DSC06731-1-1024x683.jpg 1024w, https:\/\/beuel-mirecourt.eu\/WP\/wp-content\/uploads\/2020\/12\/DSC06731-1-391x260.jpg 391w, https:\/\/beuel-mirecourt.eu\/WP\/wp-content\/uploads\/2020\/12\/DSC06731-1-1536x1024.jpg 1536w, https:\/\/beuel-mirecourt.eu\/WP\/wp-content\/uploads\/2020\/12\/DSC06731-1-2048x1365.jpg 2048w\" sizes=\"(max-width: 768px) 100vw, 768px\" \/>\t\t\t\t\t\t\t\t\t\t\t\t\t\t\t<\/div>\n\t\t\t\t<\/div>\n\t\t\t\t<div class=\"elementor-element elementor-element-3cdcb4b elementor-widget elementor-widget-text-editor\" data-id=\"3cdcb4b\" data-element_type=\"widget\" data-widget_type=\"text-editor.default\">\n\t\t\t\t<div class=\"elementor-widget-container\">\n\t\t\t\t\t\t\t\t\t<p>Tarte de mirabelles au flan d\u2019Andr\u00e9e Bastien<\/p><p>Garnir un moule \u00e0 tarte de p\u00e2te \u00e0 tarte, disposer dessus les mirabelles d\u00e9noyaut\u00e9es.<\/p><p>M\u00e9langer soigneusement 2 dl de lait, 2 \u0153ufs et 75 gr de sucre avec 60 gr d\u2019amandes \u00e9pluch\u00e9es et pil\u00e9es; ajouter 2 cuilli\u00e8re \u00e0 soupe d\u2019eau de vie de mirabelles; napper les mirabelles de cette pr\u00e9paration.<\/p><p>Soupoudrer avec environ 40 gr de sucre et glisser dans le four chaud (180 degr\u00e9s environ) pour 45 mn.<\/p><p>Bon ap\u00e9tit!<\/p>\t\t\t\t\t\t\t\t<\/div>\n\t\t\t\t<\/div>\n\t\t\t\t\t<\/div>\n\t\t<\/div>\n\t\t\t\t\t<\/div>\n\t\t<\/section>\n\t\t\t\t<\/div>\n\t\t","protected":false},"excerpt":{"rendered":"<p>Tarte de mirabelles au flan d\u2019Andr\u00e9e Bastien Garnir un moule \u00e0 tarte de p\u00e2te \u00e0 tarte, disposer dessus les mirabelles d\u00e9noyaut\u00e9es. M\u00e9langer soigneusement 2 dl de lait, 2 \u0153ufs et 75 gr de sucre avec 60 gr d\u2019amandes \u00e9pluch\u00e9es et pil\u00e9es; ajouter 2 cuilli\u00e8re \u00e0 soupe d\u2019eau de vie de mirabelles; napper les mirabelles de [&hellip;]<\/p>\n","protected":false},"author":2,"featured_media":0,"comment_status":"closed","ping_status":"open","sticky":false,"template":"","format":"standard","meta":{"footnotes":""},"categories":[54],"tags":[],"class_list":["post-898","post","type-post","status-publish","format-standard","hentry","category-recettes"],"_links":{"self":[{"href":"https:\/\/beuel-mirecourt.eu\/WP\/wp-json\/wp\/v2\/posts\/898","targetHints":{"allow":["GET"]}}],"collection":[{"href":"https:\/\/beuel-mirecourt.eu\/WP\/wp-json\/wp\/v2\/posts"}],"about":[{"href":"https:\/\/beuel-mirecourt.eu\/WP\/wp-json\/wp\/v2\/types\/post"}],"author":[{"embeddable":true,"href":"https:\/\/beuel-mirecourt.eu\/WP\/wp-json\/wp\/v2\/users\/2"}],"replies":[{"embeddable":true,"href":"https:\/\/beuel-mirecourt.eu\/WP\/wp-json\/wp\/v2\/comments?post=898"}],"version-history":[{"count":7,"href":"https:\/\/beuel-mirecourt.eu\/WP\/wp-json\/wp\/v2\/posts\/898\/revisions"}],"predecessor-version":[{"id":938,"href":"https:\/\/beuel-mirecourt.eu\/WP\/wp-json\/wp\/v2\/posts\/898\/revisions\/938"}],"wp:attachment":[{"href":"https:\/\/beuel-mirecourt.eu\/WP\/wp-json\/wp\/v2\/media?parent=898"}],"wp:term":[{"taxonomy":"category","embeddable":true,"href":"https:\/\/beuel-mirecourt.eu\/WP\/wp-json\/wp\/v2\/categories?post=898"},{"taxonomy":"post_tag","embeddable":true,"href":"https:\/\/beuel-mirecourt.eu\/WP\/wp-json\/wp\/v2\/tags?post=898"}],"curies":[{"name":"wp","href":"https:\/\/api.w.org\/{rel}","templated":true}]}}