{"id":912,"date":"2020-12-05T20:45:47","date_gmt":"2020-12-05T19:45:47","guid":{"rendered":"https:\/\/beuel-mirecourt.eu\/WP\/?p=912"},"modified":"2021-01-10T17:38:47","modified_gmt":"2021-01-10T16:38:47","slug":"pain-de-fruits","status":"publish","type":"post","link":"https:\/\/beuel-mirecourt.eu\/WP\/fr\/pain-de-fruits\/","title":{"rendered":"Pain de fruits"},"content":{"rendered":"\t\t<div data-elementor-type=\"wp-post\" data-elementor-id=\"912\" class=\"elementor elementor-912\" data-elementor-post-type=\"post\">\n\t\t\t\t\t\t<section class=\"elementor-section elementor-top-section elementor-element elementor-element-9c6e2f4 elementor-section-boxed elementor-section-height-default elementor-section-height-default\" data-id=\"9c6e2f4\" data-element_type=\"section\">\n\t\t\t\t\t\t<div class=\"elementor-container elementor-column-gap-default\">\n\t\t\t\t\t<div class=\"elementor-column elementor-col-100 elementor-top-column elementor-element elementor-element-535b116\" data-id=\"535b116\" data-element_type=\"column\">\n\t\t\t<div class=\"elementor-widget-wrap elementor-element-populated\">\n\t\t\t\t\t\t<div class=\"elementor-element elementor-element-c81e940 elementor-widget elementor-widget-text-editor\" data-id=\"c81e940\" data-element_type=\"widget\" data-widget_type=\"text-editor.default\">\n\t\t\t\t<div class=\"elementor-widget-container\">\n\t\t\t\t\t\t\t\t\t<p>Pain de fruits d&#8217;Ursula Becker<\/p>\t\t\t\t\t\t\t\t<\/div>\n\t\t\t\t<\/div>\n\t\t\t\t\t<\/div>\n\t\t<\/div>\n\t\t\t\t\t<\/div>\n\t\t<\/section>\n\t\t\t\t<section class=\"elementor-section elementor-top-section elementor-element elementor-element-f1a8eed elementor-section-boxed elementor-section-height-default elementor-section-height-default\" data-id=\"f1a8eed\" data-element_type=\"section\">\n\t\t\t\t\t\t<div class=\"elementor-container elementor-column-gap-default\">\n\t\t\t\t\t<div class=\"elementor-column elementor-col-100 elementor-top-column elementor-element elementor-element-96b3df5\" data-id=\"96b3df5\" data-element_type=\"column\">\n\t\t\t<div class=\"elementor-widget-wrap elementor-element-populated\">\n\t\t\t\t\t\t<div class=\"elementor-element elementor-element-c2c56ac elementor-widget elementor-widget-image\" data-id=\"c2c56ac\" data-element_type=\"widget\" data-widget_type=\"image.default\">\n\t\t\t\t<div class=\"elementor-widget-container\">\n\t\t\t\t\t\t\t\t\t\t\t\t\t\t\t<img fetchpriority=\"high\" decoding=\"async\" width=\"768\" height=\"512\" src=\"https:\/\/beuel-mirecourt.eu\/WP\/wp-content\/uploads\/2020\/12\/DSC06731-1-768x512.jpg\" class=\"attachment-medium_large size-medium_large wp-image-931\" alt=\"\" srcset=\"https:\/\/beuel-mirecourt.eu\/WP\/wp-content\/uploads\/2020\/12\/DSC06731-1-768x512.jpg 768w, https:\/\/beuel-mirecourt.eu\/WP\/wp-content\/uploads\/2020\/12\/DSC06731-1-300x200.jpg 300w, https:\/\/beuel-mirecourt.eu\/WP\/wp-content\/uploads\/2020\/12\/DSC06731-1-1024x683.jpg 1024w, https:\/\/beuel-mirecourt.eu\/WP\/wp-content\/uploads\/2020\/12\/DSC06731-1-391x260.jpg 391w, https:\/\/beuel-mirecourt.eu\/WP\/wp-content\/uploads\/2020\/12\/DSC06731-1-1536x1024.jpg 1536w, https:\/\/beuel-mirecourt.eu\/WP\/wp-content\/uploads\/2020\/12\/DSC06731-1-2048x1365.jpg 2048w\" sizes=\"(max-width: 768px) 100vw, 768px\" \/>\t\t\t\t\t\t\t\t\t\t\t\t\t\t\t<\/div>\n\t\t\t\t<\/div>\n\t\t\t\t<div class=\"elementor-element elementor-element-5cfa6e7 elementor-widget elementor-widget-text-editor\" data-id=\"5cfa6e7\" data-element_type=\"widget\" data-widget_type=\"text-editor.default\">\n\t\t\t\t<div class=\"elementor-widget-container\">\n\t\t\t\t\t\t\t\t\t<p>Pain de fruits d\u2018Ursula Becker<\/p><p>3 \u0153ufs, 125 gr de sucre, 125g d\u2019amandes \u00e9pluch\u00e9es, 125 gr de graines de noisettes, 125 gr de dattes, 125 gr de figues, 250gr raisins, 125 gr de farine, \u00bd cuilli\u00e8re de th\u00e9 de cannelle, 1\/2 sachet de levure en poudre<\/p><p>M\u00e9langer les \u0153ufs avec le sucre. Ajouter les amandes, les grains de noisettes et les dattes et puis les raisins, les figues hach\u00e9es et la farine sass\u00e9es avec le levure.Mettez la p\u00e2te dans le moule \u00e0 g\u00e2teau graiss\u00e9 (pas ronde).<\/p><p>Temps de cuisson: 55 \u2013 60 mn<\/p><p>T\u00e9mp\u00e9rature: 160 \u2013 175 degr\u00e9s<\/p><p>Bon ap\u00e9tit!<\/p>\t\t\t\t\t\t\t\t<\/div>\n\t\t\t\t<\/div>\n\t\t\t\t<div class=\"elementor-element elementor-element-c8f6fc7 elementor-widget elementor-widget-image\" data-id=\"c8f6fc7\" data-element_type=\"widget\" data-widget_type=\"image.default\">\n\t\t\t\t<div class=\"elementor-widget-container\">\n\t\t\t\t\t\t\t\t\t\t\t\t\t\t\t<img decoding=\"async\" width=\"215\" height=\"300\" src=\"https:\/\/beuel-mirecourt.eu\/WP\/wp-content\/uploads\/2020\/12\/Fruechtebrot_ursula_1-3-215x300.jpg\" class=\"attachment-medium size-medium wp-image-932\" alt=\"\" srcset=\"https:\/\/beuel-mirecourt.eu\/WP\/wp-content\/uploads\/2020\/12\/Fruechtebrot_ursula_1-3-215x300.jpg 215w, https:\/\/beuel-mirecourt.eu\/WP\/wp-content\/uploads\/2020\/12\/Fruechtebrot_ursula_1-3-734x1024.jpg 734w, https:\/\/beuel-mirecourt.eu\/WP\/wp-content\/uploads\/2020\/12\/Fruechtebrot_ursula_1-3-768x1072.jpg 768w, https:\/\/beuel-mirecourt.eu\/WP\/wp-content\/uploads\/2020\/12\/Fruechtebrot_ursula_1-3-1101x1536.jpg 1101w, https:\/\/beuel-mirecourt.eu\/WP\/wp-content\/uploads\/2020\/12\/Fruechtebrot_ursula_1-3.jpg 1332w\" sizes=\"(max-width: 215px) 100vw, 215px\" \/>\t\t\t\t\t\t\t\t\t\t\t\t\t\t\t<\/div>\n\t\t\t\t<\/div>\n\t\t\t\t\t<\/div>\n\t\t<\/div>\n\t\t\t\t\t<\/div>\n\t\t<\/section>\n\t\t\t\t<\/div>\n\t\t","protected":false},"excerpt":{"rendered":"<p>Pain de fruits d&#8217;Ursula Becker Pain de fruits d\u2018Ursula Becker 3 \u0153ufs, 125 gr de sucre, 125g d\u2019amandes \u00e9pluch\u00e9es, 125 gr de graines de noisettes, 125 gr de dattes, 125 gr de figues, 250gr raisins, 125 gr de farine, \u00bd cuilli\u00e8re de th\u00e9 de cannelle, 1\/2 sachet de levure en poudre M\u00e9langer les \u0153ufs avec [&hellip;]<\/p>\n","protected":false},"author":2,"featured_media":0,"comment_status":"closed","ping_status":"open","sticky":false,"template":"","format":"standard","meta":{"footnotes":""},"categories":[54],"tags":[],"class_list":["post-912","post","type-post","status-publish","format-standard","hentry","category-recettes"],"_links":{"self":[{"href":"https:\/\/beuel-mirecourt.eu\/WP\/wp-json\/wp\/v2\/posts\/912","targetHints":{"allow":["GET"]}}],"collection":[{"href":"https:\/\/beuel-mirecourt.eu\/WP\/wp-json\/wp\/v2\/posts"}],"about":[{"href":"https:\/\/beuel-mirecourt.eu\/WP\/wp-json\/wp\/v2\/types\/post"}],"author":[{"embeddable":true,"href":"https:\/\/beuel-mirecourt.eu\/WP\/wp-json\/wp\/v2\/users\/2"}],"replies":[{"embeddable":true,"href":"https:\/\/beuel-mirecourt.eu\/WP\/wp-json\/wp\/v2\/comments?post=912"}],"version-history":[{"count":5,"href":"https:\/\/beuel-mirecourt.eu\/WP\/wp-json\/wp\/v2\/posts\/912\/revisions"}],"predecessor-version":[{"id":933,"href":"https:\/\/beuel-mirecourt.eu\/WP\/wp-json\/wp\/v2\/posts\/912\/revisions\/933"}],"wp:attachment":[{"href":"https:\/\/beuel-mirecourt.eu\/WP\/wp-json\/wp\/v2\/media?parent=912"}],"wp:term":[{"taxonomy":"category","embeddable":true,"href":"https:\/\/beuel-mirecourt.eu\/WP\/wp-json\/wp\/v2\/categories?post=912"},{"taxonomy":"post_tag","embeddable":true,"href":"https:\/\/beuel-mirecourt.eu\/WP\/wp-json\/wp\/v2\/tags?post=912"}],"curies":[{"name":"wp","href":"https:\/\/api.w.org\/{rel}","templated":true}]}}